{"id":592392,"date":"2025-12-11T08:15:24","date_gmt":"2025-12-11T08:15:24","guid":{"rendered":"https:\/\/www.europesays.com\/fr\/592392\/"},"modified":"2025-12-11T08:15:24","modified_gmt":"2025-12-11T08:15:24","slug":"pres-de-nice-un-gigantesque-incendie-detruit-tout-sur-son-passage-les-images-impressionnantes","status":"publish","type":"post","link":"https:\/\/www.europesays.com\/fr\/592392\/","title":{"rendered":"Pr\u00e8s de Nice. Un gigantesque incendie d\u00e9truit tout sur son passage, les images impressionnantes"},"content":{"rendered":"<p>                    Par<br \/>\n        <strong><br \/>\n            <a href=\"https:\/\/actu.fr\/auteur\/ugo-maillard\" title=\"Consulter tous les articles de Ugo Maillard\" target=\"_blank\" rel=\"noopener\">Ugo Maillard<\/a><br \/>\n                    <\/strong><\/p>\n<p>        Publi\u00e9 le<\/p>\n<p>            11 d\u00e9c. 2025 \u00e0 9h05        <\/p>\n<p>Le feu \u00e9tait visible \u00e0 plusieurs kilom\u00e8tres. Dans la nuit du mercredi\u00a010 au jeudi 11\u00a0d\u00e9cembre 2025, un <a href=\"https:\/\/actu.fr\/tag\/incendie\" target=\"_blank\" rel=\"noopener\">incendie<\/a> s\u2019est d\u00e9clar\u00e9 dans une <strong>casse automobile<\/strong>, situ\u00e9e au niveau du chemin de la Campanette, \u00e0 Cagnes-sur-Mer (<a href=\"https:\/\/actu.fr\/provence-alpes-cote-d-azur\/alpes-maritimes_06\" target=\"_blank\" rel=\"noopener\">Alpes-Maritimes<\/a>).<\/p>\n<p>    <a href=\"https:\/\/www.google.com\/maps\/embed?pb=!1m18!1m12!1m3!1d23596.404938633932!2d7.180028805895996!3d43.678608312919756!2m3!1f0!2f0!3f0!3m2!1i1024!2i768!4f13.1!3m3!1m2!1s0x12cdd3cc5d390961%3A0x77773abd94809ee0!2sChem.%20de%20la%20Campanette%2C%2006800%20Cagnes-sur-Mer!5e0!3m2!1sfr!2sfr!4v1765439918751!5m2!1sfr!2sfr\" title=\"Ouvrie le lien\" target=\"_blank\" rel=\"noopener\">Cliquez ici pour visualiser le contenu<\/a><\/p>\n<p class=\" wall-content\">Les<a href=\"https:\/\/actu.fr\/tag\/pompiers\" target=\"_blank\" rel=\"noopener\"> sapeurs-pompiers<\/a> ont \u00e9t\u00e9 mobilis\u00e9s aux alentours de 23h30. \u00c0 leur arriv\u00e9e, ils ont fait face \u00e0 de nombreux v\u00e9hicules totalement embras\u00e9s.<\/p>\n<p class=\" wall-content\">\n<p class=\" wall-content\">Selon le bilan du Service d\u00e9partemental d\u2019incendie et de secours communiqu\u00e9 \u00e0 <a href=\"https:\/\/actu.fr\/nice\/\" target=\"_blank\" rel=\"noopener\">actu Nice<\/a>, <strong>aucune victime n\u2019est \u00e0 d\u00e9plorer<\/strong>.<\/p>\n<p>Pr\u00e8s de 60 v\u00e9hicules d\u00e9truits<\/p>\n<p class=\" wall-content\">Trois lances \u00e0 eau ont \u00e9t\u00e9 d\u00e9ploy\u00e9es pour limiter la propagation des flammes, notamment pour prot\u00e9ger le b\u00e2timent. Apr\u00e8s deux heures de lutte contre l\u2019incendie, les soldats du feu sont venus \u00e0 bout des flammes.<\/p>\n<p>    <img   decoding=\"async\" loading=\"lazy\" src=\"https:\/\/www.europesays.com\/fr\/wp-content\/uploads\/2025\/12\/incendie-casse-cagnes-960x640.png\" alt=\"Une soixantaine de v\u00e9hicules a \u00e9t\u00e9 d\u00e9truite.\" width=\"960\" height=\"640\"\/><br \/>\n    Une soixantaine de v\u00e9hicules a \u00e9t\u00e9 d\u00e9truite. (\u00a9C.SARTOR \/ SDIS06)<\/p>\n<p class=\" wall-content\">Si les pompiers sont parvenus \u00e0 \u00e9pargner le b\u00e2timent, pr\u00e8s d\u2019une <strong>soixantaine de v\u00e9hicules a \u00e9t\u00e9 d\u00e9truite<\/strong> et une dizaine endommag\u00e9e.<\/p>\n<p>Votre r\u00e9gion, votre actu !<\/p>\n<p>Recevez chaque jour les infos qui comptent pour vous.<\/p>\n<p>\t<a href=\"https:\/\/actu.fr\/newsletter\" class=\"ac-btn ac-btn--corner ac-btn--medium ac-btn--blue800\" target=\"_blank\" rel=\"noopener\">S&rsquo;incrire<\/a><\/p>\n<p class=\" wall-content\">Au total, cette intervention a mobilis\u00e9 plus d\u2019une soixantaine de sapeurs-pompiers.<\/p>\n<p class=\" wall-content\">Personnalisez votre actualit\u00e9 en ajoutant vos villes et m\u00e9dias en favori avec <a href=\"https:\/\/moncompte.actu.fr\" title=\"D\u00e9couvez Mon Actu\" rel=\"nofollow noopener\" data-trk=\"{&quot;cta&quot;:{&quot;action&quot;:&quot;https:\\\/\\\/moncompte.actu.fr&quot;,&quot;category&quot;:&quot;mon compte&quot;,&quot;from&quot;:&quot;article footer&quot;,&quot;name&quot;:&quot;Mon actu&quot;,&quot;type&quot;:&quot;cta&quot;}}\" target=\"_blank\">Mon Actu<\/a>.<\/p>\n","protected":false},"excerpt":{"rendered":"Par Ugo Maillard Publi\u00e9 le 11 d\u00e9c. 2025 \u00e0 9h05 Le feu \u00e9tait visible \u00e0 plusieurs kilom\u00e8tres. Dans&hellip;\n","protected":false},"author":2,"featured_media":592393,"comment_status":"","ping_status":"","sticky":false,"template":"","format":"standard","meta":{"footnotes":""},"categories":[2819],"tags":[1111,11,1777,674,118,1011,27,1310,12,2401,1311,882,25],"class_list":{"0":"post-592392","1":"post","2":"type-post","3":"status-publish","4":"format-standard","5":"has-post-thumbnail","7":"category-nice","8":"tag-actu","9":"tag-actualites","10":"tag-eu","11":"tag-europe","12":"tag-faits-divers","13":"tag-fr","14":"tag-france","15":"tag-incendie","16":"tag-news","17":"tag-nice","18":"tag-pompiers","19":"tag-provence-alpes-cote-dazur","20":"tag-republique-francaise"},"share_on_mastodon":{"url":"https:\/\/pubeurope.com\/@fr\/115699943112461092","error":""},"_links":{"self":[{"href":"https:\/\/www.europesays.com\/fr\/wp-json\/wp\/v2\/posts\/592392","targetHints":{"allow":["GET"]}}],"collection":[{"href":"https:\/\/www.europesays.com\/fr\/wp-json\/wp\/v2\/posts"}],"about":[{"href":"https:\/\/www.europesays.com\/fr\/wp-json\/wp\/v2\/types\/post"}],"author":[{"embeddable":true,"href":"https:\/\/www.europesays.com\/fr\/wp-json\/wp\/v2\/users\/2"}],"replies":[{"embeddable":true,"href":"https:\/\/www.europesays.com\/fr\/wp-json\/wp\/v2\/comments?post=592392"}],"version-history":[{"count":0,"href":"https:\/\/www.europesays.com\/fr\/wp-json\/wp\/v2\/posts\/592392\/revisions"}],"wp:featuredmedia":[{"embeddable":true,"href":"https:\/\/www.europesays.com\/fr\/wp-json\/wp\/v2\/media\/592393"}],"wp:attachment":[{"href":"https:\/\/www.europesays.com\/fr\/wp-json\/wp\/v2\/media?parent=592392"}],"wp:term":[{"taxonomy":"category","embeddable":true,"href":"https:\/\/www.europesays.com\/fr\/wp-json\/wp\/v2\/categories?post=592392"},{"taxonomy":"post_tag","embeddable":true,"href":"https:\/\/www.europesays.com\/fr\/wp-json\/wp\/v2\/tags?post=592392"}],"curies":[{"name":"wp","href":"https:\/\/api.w.org\/{rel}","templated":true}]}}