{"id":592394,"date":"2025-12-11T08:17:16","date_gmt":"2025-12-11T08:17:16","guid":{"rendered":"https:\/\/www.europesays.com\/fr\/592394\/"},"modified":"2025-12-11T08:17:16","modified_gmt":"2025-12-11T08:17:16","slug":"en-proie-aux-difficultes-laide-alimentaire-nantaise-vacille","status":"publish","type":"post","link":"https:\/\/www.europesays.com\/fr\/592394\/","title":{"rendered":"En proie aux difficult\u00e9s, l\u2019aide alimentaire nantaise vacille"},"content":{"rendered":"<p>Chaque soir, devant le local de distribution de Tinhi Kmou, sur l\u2019\u00eele de Nantes, une longue file se forme. Chacun vient remplir son cabas de fruits et l\u00e9gumes provenant de march\u00e9s, supermarch\u00e9s ou grossistes de l\u2019agglom\u00e9ration nantaise. Une distribution gratuite qui, malheureusement, ne d\u00e9semplit pas. L\u2019association nantaise a recens\u00e9 le passage moyen de 90 foyers par jour en 2024 et 587 tonnes de produits sauv\u00e9s des poubelles.\u00a0<\/p>\n<p>\u00ab\u202fNous avons des gens qui viennent depuis Ch\u00e2teaubriant pour remplir leur frigo\u202f\u00bb, t\u00e9moigne Alain Taha, l\u2019embl\u00e9matique fondateur ivoirien du lieu, <a href=\"https:\/\/actu.fr\/pays-de-la-loire\/nantes_44109\/a-nantes-ils-glanent-sur-les-marches-pour-lutter-contre-le-gaspillage-alimentaire_48338454.html\" target=\"_blank\" rel=\"noopener\">en 2019<\/a>. \u00c0 l\u2019image de Tinhi Kmou, de nombreuses associations nantaises ont vu la demande d\u00e9cupler avec la crise sanitaire sans baisser depuis. \u00c0 Nantes, on recense d\u00e9sormais 34 associations locales habilit\u00e9es au don alimentaire par la pr\u00e9fecture et qui distribuent des denr\u00e9es, selon un recoupement de Mediacit\u00e9s. La plupart reposent en grande partie sur le b\u00e9n\u00e9volat, m\u00e2tin\u00e9 d\u2019un peu de salariat.<\/p>\n<p><a href=\"https:\/\/www.dailymotion.com\/video\/x9m9u46\" target=\"_blank\" rel=\"noopener\">Le March\u00e9 alternatif de Bellevue<\/a> (MAB) nourrit ainsi 200 familles par semaine. Les structures \u00e9tudiantes Cop1 et la Suprenante \u00e9picerie proposent quant \u00e0 elles respectivement 200 et 100 paniers par semaine pour ce public particuli\u00e8rement pr\u00e9caire. \u00ab\u202fNous ouvrons les r\u00e9servations en ligne le dimanche soir et en 10 minutes tout est parti\u202f\u00bb, indique \u00c9louan Fleury, \u00e9tudiant en arch\u00e9ologie \u00e0 Nantes Universit\u00e9 et copr\u00e9sident <a href=\"https:\/\/www.lavie.fr\/actualite\/societe\/nous-ne-devrions-pas-exister-cop1-lassociation-qui-vient-en-aide-aux-etudiants-precaires-102007.php\" target=\"_blank\" rel=\"noopener\">de Cop1<\/a>.\u00a0<\/p>\n<blockquote class=\"wp-embedded-content\" data-secret=\"bejrFbtXla\">\n<p><a href=\"https:\/\/www.mediacites.fr\/solutions\/nantes\/2025\/10\/30\/la-caisse-sociale-alimentaire-a-nantes-vraie-innovation-ou-mesure-trop-couteuse\/\" target=\"_blank\" rel=\"noopener\">La caisse sociale alimentaire \u00e0 Nantes\u00a0: vraie innovation ou mesure trop co\u00fbteuse\u202f?<\/a><\/p>\n<\/blockquote>\n<p><b>+10% de b\u00e9n\u00e9ficiaires par\u00a0an<\/b><\/p>\n<p>Les acteurs nationaux historiques de l\u2019aide alimentaire, qui sont <a href=\"#annexe-0\" class=\"annexe-link\" data-refers-to=\"0\">neuf<\/a> \u00e0 disposer d\u2019antennes \u00e0 Nantes, constatent un afflux analogue. Les Restos du c\u0153ur ont enregistr\u00e9 23 000 b\u00e9n\u00e9ficiaires en 2024 sur le d\u00e9partement, un chiffre en hausse de 10 % sur un an. \u00c0 Nantes, les Restos ouvrent une nouvelle distribution \u00e0 Bellevue pour d\u00e9sengorger celles du quartier de la gare et de Saint\u2010Herblain.\u00a0<\/p>\n<p>Pour les Banques alimentaires de Loire\u2010Atlantique (12 salari\u00e9s), cette hausse se chiffre presque du simple au double en quatre ans. \u00ab\u202fNous avons atteint 32 800 b\u00e9n\u00e9ficiaires en 2024 contre 17 500 en 2021\u202f\u00bb, note Jean\u2010Robert Leconte, pr\u00e9sident de la structure. En tout, Mediacit\u00e9s a recens\u00e9 une soixantaine de lieux de distribution dans l\u2019agglom\u00e9ration nantaise [voir cartographie ci\u2010dessous].<\/p>\n<p>Alors que les b\u00e9n\u00e9ficiaires sont de plus en plus nombreux, les associations doivent par ailleurs faire face \u00e0 des dons alimentaires en recul et moins qualitatifs. Un effet secondaire de la loi Garot <a href=\"#annexe-1\" class=\"annexe-link\" data-refers-to=\"1\">vot\u00e9e en 2016<\/a>\u00a0et d\u00e9di\u00e9e \u00e0 la lutte contre le gaspillage alimentaire. En substance, elle interdit la destruction de denr\u00e9es consommables par les magasins et encourage dans cet ordre\u00a0: la pr\u00e9vention du gaspillage et le don aux associations.\u00a0<\/p>\n<p>Sur le terrain, elle se traduit par l\u2019apparition dans de nombreux magasins des frigos \u00ab\u202fdates courtes\u202f\u00bb ou \u00ab\u202fantigaspi\u202f\u00bb qui proposent \u00e0 prix r\u00e9duit les produits proches de la date limite de consommation. \u00ab\u202fNous avons vu arriver des prestataires de services qui organisent la gestion des invendus dans les grandes surfaces, tout en prenant leur commission au passage. Pour nous, cela a entra\u00een\u00e9 une baisse importante des dons\u202f\u00bb, regrette Jean\u2010Robert Leconte.<\/p>\n<p><img loading=\"lazy\" decoding=\"async\" class=\"size-medium wp-image-424090\" src=\"https:\/\/www.europesays.com\/fr\/wp-content\/uploads\/2025\/12\/IMG_8649-600x400.jpg\" alt=\"\" width=\"600\" height=\"400\"  \/>Tri de denr\u00e9es par les Banques alimentaires \u00e0 leur si\u00e8ge de Saint\u2010Aignan de Grand Lieu. Photo\u00a0: Tanguy Dhelin \/ Mediacit\u00e9s<\/p>\n<p>Un constat que mod\u00e8re Ph\u00e9nix, l\u2019une de ces entreprises sp\u00e9cialis\u00e9es dans la gestion des invendus (on peut aussi citer <a href=\"https:\/\/bigmedia.bpifrance.fr\/nos-actualites\/5-startups-qui-luttent-contre-le-gaspillage-alimentaire\" target=\"_blank\" rel=\"noopener\">Comerco ou Pimpup<\/a>), qui intervient dans 30 magasins de la m\u00e9tropole. \u00ab\u202fLe constat est vrai, il y a moins de dons de produits en date longue. Mais, il y a un amalgame sur la cause. Les magasins pr\u00e9f\u00e8rent vendre que donner, et ce, de mani\u00e8re ind\u00e9pendante de notre action\u202f\u00bb, assure Franck Marchand, chef des op\u00e9rations au sein de Ph\u00e9nix.<\/p>\n<p>Il estime que les d\u00e9cennies d\u2019opulence de dons qu\u2019ont pu conna\u00eetre les grands r\u00e9seaux associatifs sont r\u00e9volues. \u00ab\u202fApr\u00e8s avoir travers\u00e9 plusieurs crises, \u201cl\u2019antigaspi\u201d dans la distribution passe d\u2019abord par la gestion des commandes pour limiter le don et les produits jet\u00e9s\u202f\u00bb, rench\u00e9rit\u2010il. Odile Brousse, pr\u00e9sidente de l\u2019association Le Comptoir des Alouettes, <a href=\"https:\/\/www.francebleu.fr\/emissions\/les-autres-possibles\/le-comptoir-aux-alouettes-a-nantes-2067136\" target=\"_blank\" rel=\"noopener\">\u00e0 Chantenay<\/a>, formule un avis encore plus tranch\u00e9. \u00ab\u202fEn r\u00e9cup\u00e9rant les invendus, nous alimentons le syst\u00e8me. C\u2019est une hypocrisie de dire que nous luttons contre le gaspillage alimentaire. Il faut plus de pr\u00e9vention, pour \u00e9viter ce gaspillage.\u202f\u00bb<\/p>\n<p><b>Les magasins d\u00e9fiscalisent, le contribuable paie<\/b><\/p>\n<p>Sur le volet \u00e9conomique, la loi Garot pr\u00e9voit aussi, lors d\u2019un don, une d\u00e9fiscalisation \u00e0 hauteur de <a href=\"https:\/\/www.nouvelobs.com\/societe\/20160205.OBS4091\/gaspillage-dans-les-supermarches-qui-sont-les-bons-et-les-mauvais-eleves.html\" target=\"_blank\" rel=\"noopener\">60\u00a0% du prix du produit pour le magasin<\/a>. L\u2019id\u00e9e est d\u2019encourager les enseignes \u00e0 donner. L\u2019association nantaise Tinhi Kmou a ainsi permis \u00e0 ses partenaires locaux, grossistes, grandes et moyennes surfaces, de d\u00e9fiscaliser pr\u00e8s de 1,7 million d\u2019euros en\u00a02024.<\/p>\n<p>Concr\u00e8tement, ce dispositif se r\u00e9v\u00e8le tr\u00e8s pernicieux. Les associations r\u00e9cup\u00e8rent r\u00e9guli\u00e8rement des produits dont les dates sont d\u00e9j\u00e0 d\u00e9pass\u00e9es et qui seront tout de m\u00eame d\u00e9fiscalis\u00e9s. M\u00eame constat pour les fruits et l\u00e9gumes qui partent directement \u00e0 la poubelle, tant leur aspect est peu app\u00e9tissant. \u00ab\u202fNous avons r\u00e9cemment d\u00e9cid\u00e9 d\u2019\u00eatre toujours \u00e0 deux pour la ramasse dans les magasins. Une personne qui charge et l\u2019autre qui v\u00e9rifie les dates\u202f\u00bb, rapporte Odile Brousse.<\/p>\n<p>C\u00f4t\u00e9 chiffres, Nantes M\u00e9tropole a financ\u00e9 l\u2019envoi dans les fili\u00e8res de traitement des d\u00e9chets organiques de 109 tonnes de restes alimentaires en provenance d\u2019associations caritatives, de mars \u00e0 juillet 2025. Sans pr\u00e9ciser \u00e0 Mediacit\u00e9s le co\u00fbt engendr\u00e9. Rien que pour les banques alimentaires, Jean\u2010Robert Leconte estime \u00e0 150 tonnes par an les volumes pris en charge par la M\u00e9tropole.<\/p>\n<p>\u00ab\u202fNous avons d\u00e9cid\u00e9 d\u2019exclure ces denr\u00e9es de la d\u00e9fiscalisation. Nous pesons tout et nous ne d\u00e9clarons que ce qui a \u00e9t\u00e9 redistribu\u00e9. Mais je pense que nous sommes la seule association \u00e0 le faire dans le d\u00e9partement\u202f\u00bb, regrette\u2010t\u2010il, alors que par ailleurs le soutien financier de l\u2019\u00c9tat a connu un trou d\u2019air cette ann\u00e9e [lire encadr\u00e9].\u00a0<\/p>\n<p><b>Le yoyo des subventions de l\u2019\u00c9tat<\/b><\/p>\n<p>Au moment du Covid\u201019, l\u2019\u00c9tat a d\u00e9bloqu\u00e9 des fonds afin que les associations d\u2019aides alimentaires puissent acheter des produits en compl\u00e9ment des dons. Ces subventions ont \u00e9t\u00e9 renouvel\u00e9es au fil des ans, face \u00e0 l\u2019afflux de demandeurs. Mais, en juin 2025, les Banques alimentaires de Loire\u2010Atlantique ont appris qu\u2019elles passaient de 356 700 \u00e0 42 000 euros de subvention pour l\u2019ann\u00e9e en cours \u2013 sur un budget annuel de 2 millions d\u2019euros.<\/p>\n<p>Ces arbitrages r\u00e9alis\u00e9s par les services de l\u2019\u00c9tat en r\u00e9gion restent obscurs. \u00ab\u202fIl y a s\u00fbrement une cl\u00e9 de r\u00e9partition, mais je ne la connais pas\u202f\u00bb, s\u2019interroge Jean\u2010Robert Leconte, leur pr\u00e9sident. Interrog\u00e9e par Mediacit\u00e9s, la pr\u00e9fecture indique simplement que \u00ab\u202fles aides de l\u2019\u00c9tat aux associations sont r\u00e9parties par les directions d\u00e9partementales de l\u2019emploi, du travail et des solidarit\u00e9s, apr\u00e8s des \u00e9changes \u2013 dialogues de gestion \u2013 avec chacune d\u2019entre elles\u202f\u00bb.<\/p>\n<p>Les subventions aux Banques alimentaires dans le d\u00e9partement ont finalement \u00e9t\u00e9 r\u00e9\u00e9valu\u00e9es \u00e0 la hausse en octobre dernier. \u00ab\u202fC\u2019est une consigne qui venait du national, car nous avons fait du bruit\u202f\u00bb, estime Jean\u2010Robert Leconte. Cependant, la suppression des 90 000 euros de subventions destin\u00e9es aux \u00e9tudiants dans le besoin a \u00e9t\u00e9 maintenue. \u00ab\u202fNous avons vu nos dons en provenance des banques alimentaires diminuer de 700 \u00e0 200 kilos par semaine\u202f\u00bb, constate am\u00e8rement \u00c9louan Fleury de l\u2019association Cop1.<\/p>\n<p>Parmi les grandes enseignes, une se distinguerait comme mauvais \u00e9l\u00e8ve de la qualit\u00e9 du don, selon les acteurs associatifs. \u00ab\u202fOn ne collecte plus au Carrefour Beaujoire. Je pr\u00e9f\u00e8re faire le d\u00e9placement pour r\u00e9cup\u00e9rer les invendus au Leclerc d\u2019Ancenis\u202f\u00bb, t\u00e9moigne ainsi Jo\u00ebl Toll\u00e9 du MAB. Les banques alimentaires ont elles aussi jet\u00e9 l\u2019\u00e9ponge. \u00ab\u202fJ\u2019ai dit stop quand je suis arriv\u00e9 \u00e0 la pr\u00e9sidence. Nous ne sommes pas l\u00e0 pour servir de poubelle\u202f\u00bb, regrette Jean\u2010Robert Leconte. Sollicit\u00e9e par Mediacit\u00e9s, la direction de Carrefour Beaujoire est rest\u00e9e muette.<\/p>\n<p>Dans des situations d\u2019impasse, certains acteurs de l\u2019aide alimentaire passent outre les dates indiqu\u00e9es sur les produits, comme nous avons pu le constater. Ils pr\u00e9f\u00e8rent co\u00fbte que co\u00fbte distribuer aux b\u00e9n\u00e9ficiaires les produits ramass\u00e9s.<\/p>\n<p>\u00ab\u202fNous faisons attention sur les produits sensibles tels que la viande ou le poisson, mais sur des yaourts, c\u2019est pas possible de les jeter\u202f! \u00bb, s\u2019insurge l\u2019un d\u2019eux, sous couvert d\u2019anonymat. Un jeu dangereux. En cas de contr\u00f4le et de constat de manquement grave \u00e0 la s\u00e9curit\u00e9 sanitaire, la structure peut se voir suspendre, voir retirer son <a href=\"#annexe-2\" class=\"annexe-link\" data-refers-to=\"2\">habilitation<\/a> par les services de l\u2019\u00c9tat.\u00a0\u00a0\u00a0\u00a0\u00a0\u00a0\u00a0\u00a0\u00a0\u00a0\u00a0\u00a0\u00a0<\/p>\n<p>Certaines associations soulignent le r\u00f4le positif des interm\u00e9diaires de gestion, tels que Ph\u00e9nix, dans cette situation. \u00ab\u202fOn voit vraiment une diff\u00e9rence de qualit\u00e9 des dons dans les magasins suivis par ces entreprises. Ils ne nous donnent jamais de date du jour que nous ne pourrions pas redistribuer\u202f\u00bb, se f\u00e9licite Odile Brousse, du Comptoir des Alouettes.\u00a0<\/p>\n<blockquote class=\"wp-embedded-content\" data-secret=\"d4KSA8IhhY\">\n<p><a href=\"https:\/\/www.mediacites.fr\/enquete\/nantes\/2021\/10\/14\/alimentation-bio-locale-et-de-saison-a-nantes-la-nouvelle-lutte-des-classes\/\" target=\"_blank\" rel=\"noopener\">Alimentation bio, locale et de saison \u00e0 Nantes\u00a0: la nouvelle lutte des classes\u202f?<\/a><\/p>\n<\/blockquote>\n<p><b>Concurrence de collecte entre associations<\/b><\/p>\n<p>Confront\u00e9s \u00e0 la fois \u00e0 la hausse du nombre de b\u00e9n\u00e9ficiaires et \u00e0 la baisse des dons, les dizaines d\u2019acteurs associatifs nantais de l\u2019aide alimentaire entrent parfois en concurrence. \u00ab\u202fLes gens pr\u00e9f\u00e8rent venir chez nous plut\u00f4t que dans les \u00e9piceries solidaires car ils n\u2019ont qu\u2019un euro symbolique \u00e0 payer pour 60 kilos de nourriture. \u00c7a peut d\u00e9ranger. Certaines essaient de nous mettre des b\u00e2tons dans les roues et de nous discr\u00e9diter\u202f\u00bb, constate Alain Taha, de Tinhi Kmou, sur l\u2019\u00eele de Nantes.\u00a0<\/p>\n<p>De leur c\u00f4t\u00e9, les Banques alimentaires pointent du doigt une vision trop individualiste d\u2019autres associations qui r\u00e9cup\u00e8rent les dates du jour en magasin et mettent en p\u00e9ril l\u2019ensemble des acteurs qui \u0153uvrent pour collecter des dates plus longues. D\u2019une mani\u00e8re g\u00e9n\u00e9rale, Jean\u2010Robert Leconte estime qu\u2019il y a trop d\u2019associations de distribution en Loire\u2010Atlantique. Les banques alimentaires en approvisionnent 57 sur la seule m\u00e9tropole nantaise.\u00a0<\/p>\n<p><img loading=\"lazy\" decoding=\"async\" class=\"size-medium wp-image-424108\" src=\"https:\/\/www.europesays.com\/fr\/wp-content\/uploads\/2025\/12\/P1180666-599x400.jpg\" alt=\"\" width=\"599\" height=\"400\"  \/>Dans le local de l\u2019association Tinhi Kmou. Photo\u00a0: Thibault Dumas \/ Mediacit\u00e9s<\/p>\n<p>Une profusion, qui occasionne p\u00e9riph\u00e9riquement des d\u00e9rives. \u00ab\u202fChaque ann\u00e9e, nous retirons au moins une association de nos partenaires. R\u00e9cemment, nous avons d\u00e9couvert qu\u2019une d\u2019entre elles revendait des produits sur internet. Une action en justice est en cours\u202f\u00bb, annonce fermement Jean\u2010Robert Leconte.\u00a0<\/p>\n<p>Heureusement tout n\u2019est pas noir. Certains acteurs s\u2019entraident et \u00e9changent des produits selon les besoins de chacun. En t\u00e9moigne ce projet subventionn\u00e9 par Nantes M\u00e9tropole pour que des associations r\u00e9ceptionnent en commun les importants volumes de dons des agriculteurs bio de Loire\u2010Atlantique. \u00ab\u202fAu\u2010del\u00e0 de cette initiative commune, avec certaines petites associations, il y a beaucoup d\u2019exemples d\u2019\u00e9changes de produits et de collaboration\u202f\u00bb, se f\u00e9licite Jo\u00ebl Taul\u00e9, b\u00e9n\u00e9ficiaire puis salari\u00e9 du March\u00e9 alternatif de Bellevue.<\/p>\n<p>Neuf<\/p>\n<p>Banques alimentaires.<br \/>Cop1.<br \/>Croix\u2010Rouge.\u00a0<br \/>Diaconat protestant.<br \/>Linkee.<br \/>Restos du\u00a0c\u0153ur.<br \/>Secours populaire.\u00a0<br \/>Solidarit\u00e9 alimentaire France.<br \/>Soci\u00e9t\u00e9 Saint\u2010Vincent\u2010de\u2010Paul.<\/p>\n<p>Code de l\u2019environnement<\/p>\n<p>Qui a ajout\u00e9 les <a href=\"https:\/\/www.legifrance.gouv.fr\/affichCode.do;jsessionid=D772E1052E39AE0C440DC1A4B1E30610.tpdila21v_3?idSectionTA=LEGISCTA000032043245&amp;cidTexte=LEGITEXT000006074220&amp;dateTexte=20161014\" target=\"_blank\" rel=\"noopener\">articles L. 541\u201315\u20114 et suivants<\/a> au Code de l\u2019environnement.<\/p>\n<p>\u00ab\u202fConditions requises\u202f\u00bb<\/p>\n<p>\u00ab\u202fL\u2019habilitation constitue un acte par lequel l\u2019\u00c9tat reconna\u00eet qu\u2019une personne morale de droit priv\u00e9 (g\u00e9n\u00e9ralement une association) remplit bien les conditions requises pour recevoir des contributions publiques pour mettre en \u0153uvre l\u2019aide alimentaire\u202f\u00bb, d\u00e9finissent les services de l\u2019\u00c9tat.\u00a0<\/p>\n","protected":false},"excerpt":{"rendered":"Chaque soir, devant le local de distribution de Tinhi Kmou, sur l\u2019\u00eele de Nantes, une longue file se&hellip;\n","protected":false},"author":2,"featured_media":592395,"comment_status":"","ping_status":"","sticky":false,"template":"","format":"standard","meta":{"footnotes":""},"categories":[2818],"tags":[1111,11,20477,70547,20475,49907,70548,1067,1777,674,1011,27,2642,70549,766,2635,12,70550,2636,28497,35501,2687,25,54442,20784,70551,54622],"class_list":{"0":"post-592394","1":"post","2":"type-post","3":"status-publish","4":"format-standard","5":"has-post-thumbnail","7":"category-nantes","8":"tag-actu","9":"tag-actualites","10":"tag-aide-alimentaire","11":"tag-alain-taha","12":"tag-banque-alimentaire","13":"tag-bellevue","14":"tag-elouan-fleury","15":"tag-enquete","16":"tag-eu","17":"tag-europe","18":"tag-fr","19":"tag-france","20":"tag-ile-de-nantes","21":"tag-jean-robert-leconte","22":"tag-nantes","23":"tag-nantes-metropole","24":"tag-news","25":"tag-pauverete","26":"tag-pays-de-la-loire","27":"tag-prefecture-de-loire-atlantique","28":"tag-recuperation","29":"tag-reportage","30":"tag-republique-francaise","31":"tag-secours-catholique","32":"tag-secours-populaire","33":"tag-tinhi-kmou","34":"tag-ville-de-nantes"},"share_on_mastodon":{"url":"https:\/\/pubeurope.com\/@fr\/115699952271001036","error":""},"_links":{"self":[{"href":"https:\/\/www.europesays.com\/fr\/wp-json\/wp\/v2\/posts\/592394","targetHints":{"allow":["GET"]}}],"collection":[{"href":"https:\/\/www.europesays.com\/fr\/wp-json\/wp\/v2\/posts"}],"about":[{"href":"https:\/\/www.europesays.com\/fr\/wp-json\/wp\/v2\/types\/post"}],"author":[{"embeddable":true,"href":"https:\/\/www.europesays.com\/fr\/wp-json\/wp\/v2\/users\/2"}],"replies":[{"embeddable":true,"href":"https:\/\/www.europesays.com\/fr\/wp-json\/wp\/v2\/comments?post=592394"}],"version-history":[{"count":0,"href":"https:\/\/www.europesays.com\/fr\/wp-json\/wp\/v2\/posts\/592394\/revisions"}],"wp:featuredmedia":[{"embeddable":true,"href":"https:\/\/www.europesays.com\/fr\/wp-json\/wp\/v2\/media\/592395"}],"wp:attachment":[{"href":"https:\/\/www.europesays.com\/fr\/wp-json\/wp\/v2\/media?parent=592394"}],"wp:term":[{"taxonomy":"category","embeddable":true,"href":"https:\/\/www.europesays.com\/fr\/wp-json\/wp\/v2\/categories?post=592394"},{"taxonomy":"post_tag","embeddable":true,"href":"https:\/\/www.europesays.com\/fr\/wp-json\/wp\/v2\/tags?post=592394"}],"curies":[{"name":"wp","href":"https:\/\/api.w.org\/{rel}","templated":true}]}}