{"id":592396,"date":"2025-12-11T08:18:19","date_gmt":"2025-12-11T08:18:19","guid":{"rendered":"https:\/\/www.europesays.com\/fr\/592396\/"},"modified":"2025-12-11T08:18:19","modified_gmt":"2025-12-11T08:18:19","slug":"50-km-de-bouchons-le-trafic-au-ralenti-avec-le-brouillard","status":"publish","type":"post","link":"https:\/\/www.europesays.com\/fr\/592396\/","title":{"rendered":"50 km de bouchons, le trafic au ralenti avec le brouillard"},"content":{"rendered":"<p>                    Par<br \/>\n        <strong><br \/>\n            <a href=\"https:\/\/actu.fr\/auteur\/redaction-nantes\" title=\"Consulter tous les articles de R\u00e9daction Nantes\" target=\"_blank\" rel=\"noopener\">R\u00e9daction Nantes<\/a><br \/>\n                    <\/strong><\/p>\n<p>        Publi\u00e9 le<\/p>\n<p>            11 d\u00e9c. 2025 \u00e0 9h07        <\/p>\n<p>Ce jeudi matin, Bison Fut\u00e9 recense <a href=\"https:\/\/www.bison-fute.gouv.fr\/courbes-bouchons,11025.html\" target=\"_blank\" rel=\"noopener\">51,6 km de bouchons sur les routes de l\u2019agglom\u00e9ration nantaise \u00e0 8 h 50<\/a>. La N844 est l\u2019axe le plus congestionn\u00e9 avec 28 km d\u2019embouteillages. \u00c7a coince \u00e9galement au niveau <a href=\"https:\/\/actu.fr\/pays-de-la-loire\/nantes_44109\/nantes-il-torture-les-automobilistes-du-peripherique-ce-qui-est-prevu-pont-de-bellevue_59700456.html\" target=\"_blank\" rel=\"noopener\">du pont de Bellevue<\/a> et dans le secteur du pont de Chevir\u00e9.\u00a0<\/p>\n<p>Brouillard au nord du p\u00e9riph\u00e9rique<\/p>\n<p class=\" wall-content\">Ce jeudi 11 d\u00e9cembre 2025, <b>le brouillard est omnipr\u00e9sent dans le ciel nantais<\/b>. Ces conditions m\u00e9t\u00e9orologiques perturbent la circulation, notamment au nord du p\u00e9riph\u00e9rique nantais entre les communes de Nantes \u00e0 \u00c9couflant (Maine-et-Loire), au niveau de l\u2019A11 de Nantes vers Paris dans les deux sens de circulation.<\/p>\n<p class=\" wall-content\"><a href=\"https:\/\/actu.fr\/societe\/feux-de-brouillard-avant-et-arriere-comment-les-utiliser-correctement-quand-le-temps-est-brumeux_63558484.html\" target=\"_blank\" rel=\"noopener\">Dans cet article<\/a>, nous vous rappelons comment bien utiliser vos feux de brouillard.\u00a0<\/p>\n<p class=\" wall-content\">Personnalisez votre actualit\u00e9 en ajoutant vos villes et m\u00e9dias en favori avec <a href=\"https:\/\/moncompte.actu.fr\" title=\"D\u00e9couvez Mon Actu\" rel=\"nofollow noopener\" data-trk=\"{&quot;cta&quot;:{&quot;action&quot;:&quot;https:\\\/\\\/moncompte.actu.fr&quot;,&quot;category&quot;:&quot;mon compte&quot;,&quot;from&quot;:&quot;article footer&quot;,&quot;name&quot;:&quot;Mon actu&quot;,&quot;type&quot;:&quot;cta&quot;}}\" target=\"_blank\">Mon Actu<\/a>.<\/p>\n","protected":false},"excerpt":{"rendered":"Par R\u00e9daction Nantes Publi\u00e9 le 11 d\u00e9c. 2025 \u00e0 9h07 Ce jeudi matin, Bison Fut\u00e9 recense 51,6 km&hellip;\n","protected":false},"author":2,"featured_media":592397,"comment_status":"","ping_status":"","sticky":false,"template":"","format":"standard","meta":{"footnotes":""},"categories":[2818],"tags":[1111,11,3542,1777,674,1011,27,766,12,2636,4013,25,104],"class_list":{"0":"post-592396","1":"post","2":"type-post","3":"status-publish","4":"format-standard","5":"has-post-thumbnail","7":"category-nantes","8":"tag-actu","9":"tag-actualites","10":"tag-circulation","11":"tag-eu","12":"tag-europe","13":"tag-fr","14":"tag-france","15":"tag-nantes","16":"tag-news","17":"tag-pays-de-la-loire","18":"tag-peripherique","19":"tag-republique-francaise","20":"tag-societe"},"share_on_mastodon":{"url":"https:\/\/pubeurope.com\/@fr\/115699954853045891","error":""},"_links":{"self":[{"href":"https:\/\/www.europesays.com\/fr\/wp-json\/wp\/v2\/posts\/592396","targetHints":{"allow":["GET"]}}],"collection":[{"href":"https:\/\/www.europesays.com\/fr\/wp-json\/wp\/v2\/posts"}],"about":[{"href":"https:\/\/www.europesays.com\/fr\/wp-json\/wp\/v2\/types\/post"}],"author":[{"embeddable":true,"href":"https:\/\/www.europesays.com\/fr\/wp-json\/wp\/v2\/users\/2"}],"replies":[{"embeddable":true,"href":"https:\/\/www.europesays.com\/fr\/wp-json\/wp\/v2\/comments?post=592396"}],"version-history":[{"count":0,"href":"https:\/\/www.europesays.com\/fr\/wp-json\/wp\/v2\/posts\/592396\/revisions"}],"wp:featuredmedia":[{"embeddable":true,"href":"https:\/\/www.europesays.com\/fr\/wp-json\/wp\/v2\/media\/592397"}],"wp:attachment":[{"href":"https:\/\/www.europesays.com\/fr\/wp-json\/wp\/v2\/media?parent=592396"}],"wp:term":[{"taxonomy":"category","embeddable":true,"href":"https:\/\/www.europesays.com\/fr\/wp-json\/wp\/v2\/categories?post=592396"},{"taxonomy":"post_tag","embeddable":true,"href":"https:\/\/www.europesays.com\/fr\/wp-json\/wp\/v2\/tags?post=592396"}],"curies":[{"name":"wp","href":"https:\/\/api.w.org\/{rel}","templated":true}]}}