{"id":592406,"date":"2025-12-11T08:25:21","date_gmt":"2025-12-11T08:25:21","guid":{"rendered":"https:\/\/www.europesays.com\/fr\/592406\/"},"modified":"2025-12-11T08:25:21","modified_gmt":"2025-12-11T08:25:21","slug":"pourquoi-le-match-de-ligue-europa-young-boys-de-berne-lille-nest-il-pas-diffuse-en-france","status":"publish","type":"post","link":"https:\/\/www.europesays.com\/fr\/592406\/","title":{"rendered":"Pourquoi le match de Ligue Europa Young Boys de Berne &#8211; Lille n\u2019est-il pas diffus\u00e9 en France\u00a0? ."},"content":{"rendered":"<p>C\u2019est assez rare pour le souligner mais un match europ\u00e9en d\u2019un club fran\u00e7ais ne sera pas retransmis. Une mauvaise nouvelle pour les supporters des Dogues, d\u2019autant plus que le match se joue \u00e0 l\u2019ext\u00e9rieur et qu\u2019ils ne pourront pas rem\u00e9dier \u00e0 cette non-diffusion par un d\u00e9placement au stade. Mais alors, pourquoi ce match de <a href=\"https:\/\/www.ouest-france.fr\/sport\/football\/ligue-europa\/\" target=\"_blank\" rel=\"noopener\">Ligue Europa<\/a> ne sera-t-il pas diffus\u00e9 en France\u00a0?<\/p>\n<p>Un sponsor probl\u00e9matique<\/p>\n<p>La faute \u00e0 leur sponsor maillot \u00ab\u00a0Plus500\u00a0\u00bb, interdit en France. La soci\u00e9t\u00e9 est un service d\u2019investissements, class\u00e9 tr\u00e8s risqu\u00e9 par l\u2019Autorit\u00e9 fran\u00e7aise des march\u00e9s financiers (AMF), dont la publicit\u00e9 en lien avec, est prohib\u00e9e durant les comp\u00e9titions sportives depuis 2016 dans l\u2019Hexagone.<\/p>\n<p><strong>Lire aussi\u00a0:<\/strong> <a href=\"https:\/\/rennes.maville.com\/sport\/detail_-mercato.-ayyoub-bouaddi-sur-les-tablettes-d-arsenal-lille-souhaite-d-abord-prolonger-sa-pepite-francaise-_53511-7095842_actu.Htm\" target=\"_blank\" rel=\"noopener\">Ayyoub Bouaddi sur les tablettes d\u2019Arsenal, le Losc prolonge sa p\u00e9pite fran\u00e7aise<\/a><\/p>\n<p>La cha\u00eene crypt\u00e9e a \u00e9t\u00e9 contrainte de se plier \u00e0 la loi malgr\u00e9 un recours d\u00e9pos\u00e9, car en cas de non-respect de l\u2019injonction de la Direction g\u00e9n\u00e9rale de la concurrence, de la consommation et de la r\u00e9pression des fraudes (DGCCRF), l\u2019amende pr\u00e9vue peut monter jusqu\u2019\u00e0 100\u00a0000\u00a0\u20ac par manquement constat\u00e9.<\/p>\n<p>\u00a0<\/p>\n","protected":false},"excerpt":{"rendered":"C\u2019est assez rare pour le souligner mais un match europ\u00e9en d\u2019un club fran\u00e7ais ne sera pas retransmis. Une&hellip;\n","protected":false},"author":2,"featured_media":592407,"comment_status":"","ping_status":"","sticky":false,"template":"","format":"standard","meta":{"footnotes":""},"categories":[2815],"tags":[1111,11,3809,1465,1777,674,63,1011,27,1792,811,1922,1307,12,3086,25,479,517,1470],"class_list":{"0":"post-592406","1":"post","2":"type-post","3":"status-publish","4":"format-standard","5":"has-post-thumbnail","7":"category-lille","8":"tag-actu","9":"tag-actualites","10":"tag-ball","11":"tag-basket","12":"tag-eu","13":"tag-europe","14":"tag-football","15":"tag-fr","16":"tag-france","17":"tag-handball","18":"tag-hauts-de-france","19":"tag-info","20":"tag-lille","21":"tag-news","22":"tag-redon","23":"tag-republique-francaise","24":"tag-rugby","25":"tag-sport","26":"tag-volley"},"share_on_mastodon":{"url":"https:\/\/pubeurope.com\/@fr\/115699982278550728","error":""},"_links":{"self":[{"href":"https:\/\/www.europesays.com\/fr\/wp-json\/wp\/v2\/posts\/592406","targetHints":{"allow":["GET"]}}],"collection":[{"href":"https:\/\/www.europesays.com\/fr\/wp-json\/wp\/v2\/posts"}],"about":[{"href":"https:\/\/www.europesays.com\/fr\/wp-json\/wp\/v2\/types\/post"}],"author":[{"embeddable":true,"href":"https:\/\/www.europesays.com\/fr\/wp-json\/wp\/v2\/users\/2"}],"replies":[{"embeddable":true,"href":"https:\/\/www.europesays.com\/fr\/wp-json\/wp\/v2\/comments?post=592406"}],"version-history":[{"count":0,"href":"https:\/\/www.europesays.com\/fr\/wp-json\/wp\/v2\/posts\/592406\/revisions"}],"wp:featuredmedia":[{"embeddable":true,"href":"https:\/\/www.europesays.com\/fr\/wp-json\/wp\/v2\/media\/592407"}],"wp:attachment":[{"href":"https:\/\/www.europesays.com\/fr\/wp-json\/wp\/v2\/media?parent=592406"}],"wp:term":[{"taxonomy":"category","embeddable":true,"href":"https:\/\/www.europesays.com\/fr\/wp-json\/wp\/v2\/categories?post=592406"},{"taxonomy":"post_tag","embeddable":true,"href":"https:\/\/www.europesays.com\/fr\/wp-json\/wp\/v2\/tags?post=592406"}],"curies":[{"name":"wp","href":"https:\/\/api.w.org\/{rel}","templated":true}]}}