{"id":592409,"date":"2025-12-11T08:27:14","date_gmt":"2025-12-11T08:27:14","guid":{"rendered":"https:\/\/www.europesays.com\/fr\/592409\/"},"modified":"2025-12-11T08:27:14","modified_gmt":"2025-12-11T08:27:14","slug":"le-procureur-de-marseille-nicolas-bessone-sous-protection-policiere","status":"publish","type":"post","link":"https:\/\/www.europesays.com\/fr\/592409\/","title":{"rendered":"Le procureur de Marseille Nicolas Bessone sous protection polici\u00e8re"},"content":{"rendered":"<p><img loading=\"lazy\" decoding=\"async\" alt=\"\u00a9 Robert Poulain - Le procureur de Marseille, Nicolas Bessone, un sp\u00e9cialiste de la lutte contre le crime organis\u00e9, lors de l'audience de rentr\u00e9e, en octobre dernier.\" data-zoom-src=\"https:\/\/www.europesays.com\/fr\/wp-content\/uploads\/2025\/12\/initial-bessone-autre.jpg\" data-zoomable=\"\" height=\"702\" src=\"https:\/\/www.europesays.com\/fr\/wp-content\/uploads\/2025\/12\/initial-bessone-autre.jpg\" width=\"1248\"\/>  <\/p>\n<p class=\"article-desc\">\u00a9 Robert Poulain &#8211; Le procureur de Marseille, Nicolas Bessone, un sp\u00e9cialiste de la lutte contre le crime organis\u00e9, lors de l&rsquo;audience de rentr\u00e9e, en octobre dernier. <\/p>\n<p>Depuis une semaine, <strong>une dizaine de personnalit\u00e9s<\/strong>, dont le procureur de la R\u00e9publique de Marseille Nicolas Bessone, mais aussi plusieurs juges d\u2019instruction sp\u00e9cialis\u00e9s, en charge de dossiers li\u00e9s au narcotrafic, sont <strong>plac\u00e9s sous protection polici\u00e8re<\/strong>. <\/p>\n<p>Des policiers prot\u00e8gent le procureur de la R\u00e9publique de Marseille <\/p>\n<p>C\u2019est une d\u00e9cision rare \u00e0 <strong>Marseille<\/strong>, o\u00f9 les menaces directes ou larv\u00e9es sont de plus en fr\u00e9quentes dans les dossiers de criminalit\u00e9 organis\u00e9e. Ces menaces ont parfois \u00e9t\u00e9 recens\u00e9es directement dans les cabinets d&rsquo;instruction, mais elles prennent aussi des formes plus malicieuses.\u00a0 <\/p>\n<p>Ainsi, <a href=\"https:\/\/mesinfos.fr\/provence-alpes-cote-d-azur\/la-grande-interview-de-nicolas-bessone-je-ne-suis-pas-que-le-procureur-du-grand-banditisme-189767.html\" rel=\"noopener\" target=\"_blank\">le procureur Nicolas Bessone <\/a>est assist\u00e9 de deux policiers dans chacun de ses d\u00e9placements, \u00e0 pied comme en voiture, m\u00eame lorsqu\u2019il se rend \u00e0 l\u2019audience pour y soutenir des r\u00e9quisitions, comme il l\u2019a fait lundi 8 d\u00e9cembre, lors d\u2019un proc\u00e8s sensible sur fond de violation du secret professionnel et de fuites pr\u00e9sum\u00e9es dans la police dans un dossier corse.\u00a0<\/p>\n<p> Sabrina Agresti-Roubache sous protection polici\u00e8re <\/p>\n<p>De la m\u00eame fa\u00e7on,<a href=\"https:\/\/mesinfos.fr\/13000-marseille\/sabrina-agresti-roubache-en-instance-de-divorce-avec-marseille-207803.html\" rel=\"noopener\" target=\"_blank\"> l\u2019ex-ministre de la Ville Sabrina Agresti-Roubache<\/a> et un journaliste marseillais sont plac\u00e9s depuis une semaine sous protection rapproch\u00e9e, sur demande de la pr\u00e9sidence de la R\u00e9publique.\u00a0 <\/p>\n<p>D&rsquo;autres juges marseillais prot\u00e9g\u00e9s par la police dans le pass\u00e9 <\/p>\n<p>Ce cas de figure est relativement exceptionnel. Il faut en effet remonter aux ann\u00e9es 2010 pour recenser un sc\u00e9nario identique, comme lorsque le juge d\u2019instruction Charles Duchaine enqu\u00eatait sur un trafic d\u2019armes ou qu\u2019il \u00e9tait suivi dans chacun de ses d\u00e9placements dans l\u2019affaire Gu\u00e9rini, ou plus loin aux ann\u00e9es 1980, \u00e0 Marseille, lorsque le juge d\u2019instruction Michel Debacq, apr\u00e8s l&rsquo;assassinat du juge Pierre Michel le 21 octobre 1981, enqu\u00eatait lui aussi sur des dossiers sensibles et voyait ses d\u00e9placements s\u00e9curis\u00e9s.\u00a0<\/p>\n<p> Nouvelle r\u00e9union \u00e0 l&rsquo;Elys\u00e9e sur le narcotrafic ce jeudi 11 d\u00e9cembre <\/p>\n<p>Comme le 18 novembre, les ministres de l&rsquo;Int\u00e9rieur et de la Justice, Laurent Nu\u00f1ez et G\u00e9rald Darmanin, ainsi que ceux des Comptes publics et des Affaires \u00e9trang\u00e8res, Am\u00e9lie de Montchalin et Jean-No\u00ebl Barrot, <a href=\"https:\/\/mesinfos.fr\/13000-marseille\/pourquoi-emmanuel-macron-revient-a-marseille-avant-noel-235760.html\" rel=\"noopener\" target=\"_blank\">sont attendus ce jeudi 11 novembre \u00e0 l\u2019Elys\u00e9e, avant le d\u00e9placement d&rsquo;Emmanuel Macron \u00e0 Marseille la semaine prochaine<\/a>. <\/p>\n<p>Des magistrats, dont le procureur de la R\u00e9publique de Marseille Nicolas Bessone, le directeur national de la police judiciaire Christian Sainte, un grand connaisseur de la criminalit\u00e9 marseillaise puisqu\u2019il a dirig\u00e9 ici la police judiciaire et la brigade criminelle, et <a href=\"https:\/\/mesinfos.fr\/13000-marseille\/quels-sont-les-dossiers-sur-le-bureau-de-jacques-witkowski-le-prefet-de-paca-235758.html\" rel=\"noopener\" target=\"_blank\">le nouveau pr\u00e9fet de la r\u00e9gion Provence-Alpes-C\u00f4te d\u2019Azur Jacques Witkowski<\/a> sont \u00e9galement convi\u00e9s \u00e0 cette r\u00e9union sur la lutte contre le narcotrafic et ses ramifications.<\/p>\n<p>\u00a0<\/p>\n","protected":false},"excerpt":{"rendered":"\u00a9 Robert Poulain &#8211; Le procureur de Marseille, Nicolas Bessone, un sp\u00e9cialiste de la lutte contre le crime&hellip;\n","protected":false},"author":2,"featured_media":592410,"comment_status":"","ping_status":"","sticky":false,"template":"","format":"standard","meta":{"footnotes":""},"categories":[2814],"tags":[1111,11,1777,674,1011,27,70552,884,7775,8721,12,70553,882,25],"class_list":{"0":"post-592409","1":"post","2":"type-post","3":"status-publish","4":"format-standard","5":"has-post-thumbnail","7":"category-marseille","8":"tag-actu","9":"tag-actualites","10":"tag-eu","11":"tag-europe","12":"tag-fr","13":"tag-france","14":"tag-juge-dinstruction","15":"tag-marseille","16":"tag-menaces-de-mort","17":"tag-narcotrafic","18":"tag-news","19":"tag-procureur-de-la-ru00e9publique","20":"tag-provence-alpes-cote-dazur","21":"tag-republique-francaise"},"share_on_mastodon":{"url":"https:\/\/pubeurope.com\/@fr\/115699991166821982","error":""},"_links":{"self":[{"href":"https:\/\/www.europesays.com\/fr\/wp-json\/wp\/v2\/posts\/592409","targetHints":{"allow":["GET"]}}],"collection":[{"href":"https:\/\/www.europesays.com\/fr\/wp-json\/wp\/v2\/posts"}],"about":[{"href":"https:\/\/www.europesays.com\/fr\/wp-json\/wp\/v2\/types\/post"}],"author":[{"embeddable":true,"href":"https:\/\/www.europesays.com\/fr\/wp-json\/wp\/v2\/users\/2"}],"replies":[{"embeddable":true,"href":"https:\/\/www.europesays.com\/fr\/wp-json\/wp\/v2\/comments?post=592409"}],"version-history":[{"count":0,"href":"https:\/\/www.europesays.com\/fr\/wp-json\/wp\/v2\/posts\/592409\/revisions"}],"wp:featuredmedia":[{"embeddable":true,"href":"https:\/\/www.europesays.com\/fr\/wp-json\/wp\/v2\/media\/592410"}],"wp:attachment":[{"href":"https:\/\/www.europesays.com\/fr\/wp-json\/wp\/v2\/media?parent=592409"}],"wp:term":[{"taxonomy":"category","embeddable":true,"href":"https:\/\/www.europesays.com\/fr\/wp-json\/wp\/v2\/categories?post=592409"},{"taxonomy":"post_tag","embeddable":true,"href":"https:\/\/www.europesays.com\/fr\/wp-json\/wp\/v2\/tags?post=592409"}],"curies":[{"name":"wp","href":"https:\/\/api.w.org\/{rel}","templated":true}]}}