{"id":592411,"date":"2025-12-11T08:28:12","date_gmt":"2025-12-11T08:28:12","guid":{"rendered":"https:\/\/www.europesays.com\/fr\/592411\/"},"modified":"2025-12-11T08:28:12","modified_gmt":"2025-12-11T08:28:12","slug":"la-premiere-rave-party-en-altitude-debarque-sur-les-pistes-a-2h30-de-lyon","status":"publish","type":"post","link":"https:\/\/www.europesays.com\/fr\/592411\/","title":{"rendered":"La premi\u00e8re rave party en altitude d\u00e9barque sur les pistes \u00e0 2h30 de Lyon"},"content":{"rendered":"<p data-start=\"410\" data-end=\"1003\">N\u00e9 en 2024, le concept s\u2019est impos\u00e9 comme un ovni festif pour saisonniers, locaux et globe-trotteurs venus profiter de l\u2019hiver autrement. <strong>Et pour cette nouvelle \u00e9dition, le collectif remet le couvert aux Menuires le 18 d\u00e9cembre 2025, avant d\u2019envahir Val Thorens et d\u2019autres stations.<\/strong> Ici, on danse au milieu des sapins, on respire l\u2019air glac\u00e9 \u00e0 pleins poumons et on laisse les basses rebondir sur les montagnes. Une ambiance unique, presque irr\u00e9elle, qui donne \u00e0 la f\u00eate une dimension XXL.<\/p>\n<p>&#13;<\/p>\n<blockquote class=\"instagram-media\" data-instgrm-permalink=\"https:\/\/www.instagram.com\/p\/DRh7TXajQ1c\/?utm_source=ig_embed&amp;utm_campaign=loading\" data-instgrm-version=\"14\" style=\"background: #FFF; border: 0; border-radius: 3px; box-shadow: 0 0 1px 0 rgba(0,0,0,0.5),0 1px 10px 0 rgba(0,0,0,0.15); margin: 1px; max-width: 540px; min-width: 326px; padding: 0; width: calc(100% - 2px);\"><p>&#13;<br \/>\n&#13;\n<\/p><\/blockquote>\n<p>&#13;<br \/>\n&#13;<br \/>\n&#13;<br \/>\n<strong>Une tourn\u00e9e qui s\u2019\u00e9tend partout dans les Alpes<\/strong>&#13;<\/p>\n<p data-start=\"1057\" data-end=\"1537\">Itin\u00e9rant, le projet ne s\u2019arr\u00eate pas \u00e0 ses deux partenaires phares\u00a0: High Frequencies entend multiplier les dates et les spots, comme une annonce officieuse que la f\u00eate appartient \u00e0 tous \u2014 saisonniers fatigu\u00e9s de leurs journ\u00e9es de boulot, touristes qui r\u00eavent de <strong>prolonger la magie apr\u00e8s la fermeture des pistes, et locaux pr\u00eats \u00e0 troquer la tartiflette contre un kick bien plac\u00e9.<\/strong><\/p>\n<p>&#13;<\/p>\n<blockquote class=\"instagram-media\" data-instgrm-permalink=\"https:\/\/www.instagram.com\/p\/DRsHzA9jYdC\/?utm_source=ig_embed&amp;utm_campaign=loading\" data-instgrm-version=\"14\" style=\"background: #FFF; border: 0; border-radius: 3px; box-shadow: 0 0 1px 0 rgba(0,0,0,0.5),0 1px 10px 0 rgba(0,0,0,0.15); margin: 1px; max-width: 540px; min-width: 326px; padding: 0; width: calc(100% - 2px);\"><p>&#13;<br \/>\n&#13;\n<\/p><\/blockquote>\n<p>&#13;<br \/>\n&#13;<br \/>\n&#13;<\/p>\n<p data-start=\"1584\" data-end=\"2087\"><strong data-start=\"1584\" data-end=\"1657\">Le 18 d\u00e9cembre, les Menuires vont trembler sous une avalanche de BPM.<\/strong> Sk\u00f6ne jouera un set de tekno brute taill\u00e9 pour secouer les jambes refroidies par la poudreuse. Toxic Twins enverront leur cocktail survitamin\u00e9 de gabber, frenchcore et uptempo, suivis par Nrki pour les fans de BPM qui montent jusqu\u2019au ciel. Rose apportera une vibe groovy mais toujours muscl\u00e9e, avant que Jaax ne cl\u00f4ture en mode hard techno pure. Un line-up qui prouve qu\u2019en altitude aussi, la sc\u00e8ne teuf sait se faire respecter.<\/p>\n<p>&#13;<\/p>\n<blockquote class=\"instagram-media\" data-instgrm-permalink=\"https:\/\/www.instagram.com\/reel\/DRNQkk0DVy6\/?utm_source=ig_embed&amp;utm_campaign=loading\" data-instgrm-version=\"14\" style=\"background: #FFF; border: 0; border-radius: 3px; box-shadow: 0 0 1px 0 rgba(0,0,0,0.5),0 1px 10px 0 rgba(0,0,0,0.15); margin: 1px; max-width: 540px; min-width: 326px; padding: 0; width: calc(100% - 2px);\"><p>&#13;<br \/>\n&#13;\n<\/p><\/blockquote>\n<p>&#13;<br \/>\n&#13;<br \/>\n&#13;<br \/>\n<strong>Une rave accessible et chaleureuse<\/strong>&#13;<\/p>\n<p data-start=\"2129\" data-end=\"2553\">High Frequencies mise sur une ambiance simple, ouverte et familiale. Pas de chichis, pas de codes \u00e0 ma\u00eetriser\u00a0: juste un moment \u00e0 partager entre passionn\u00e9s de montagne et amateurs de musique \u00e9lectronique. <strong>L\u2019id\u00e9e est claire\u00a0: proposer une f\u00eate accessible, des tarifs raisonnables et une atmosph\u00e8re chaleureuse malgr\u00e9 les -5\u00b0C dehors. <\/strong>Un combo parfait pour prolonger sa journ\u00e9e de ski sans redescendre trop vite sur terre. Une sorte de deuxi\u00e8me piste noire, r\u00e9serv\u00e9e \u00e0 celles et ceux qui n\u2019ont pas peur de danser jusqu\u2019\u00e0 en oublier leurs muscles endoloris. Le lancement se fera le 18 d\u00e9cembre aux Menuires, avant une saison qui s\u2019annonce d\u00e9j\u00e0 m\u00e9morable.<\/p>\n<p>&#13;<\/p>\n<p data-start=\"2129\" data-end=\"2553\"><a href=\"https:\/\/www.facebook.com\/events\/1360730972180161\" rel=\"nofollow noopener noreferrer\" target=\"_blank\"><strong>Plus d&rsquo;infos<\/strong><\/a><\/p>\n<p>&#13;<\/p>\n<p data-start=\"2129\" data-end=\"2553\">Source\u00a0: <a href=\"https:\/\/electro-news.eu\/alpes-un-concept-de-rave-debarque-sur-les-pistes-de-ski-avec-des-artistes-de-teuf\/\" rel=\"nofollow noopener noreferrer\" target=\"_blank\">Electro News<\/a><\/p>\n<p><script async src=\"\/\/www.instagram.com\/embed.js\"><\/script><\/p>\n","protected":false},"excerpt":{"rendered":"N\u00e9 en 2024, le concept s\u2019est impos\u00e9 comme un ovni festif pour saisonniers, locaux et globe-trotteurs venus profiter&hellip;\n","protected":false},"author":2,"featured_media":592412,"comment_status":"","ping_status":"","sticky":false,"template":"","format":"standard","meta":{"footnotes":""},"categories":[1889],"tags":[1111,11,2430,1777,674,1011,27,2428,12,25],"class_list":{"0":"post-592411","1":"post","2":"type-post","3":"status-publish","4":"format-standard","5":"has-post-thumbnail","7":"category-lyon","8":"tag-actu","9":"tag-actualites","10":"tag-auvergne-rhone-alpes","11":"tag-eu","12":"tag-europe","13":"tag-fr","14":"tag-france","15":"tag-lyon","16":"tag-news","17":"tag-republique-francaise"},"share_on_mastodon":{"url":"https:\/\/pubeurope.com\/@fr\/115699994106685937","error":""},"_links":{"self":[{"href":"https:\/\/www.europesays.com\/fr\/wp-json\/wp\/v2\/posts\/592411","targetHints":{"allow":["GET"]}}],"collection":[{"href":"https:\/\/www.europesays.com\/fr\/wp-json\/wp\/v2\/posts"}],"about":[{"href":"https:\/\/www.europesays.com\/fr\/wp-json\/wp\/v2\/types\/post"}],"author":[{"embeddable":true,"href":"https:\/\/www.europesays.com\/fr\/wp-json\/wp\/v2\/users\/2"}],"replies":[{"embeddable":true,"href":"https:\/\/www.europesays.com\/fr\/wp-json\/wp\/v2\/comments?post=592411"}],"version-history":[{"count":0,"href":"https:\/\/www.europesays.com\/fr\/wp-json\/wp\/v2\/posts\/592411\/revisions"}],"wp:featuredmedia":[{"embeddable":true,"href":"https:\/\/www.europesays.com\/fr\/wp-json\/wp\/v2\/media\/592412"}],"wp:attachment":[{"href":"https:\/\/www.europesays.com\/fr\/wp-json\/wp\/v2\/media?parent=592411"}],"wp:term":[{"taxonomy":"category","embeddable":true,"href":"https:\/\/www.europesays.com\/fr\/wp-json\/wp\/v2\/categories?post=592411"},{"taxonomy":"post_tag","embeddable":true,"href":"https:\/\/www.europesays.com\/fr\/wp-json\/wp\/v2\/tags?post=592411"}],"curies":[{"name":"wp","href":"https:\/\/api.w.org\/{rel}","templated":true}]}}