{"id":592413,"date":"2025-12-11T08:29:16","date_gmt":"2025-12-11T08:29:16","guid":{"rendered":"https:\/\/www.europesays.com\/fr\/592413\/"},"modified":"2025-12-11T08:29:16","modified_gmt":"2025-12-11T08:29:16","slug":"le-maire-de-lyon-plaide-pour-plus-de-moyens-a-bruxelles","status":"publish","type":"post","link":"https:\/\/www.europesays.com\/fr\/592413\/","title":{"rendered":"Le maire de Lyon plaide pour plus de moyens \u00e0 Bruxelles"},"content":{"rendered":"<p>                            <img loading=\"lazy\" width=\"1200\" height=\"750\" class=\"attachment-article size-article wp-post-image lazyload\" alt=\"Gr\u00e9gory doucet\" decoding=\"async\" src=\"https:\/\/www.europesays.com\/fr\/wp-content\/uploads\/2025\/06\/IMG_3388-e1750924348736.jpg\" data-eio-rwidth=\"1200\" data-eio-rheight=\"750\"\/><\/p>\n<p>Gr\u00e9gory Doucet, maire de Lyon. (@NC)<\/p>\n<p class=\"content\" style=\"font-size:1.2em;font-weight:700\"> A l&rsquo;occasion de la conf\u00e9rence \u00ab\u00a0One Health for Cities\u00a0\u00bb, tenu ce mercredi 10 d\u00e9cembre, le maire de Lyon Gr\u00e9gory Doucet, a tenu une plaidoirie \u00e0 Bruxelles. <\/p>\n<p>A l&rsquo;occasion de la conf\u00e9rence \u00ab\u00a0One Health for Cities\u00a0\u00bb, le maire de Lyon Gr\u00e9gory Doucet a tenu une plaidoirie \u00e0 Bruxelles ce mercredi 10 d\u00e9cembre. Au Parlement europ\u00e9en, le maire en place a d\u00e9fendu, au nom du r\u00e9seau One Health 4 Cities,<br \/>trois demandes prioritaires issues du plaidoyer commun \u201cDonner aux villes les moyens de mener la transition One Health.\u00a0\u00bb<\/p>\n<p>En d&rsquo;autre termes, le maire de Lyon a r\u00e9clam\u00e9 au parlement europ\u00e9en de donner aux villes les moyens de r\u00e9pondre \u00e0 plusieurs d\u00e9fis europ\u00e9ens, dont le changement climatique, les crises sanitaires, la progression des maladies chroniques, ou encore, la perte de biodiversit\u00e9, gr\u00e2ce \u00e0 une strat\u00e9gie de sant\u00e9 globale.<\/p>\n<p>Aux c\u00f4t\u00e9s de huit autres municipalit\u00e9s europ\u00e9ennes inscrites dans le mouvement \u00ab\u00a0One health\u00a0\u00bb, la Ville de Lyon demande ainsi au parlement europ\u00e9en de \u00ab\u00a0fournir des outils concrets aux villes europ\u00e9ennes\u00a0\u00bb pour mener une transition de sant\u00e9 globale. Mais aussi \u00ab\u00a0d&rsquo;offrir un espace d\u2019\u00e9change entre \u00e9lus europ\u00e9ens\u00a0\u00bb pour que ces derniers puissent construire des r\u00e9ponses communes concr\u00e8tes aux enjeux sanitaires, sociaux et environnementaux. Une demande de \u00ab\u00a0porter un plaidoyer commun aupr\u00e8s des institutions europ\u00e9ennes\u00a0\u00bb a \u00e9t\u00e9 \u00e9galement \u00e9mise.<\/p>\n","protected":false},"excerpt":{"rendered":"Gr\u00e9gory Doucet, maire de Lyon. (@NC) A l&rsquo;occasion de la conf\u00e9rence \u00ab\u00a0One Health for Cities\u00a0\u00bb, tenu ce mercredi&hellip;\n","protected":false},"author":2,"featured_media":205348,"comment_status":"","ping_status":"","sticky":false,"template":"","format":"standard","meta":{"footnotes":""},"categories":[1889],"tags":[1111,11,2430,1777,674,1011,27,2428,12,25],"class_list":{"0":"post-592413","1":"post","2":"type-post","3":"status-publish","4":"format-standard","5":"has-post-thumbnail","7":"category-lyon","8":"tag-actu","9":"tag-actualites","10":"tag-auvergne-rhone-alpes","11":"tag-eu","12":"tag-europe","13":"tag-fr","14":"tag-france","15":"tag-lyon","16":"tag-news","17":"tag-republique-francaise"},"share_on_mastodon":{"url":"https:\/\/pubeurope.com\/@fr\/115699998435027308","error":""},"_links":{"self":[{"href":"https:\/\/www.europesays.com\/fr\/wp-json\/wp\/v2\/posts\/592413","targetHints":{"allow":["GET"]}}],"collection":[{"href":"https:\/\/www.europesays.com\/fr\/wp-json\/wp\/v2\/posts"}],"about":[{"href":"https:\/\/www.europesays.com\/fr\/wp-json\/wp\/v2\/types\/post"}],"author":[{"embeddable":true,"href":"https:\/\/www.europesays.com\/fr\/wp-json\/wp\/v2\/users\/2"}],"replies":[{"embeddable":true,"href":"https:\/\/www.europesays.com\/fr\/wp-json\/wp\/v2\/comments?post=592413"}],"version-history":[{"count":0,"href":"https:\/\/www.europesays.com\/fr\/wp-json\/wp\/v2\/posts\/592413\/revisions"}],"wp:featuredmedia":[{"embeddable":true,"href":"https:\/\/www.europesays.com\/fr\/wp-json\/wp\/v2\/media\/205348"}],"wp:attachment":[{"href":"https:\/\/www.europesays.com\/fr\/wp-json\/wp\/v2\/media?parent=592413"}],"wp:term":[{"taxonomy":"category","embeddable":true,"href":"https:\/\/www.europesays.com\/fr\/wp-json\/wp\/v2\/categories?post=592413"},{"taxonomy":"post_tag","embeddable":true,"href":"https:\/\/www.europesays.com\/fr\/wp-json\/wp\/v2\/tags?post=592413"}],"curies":[{"name":"wp","href":"https:\/\/api.w.org\/{rel}","templated":true}]}}