{"id":592420,"date":"2025-12-11T08:34:13","date_gmt":"2025-12-11T08:34:13","guid":{"rendered":"https:\/\/www.europesays.com\/fr\/592420\/"},"modified":"2025-12-11T08:34:13","modified_gmt":"2025-12-11T08:34:13","slug":"hbo-max-ressuscite-le-fantome-du-louvre-dans-une-mini-serie","status":"publish","type":"post","link":"https:\/\/www.europesays.com\/fr\/592420\/","title":{"rendered":"HBO Max ressuscite le fant\u00f4me du Louvre dans une mini-s\u00e9rie"},"content":{"rendered":"<p class=\"app_entry_lead\">\n<p>                    <a title=\"\u00a0\u00a9\u00a0Caroline DUBOIS\/PATHE\/HBO Max\/M6\" href=\"https:\/\/www.europesays.com\/fr\/wp-content\/uploads\/2025\/12\/83667097.jpg\" class=\"fancy\"><\/p>\n<p>                            <img loading=\"lazy\" decoding=\"async\" src=\"https:\/\/www.europesays.com\/fr\/wp-content\/uploads\/2025\/12\/83667097.jpg\" alt=\"Belph\u00e9gor\u00a0: HBO Max ressuscite le fant\u00f4me du Louvre dans une mini-s\u00e9rie\" width=\"1500\" height=\"1000\"\/><\/p>\n<p>                    <\/a><\/p>\n<p>                La cr\u00e9ature fantomatique la plus embl\u00e9matique du patrimoine fran\u00e7ais s&rsquo;offre une r\u00e9surrection ambitieuse avec Belph\u00e9gor, sur HBO Max.<\/p>\n<p>Sommaire<\/p>\n<p>Adapter l&rsquo;un des mythes t\u00e9l\u00e9visuels fran\u00e7ais les plus iconiques \u00e9tait un pari audacieux. Apr\u00e8s des mois de rep\u00e9rages nocturnes au Louvre et de n\u00e9gociations millim\u00e9tr\u00e9es pour tourner dans certaines salles du mus\u00e9e, <a href=\"https:\/\/www.linternaute.fr\/cinema\/pratique\/2347552-max-quels-films-et-quelles-series-voir-en-decembre-2024\/\" title=\"Max\" target=\"_blank\" rel=\"noopener\">HBO Max<\/a> a mis\u00e9 sur une version moderne et nerveuse de Belph\u00e9gor, disponible depuis le 11 d\u00e9cembre 2025.\u00a0<\/p>\n<p>La s\u00e9rie de 4 x 52 minutes, coproduite avec Mediawan, s&rsquo;\u00e9loigne du simple r\u00e9cit fantastique pour embrasser un thriller urbain et patrimonial. R\u00e9alis\u00e9e par J\u00e9r\u00e9my Mainguy, cette libre adaptation du roman culte d&rsquo;Arthur Bern\u00e8de a \u00e9t\u00e9 \u00e9crite par Nils Antoine Sambuc, en collaboration avec Thomas Mansuy. Elle sera diffus\u00e9e dans quelques mois sur la cha\u00eene M6.<\/p>\n<p>Le casting r\u00e9unit plusieurs visages familiers\u00a0: Shirine Boutella (Lupin, Papicha) incarne une enqu\u00eatrice d\u00e9termin\u00e9e. A ses c\u00f4t\u00e9s, <a href=\"https:\/\/www.linternaute.fr\/cinema\/biographie\/1773282-vincent-elbaz-biographie-courte-dates-citations\/\" title=\"Vincent Elbaz\" target=\"_blank\" rel=\"noopener\">Vincent Elbaz<\/a> (No Limit) interpr\u00e8te flic au pass\u00e9 trouble. Ils sont entour\u00e9s d&rsquo;Aure Atika (OSS 117) en directrice adjointe du Louvre, Nicolas Brian\u00e7on (Germinal) en haut fonctionnaire influent, et Kad Merad, qu&rsquo;on ne pr\u00e9sente plus, en p\u00e8re de l&rsquo;h\u00e9ro\u00efne et personnalit\u00e9 publique respect\u00e9e.<\/p>\n<p>Quelle est l&rsquo;intrigue de la s\u00e9rie Belph\u00e9gor ?<\/p>\n<p>Lors d&rsquo;une exposition exceptionnelle au Louvre, une s\u00e9rie d&rsquo;incidents \u00e9tranges fait ressurgir la l\u00e9gende de Belph\u00e9gor, le fant\u00f4me du mus\u00e9e. Charg\u00e9e d&rsquo;enqu\u00eater, Yasmine El Fassi, agente de s\u00e9curit\u00e9 d\u00e9termin\u00e9e, d\u00e9couvre que les ph\u00e9nom\u00e8nes d\u00e9passent le simple canular. Entre halls d\u00e9sert\u00e9s la nuit, \u0153uvres qui semblent changer de place et t\u00e9moins t\u00e9tanis\u00e9s, elle se retrouve prise dans une spirale o\u00f9 se confondent superstition, manipulation et menace bien r\u00e9elle. Tr\u00e8s vite, le myst\u00e8re s&rsquo;\u00e9paissit\u00a0: Belph\u00e9gor n&rsquo;est peut-\u00eatre pas qu&rsquo;un mythe.\n<\/p>\n<\/p>\n<p>Quels acteurs au casting de la s\u00e9rie Belph\u00e9gor ?<\/p>\n<ul>\n<li>Shirine Boutella\u00a0: Hafsa Moreau<\/li>\n<li>Vincent Elbaz\u00a0: Joseph Bellegarde<\/li>\n<li>Aure Atika\u00a0: Elise Wagner<\/li>\n<li>Tiphaine David\u00a0: Chlo\u00e9 S\u00e9verin<\/li>\n<li>Nicolas Brian\u00e7on\u00a0: Luc Trivic<\/li>\n<li>Kad Merad\u00a0: Charles Moreau<\/li>\n<li>Bellamine Abdelmalek\u00a0: Jonas Al-Sabawi<\/li>\n<li>Kevin Garnichat\u00a0: Vadim Perzof<\/li>\n<li>Laurent Bateau\u00a0: Antoine Fr\u00e9mont<\/li>\n<\/ul>\n<p>O\u00f9 voir la s\u00e9rie Belph\u00e9gor en streaming\u00a0?<\/p>\n<p>Pour regarder Belph\u00e9gor, il faut se connecter \u00e0 Max d\u00e8s le 11\u00a0d\u00e9cembre 2025. Pour avoir acc\u00e8s \u00e0 la plateforme de <a href=\"https:\/\/www.linternaute.fr\/cinema\/pratique\/guide-du-streaming\/\" title=\"Streaming\" target=\"_blank\" rel=\"noopener\">streaming<\/a> qui propose des contenus du studio am\u00e9ricain Warner (s\u00e9ries HBO, films Warner Bros., documentaires Discovery etc.), il est n\u00e9cessaire de s&rsquo;acquitter d&rsquo;un abonnement. Trois offres diff\u00e9rentes existent\u00a0: l&rsquo;offre Max Basic avec publicit\u00e9s et sans engagement pour 5,99\u00a0euros par mois, l&rsquo;offre Max Standard \u00e0 9,99\u00a0euros par mois sans pub en Full HD qui propose 2\u00a0\u00e9crans en simultan\u00e9 avec acc\u00e8s aux cha\u00eenes Boomerang, Cartoon Networ, CNN International, TCM Cin\u00e9ma, Discovery Channel entre autres, ou l&rsquo;offre Max Premium \u00e0 13,99\u00a0euros par mois, en Full HD ou 4K Ultra HD, sans pub et sans engagement qui permet d&rsquo;utiliser la plateforme sur quatre appareils en simultan\u00e9 avec de nombreuses cha\u00eenes suppl\u00e9mentaires.<\/p>\n","protected":false},"excerpt":{"rendered":"La cr\u00e9ature fantomatique la plus embl\u00e9matique du patrimoine fran\u00e7ais s&rsquo;offre une r\u00e9surrection ambitieuse avec Belph\u00e9gor, sur HBO Max.&hellip;\n","protected":false},"author":2,"featured_media":592421,"comment_status":"","ping_status":"","sticky":false,"template":"","format":"standard","meta":{"footnotes":""},"categories":[1888],"tags":[11,70554,51761,1777,674,51763,1011,27,5371,5549,12,51767,626,25],"class_list":{"0":"post-592420","1":"post","2":"type-post","3":"status-publish","4":"format-standard","5":"has-post-thumbnail","7":"category-paris","8":"tag-actualites","9":"tag-cms-linternaute-9416923","10":"tag-controller-content","11":"tag-eu","12":"tag-europe","13":"tag-format-papier","14":"tag-fr","15":"tag-france","16":"tag-hbo-max","17":"tag-max","18":"tag-news","19":"tag-parallaxeinfeed","20":"tag-paris","21":"tag-republique-francaise"},"share_on_mastodon":{"url":"https:\/\/pubeurope.com\/@fr\/115700019212223077","error":""},"_links":{"self":[{"href":"https:\/\/www.europesays.com\/fr\/wp-json\/wp\/v2\/posts\/592420","targetHints":{"allow":["GET"]}}],"collection":[{"href":"https:\/\/www.europesays.com\/fr\/wp-json\/wp\/v2\/posts"}],"about":[{"href":"https:\/\/www.europesays.com\/fr\/wp-json\/wp\/v2\/types\/post"}],"author":[{"embeddable":true,"href":"https:\/\/www.europesays.com\/fr\/wp-json\/wp\/v2\/users\/2"}],"replies":[{"embeddable":true,"href":"https:\/\/www.europesays.com\/fr\/wp-json\/wp\/v2\/comments?post=592420"}],"version-history":[{"count":0,"href":"https:\/\/www.europesays.com\/fr\/wp-json\/wp\/v2\/posts\/592420\/revisions"}],"wp:featuredmedia":[{"embeddable":true,"href":"https:\/\/www.europesays.com\/fr\/wp-json\/wp\/v2\/media\/592421"}],"wp:attachment":[{"href":"https:\/\/www.europesays.com\/fr\/wp-json\/wp\/v2\/media?parent=592420"}],"wp:term":[{"taxonomy":"category","embeddable":true,"href":"https:\/\/www.europesays.com\/fr\/wp-json\/wp\/v2\/categories?post=592420"},{"taxonomy":"post_tag","embeddable":true,"href":"https:\/\/www.europesays.com\/fr\/wp-json\/wp\/v2\/tags?post=592420"}],"curies":[{"name":"wp","href":"https:\/\/api.w.org\/{rel}","templated":true}]}}