{"id":592430,"date":"2025-12-11T08:39:17","date_gmt":"2025-12-11T08:39:17","guid":{"rendered":"https:\/\/www.europesays.com\/fr\/592430\/"},"modified":"2025-12-11T08:39:17","modified_gmt":"2025-12-11T08:39:17","slug":"shell-poursuivi-au-royaume-uni-par-des-survivants-dun-typhon-aux-philippines-liberation","status":"publish","type":"post","link":"https:\/\/www.europesays.com\/fr\/592430\/","title":{"rendered":"Shell poursuivi au Royaume-Uni par des survivants d\u2019un typhon aux Philippines \u2013 Lib\u00e9ration"},"content":{"rendered":"<p class=\"sc-cPiKLX AiZTS text-element\">Un type d\u2019affaires de plus en plus fr\u00e9quent. Une plainte, qui s\u2019appuie sur le droit philippin, a \u00e9t\u00e9 d\u00e9pos\u00e9e mercredi contre le g\u00e9ant britannique des hydrocarbures Shell au nom de 103 survivants du <a href=\"https:\/\/www.liberation.fr\/international\/asie-pacifique\/le-typhon-rai-fouette-et-balaye-les-philippines-20211216_FCCVRL6ZLJCYRN2J7WGOSRYVNI\/\" target=\"_blank\" rel=\"noopener\" title=\"https:\/\/www.liberation.fr\/international\/asie-pacifique\/le-typhon-rai-fouette-et-balaye-les-philippines-20211216_FCCVRL6ZLJCYRN2J7WGOSRYVNI\/\">typhon Rai aux Philippines<\/a> qui a ravag\u00e9 des r\u00e9gions tr\u00e8s pauvres du pays en d\u00e9cembre 2021, faisant <a href=\"https:\/\/www.liberation.fr\/international\/au-moins-375-morts-aux-philippines-lurgence-humanitaire-apres-le-passage-du-typhon-rai-20211220_XRL5TPPXQNANDLE7FLBG7TZHSQ\/\" target=\"_blank\" rel=\"noopener\" title=\"https:\/\/www.liberation.fr\/international\/au-moins-375-morts-aux-philippines-lurgence-humanitaire-apres-le-passage-du-typhon-rai-20211220_XRL5TPPXQNANDLE7FLBG7TZHSQ\/\">plus de 400 morts<\/a> et des centaines de milliers de sans-abri. Les plaignants demandent \u00abr\u00e9paration pour les vies perdues, les blessures subies et les maisons d\u00e9truites\u00bb, selon le communiqu\u00e9.<\/p>\n<p class=\"sc-cPiKLX AiZTS text-element\">Cette plainte constitue selon des ONG, dont Greenpeace, \u00abune contribution essentielle au mouvement mondial grandissant visant \u00e0 remettre en cause l\u2019impunit\u00e9 des compagnies p\u00e9troli\u00e8res\u00bb. Elle s\u2019inscrit dans la continuit\u00e9 de la reconnaissance en mai par la justice allemande d\u2019une <a href=\"https:\/\/reporterre.net\/Crise-climatique-la-justice-allemande-reconnait-la-responsabilite-des-energeticiens\" target=\"_blank\" rel=\"noopener\" title=\"https:\/\/reporterre.net\/Crise-climatique-la-justice-allemande-reconnait-la-responsabilite-des-energeticiens\">responsabilit\u00e9 mondiale des entreprises productrices d\u2019\u00e9lectricit\u00e9 <\/a>dans les dommages li\u00e9s aux \u00e9missions de gaz \u00e0 effet de serre, quel que soit l\u2019endroit o\u00f9 ils se produisent.<\/p>\n<p class=\"sc-cPiKLX AiZTS text-element\">Les affaires de ce genre se multiplient dans le monde entier. Il s\u2019agit d\u2019\u00abune \u00e9tape d\u00e9cisive pour tenir le g\u00e9ant p\u00e9trolier Shell responsable des morts, blessures et destructions caus\u00e9es par cette temp\u00eate\u00bb, est-il soulign\u00e9 dans le communiqu\u00e9 des ONG, \u00e9galement sign\u00e9 par Philippine Movement for Climate Justice et Legal Rights and Natural Resources Center. Le d\u00e9p\u00f4t de la plainte devant la Haute Cour de Londres \u00e9tait consultable mercredi sur le site recensant les proc\u00e9dures au Royaume-Uni.<\/p>\n<p class=\"sc-cPiKLX AiZTS text-element\">Un porte-parole de <a href=\"https:\/\/www.liberation.fr\/international\/europe\/pays-bas-des-ong-deboutees-en-appel-dans-une-affaire-climatique-contre-shell-20241112_RIXRMYUQHNERHNI2U3EKTD3RPQ\/\" target=\"_blank\" rel=\"noopener\" title=\"https:\/\/www.liberation.fr\/international\/europe\/pays-bas-des-ong-deboutees-en-appel-dans-une-affaire-climatique-contre-shell-20241112_RIXRMYUQHNERHNI2U3EKTD3RPQ\/\">Shell<\/a> a d\u00e9nonc\u00e9 \u00abune all\u00e9gation infond\u00e9e, qui n\u2019aidera pas \u00e0 lutter contre le changement climatique, ni \u00e0 r\u00e9duire les \u00e9missions\u00bb. \u00abChez Shell, nous r\u00e9duisons les \u00e9missions de nos op\u00e9rations et aidons nos clients \u00e0 r\u00e9duire les leurs\u00bb, a-t-il ajout\u00e9 dans sa d\u00e9claration \u00e0 l\u2019AFP.<\/p>\n<p class=\"sc-cPiKLX AiZTS text-element\">Les Philippines, class\u00e9es parmi les pays les plus expos\u00e9s au changement climatique, sont balay\u00e9es par pr\u00e8s de 20 temp\u00eates tropicales ou typhons chaque ann\u00e9e. \u00abLes habitants des \u00eeles comme nous ne contribuent que tr\u00e8s peu \u00e0 la pollution. Mais qui en paye le prix ? Les pauvres comme nous\u00bb, raconte \u00e0 l\u2019AFP Trixy Elle, l\u2019une des plaignantes dont la maison familiale et quatre bateaux ont \u00e9t\u00e9 emport\u00e9s par la temp\u00eate. Cette femme de 34 ans, qui explique que sa famille continue de rembourser les pr\u00eats contract\u00e9s apr\u00e8s la catastrophe, r\u00e9clame un million de pesos philippins de dommages et int\u00e9r\u00eats, soit environ 14 500 euros.<\/p>\n<p class=\"sc-cPiKLX AiZTS text-element\">Les plaignants disent s\u2019appuyer sur \u00abdes preuves scientifiques, notamment de nouvelles recherches qui permettent d\u00e9sormais d\u2019attribuer directement des \u00e9v\u00e9nements m\u00e9t\u00e9orologiques extr\u00eames individuels au changement climatique et les \u00e9missions \u00e0 des compagnies p\u00e9troli\u00e8res sp\u00e9cifiques\u00bb. Leur action est \u00e9galement soutenue par l\u2019avis in\u00e9dit &#8211; bien que non contraignant &#8211; rendu fin juillet par la Cour de justice internationale, selon lequel les Etats qui violent leurs obligations climatiques pourraient se voir r\u00e9clamer des r\u00e9parations par les pays les plus affect\u00e9s.<\/p>\n<p class=\"sc-cPiKLX AiZTS text-element\">De nombreux experts concordent \u00e0 dire que cette analyse va influencer les tribunaux de la plan\u00e8te, les n\u00e9gociations sur le climat et les d\u00e9lib\u00e9rations politiques \u00e0 travers le globe. \u00abLes survivants soutiennent que Shell, responsable de plus de 41 milliards de tonnes d\u2019\u00e9quivalent CO2, soit plus de 2 % des \u00e9missions mondiales de combustibles fossiles, ne peut pas invoquer l\u2019ignorance\u00bb, est-il soulign\u00e9 dans le communiqu\u00e9 des ONG.<\/p>\n<p class=\"sc-cPiKLX AiZTS text-element\">L\u2019entreprise a fait machine arri\u00e8re ces derni\u00e8res ann\u00e9es sur certains de ses objectifs climatiques pour se recentrer sur les hydrocarbures, dans l\u2019espoir de doper ses b\u00e9n\u00e9fices. Le groupe est r\u00e9guli\u00e8rement attaqu\u00e9 pour le co\u00fbt environnemental de ses activit\u00e9s p\u00e9troli\u00e8res, en particulier au Nigeria.<\/p>\n","protected":false},"excerpt":{"rendered":"Un type d\u2019affaires de plus en plus fr\u00e9quent. Une plainte, qui s\u2019appuie sur le droit philippin, a \u00e9t\u00e9&hellip;\n","protected":false},"author":2,"featured_media":592431,"comment_status":"","ping_status":"","sticky":false,"template":"","format":"standard","meta":{"footnotes":""},"categories":[1588],"tags":[11,1777,674,33674,12,1333,473,1853,1851,1850,1852],"class_list":{"0":"post-592430","1":"post","2":"type-post","3":"status-publish","4":"format-standard","5":"has-post-thumbnail","7":"category-royaume-uni","8":"tag-actualites","9":"tag-eu","10":"tag-europe","11":"tag-hydrocarbure","12":"tag-news","13":"tag-philippines","14":"tag-royaume-uni","15":"tag-royaume-uni-de-grande-bretagne-et-dirlande-du-nord","16":"tag-uk","17":"tag-united-kingdom","18":"tag-united-kingdom-of-great-britain-and-northern-ireland"},"share_on_mastodon":{"url":"https:\/\/pubeurope.com\/@fr\/115700037464640068","error":""},"_links":{"self":[{"href":"https:\/\/www.europesays.com\/fr\/wp-json\/wp\/v2\/posts\/592430","targetHints":{"allow":["GET"]}}],"collection":[{"href":"https:\/\/www.europesays.com\/fr\/wp-json\/wp\/v2\/posts"}],"about":[{"href":"https:\/\/www.europesays.com\/fr\/wp-json\/wp\/v2\/types\/post"}],"author":[{"embeddable":true,"href":"https:\/\/www.europesays.com\/fr\/wp-json\/wp\/v2\/users\/2"}],"replies":[{"embeddable":true,"href":"https:\/\/www.europesays.com\/fr\/wp-json\/wp\/v2\/comments?post=592430"}],"version-history":[{"count":0,"href":"https:\/\/www.europesays.com\/fr\/wp-json\/wp\/v2\/posts\/592430\/revisions"}],"wp:featuredmedia":[{"embeddable":true,"href":"https:\/\/www.europesays.com\/fr\/wp-json\/wp\/v2\/media\/592431"}],"wp:attachment":[{"href":"https:\/\/www.europesays.com\/fr\/wp-json\/wp\/v2\/media?parent=592430"}],"wp:term":[{"taxonomy":"category","embeddable":true,"href":"https:\/\/www.europesays.com\/fr\/wp-json\/wp\/v2\/categories?post=592430"},{"taxonomy":"post_tag","embeddable":true,"href":"https:\/\/www.europesays.com\/fr\/wp-json\/wp\/v2\/tags?post=592430"}],"curies":[{"name":"wp","href":"https:\/\/api.w.org\/{rel}","templated":true}]}}