{"id":592443,"date":"2025-12-11T08:46:20","date_gmt":"2025-12-11T08:46:20","guid":{"rendered":"https:\/\/www.europesays.com\/fr\/592443\/"},"modified":"2025-12-11T08:46:20","modified_gmt":"2025-12-11T08:46:20","slug":"victor-perez-explique-pourquoi-il-a-vraiment-decide-de-rejoindre-le-liv-golf","status":"publish","type":"post","link":"https:\/\/www.europesays.com\/fr\/592443\/","title":{"rendered":"Victor Perez explique pourquoi il a vraiment d\u00e9cid\u00e9 de rejoindre le LIV Golf"},"content":{"rendered":"<p>\t\t\t\t\t\t<img width=\"770\" height=\"555\" src=\"https:\/\/www.europesays.com\/fr\/wp-content\/uploads\/2025\/11\/perezcleeks-770x555.jpg\" class=\"img-responsive wp-post-image\" alt=\"\" decoding=\"async\" fetchpriority=\"high\"  \/>\t\t\t\t\t<\/p>\n<p>\t\t\t\t\t\t Partager cet article <\/p>\n<p class=\"screen-reader-text juiz_sps_maybe_hidden_text\">Partager la publication \u00ab\u00a0Victor Perez explique pourquoi il a vraiment d\u00e9cid\u00e9 de rejoindre le LIV Golf\u00a0\u00bb<\/p>\n<p><strong>Les perspectives quasi nulles d\u2019accrocher le top 100 de la FedEx Cup sur le PGA Tour pour 2026 ont visiblement contraint Victor Perez \u00e0 se rapprocher du Circuit saoudien, et ce d\u00e8s la mi-saison. Dans une interview accord\u00e9e \u00e0 nos confr\u00e8res de Today\u2019s Golfer, le Fran\u00e7ais joue la transparence.<\/strong><\/p>\n<p><strong>L.V.<\/strong><\/p>\n<p>\u00ab\u00a0<a href=\"https:\/\/www.golfplanete.com\/actualites\/victor-perez-je-veux-rester-sur-le-pga-tour\/\" target=\"_blank\" rel=\"noopener\">Je veux rester sur le PGA Tour<\/a> \u00bb C\u2019est par cette d\u00e9claration \u00e0 l\u2019\u00e9poque franche et directe que nous avions titr\u00e9 \u00e0 Golf Plan\u00e8te notre entretien r\u00e9alis\u00e9 avec <strong>Victor Perez<\/strong> 48 heures seulement avant le coup d\u2019envoi du <strong>FedEx Open de France<\/strong> d\u00e9localis\u00e9 \u00e0 <strong>St-Nom-la-Bret\u00e8che<\/strong> (18-21 septembre) en raison des travaux effectu\u00e9s au m\u00eame moment au <strong>Golf National<\/strong>.<\/p>\n<p>Le Fran\u00e7ais effectuait un court d\u00e9placement en r\u00e9gion parisienne alors que dans le m\u00eame temps il tentait de conserver son droit de jeu sur le <strong>PGA Tour<\/strong>, mal embarqu\u00e9 \u00e0 la <strong>FedEx Cup<\/strong> o\u00f9 seuls les 100 premiers \u00e0 l\u2019issue des <strong>Fall Series<\/strong> conserveraient leur statut pour la saison 2026.<\/p>\n<p>Pourtant, \u00e0 cette \u00e9poque, d\u00e9j\u00e0, le Tarbais, promu sur le PGA Tour \u00e0 la fin de la saison 2023 du <strong>DP World Tour<\/strong>, savait que son avenir se jouerait tr\u00e8s certainement ailleurs qu\u2019aux Etats-Unis. C\u2019est ce qu\u2019il a clairement laisser entendre \u00e0 nos confr\u00e8res de Today\u2019s Golfer o\u00f9, dans une longue interview dat\u00e9e du 10 d\u00e9cembre 2025, il explique avoir commenc\u00e9 d\u00e8s la mi-saison \u00e0 trouver une solution de repli estimant qu\u2019il n\u2019aurait que tr\u00e8s peu de chance de poursuivre l\u2019aventure au plus haut niveau sur le plus relev\u00e9 des circuits mondiaux. \u00a0<\/p>\n<blockquote><p>&#13;<br \/>\nJ\u2019avais vraiment l\u2019impression que le syst\u00e8me de classement du PGA Tour me d\u00e9savantageait \u00e9norm\u00e9ment.&#13;<br \/>\n&#13;<br \/>\nVictor Perez<\/p><\/blockquote>\n<p>\u00ab Je ne dirais pas que j\u2019ai r\u00e9alis\u00e9 mes deux meilleures saisons l\u00e0-bas, pr\u00e9cise-t-il. J\u2019ai bien jou\u00e9, mais mes r\u00e9sultats n\u2019\u00e9taient pas assez bons pour me permettre de pr\u00e9tendre \u00e0 la victoire. Et j\u2019avais vraiment l\u2019impression que le syst\u00e8me de classement du PGA Tour me d\u00e9savantageait \u00e9norm\u00e9ment. \u00bb<\/p>\n<p>\u00ab\u00a0Ne pas participer aux Signature Events a \u00e9t\u00e9 un gros point noir pour moi, poursuit-il. J\u2019aurais \u00e9videmment pu mieux jouer, mais en m\u00eame temps, j\u2019avais l\u2019impression que le niveau \u00e9tait vraiment tr\u00e8s concentr\u00e9 sur les meilleurs joueurs. Et une fois qu\u2019on sort du top 10, on ne profite pas vraiment des semaines de comp\u00e9tition, ce qui est un peu ce qui m\u2019est arriv\u00e9.\u00a0\u00bb<\/p>\n<p>\u00ab\u00a0Personnellement, \u00e7a a \u00e9t\u00e9 assez difficile d\u2019arriver sur le PGA Tour en 2024 et de voir les r\u00e8gles changer imm\u00e9diatement, reconnait-il encore. \u00c7a a commenc\u00e9 avec les tournois de niveau sup\u00e9rieur, auxquels je n\u2019ai pas particip\u00e9, et puis cette ann\u00e9e, ils ont annonc\u00e9\u00a0: \u00ab\u00a0On n\u2019aura plus que 100 cartes au lieu de 125.\u00a0\u00bb Et il semble qu\u2019un autre changement soit pr\u00e9vu pour la saison prochaine, voire la suivante. J\u2019ai donc eu du mal \u00e0 supporter cette instabilit\u00e9. Ils ont chang\u00e9 de PDG, et il s\u2019est pass\u00e9 beaucoup de choses qui ont rendu difficile de vraiment croire au produit.\u00a0\u00bb<\/p>\n<p>L\u2019entretien d\u00e9cisif avec Brian Rolapp, le patron du PGA Tour<\/p>\n<p>L\u2019effet d\u00e9clencheur, l\u2019id\u00e9e de se dire qu\u2019il devait envisager d\u2019autres options pour sa carri\u00e8re, c\u2019est sans aucun doute cette discussion provoqu\u00e9e avec le nouveau PDG du PGA Tour, <strong>Brian Rolapp<\/strong>, \u00e0 la mi-saison, o\u00f9 celui-ci n\u2019a apparemment pas su lui apporter les assurances ni les \u00e9claircissements qu\u2019il recherchait. C\u2019est indiscutablement ici le point de d\u00e9part des n\u00e9gociations qu\u2019il a alors entam\u00e9es avec le <strong>Cleeks Golf Club<\/strong>.<\/p>\n<p>\u00ab Il y a cinq ans, \u00e0 mes d\u00e9buts, si on m\u2019avait dit qu\u2019un jour j\u2019enverrais un courriel pour d\u00e9missionner du PGA Tour, je ne l\u2019aurais pas cru, annonce-t-il encore \u00e0 Today\u2019s Golfer. Mais c\u2019est ainsi. Vu o\u00f9 j\u2019en suis dans ma carri\u00e8re, j\u2019ai compris que le PGA Tour n\u2019\u00e9tait pas ce qu\u2019il y avait de mieux pour moi et ma famille. \u00bb<\/p>\n<blockquote><p>&#13;<br \/>\nCe serait absurde de dire que l\u2019argent n\u2019a pas jou\u00e9 un r\u00f4le&#13;<br \/>\n&#13;<br \/>\nVictor Perez<\/p><\/blockquote>\n<p>\u00ab Ce n\u2019est pas une d\u00e9cision que j\u2019ai prise \u00e0 la l\u00e9g\u00e8re. J\u2019ai essay\u00e9 de parler \u00e0 un large \u00e9ventail de personnes, et pas seulement aux joueurs. Si je vous donnais la liste compl\u00e8te, cela prendrait du temps, mais j\u2019ai certainement discut\u00e9 avec beaucoup de personnes qui m\u2019ont apport\u00e9 diff\u00e9rents points de vue. \u00bb<\/p>\n<p>Sans \u00e9voquer le montant de son contrat avec l\u2019\u00e9quipe de Cleeks Golf Club emmen\u00e9e par son capitaine, l\u2019Allemand <strong>Martin Kaymer<\/strong>, Victor Perez joue l\u00e0 aussi la transparence. Mais le Fran\u00e7ais reste lucide sur sa situation alors que les discussions semblent au point mort entre le Circuit saoudien et les deux Tours les plus importants du golf professionnel masculin, le PGA Tour et le DP World Tour.<\/p>\n<p>\u00ab Ce serait absurde de dire que l\u2019argent n\u2019a pas jou\u00e9 un r\u00f4le, conclut-il. Mais je crois que ces opportunit\u00e9s se pr\u00e9sentent \u00e0 certains moments de la vie. Comme on dit, le timing est primordial. C\u2019est un contrat pluriannuel auquel je me suis engag\u00e9 et j\u2019en suis ravi. Cela me procure \u00e9videmment une plus grande stabilit\u00e9 sur le long terme, mais ce serait na\u00eff de penser que je me repose sur mes lauriers et que je n\u2019ai plus \u00e0 me soucier de mes performances. \u00bb<\/p>\n<p>Au Hero Duba\u00ef Desert Classic\u2026 Normalement !<\/p>\n<p>On devrait le retrouver \u00e0 la mi-janvier aux Emirats arabes unis pour le <strong>Hero Duba\u00ef Desert Classic<\/strong> (22-25 janvier) avant le d\u00e9but de la saison 2026 sur le LIV pr\u00e9vue \u00e0 <strong>Riyadh<\/strong> (Arabie saoudite) le 4 f\u00e9vrier. Le Fran\u00e7ais a semble-t-il toujours l\u2019intention de conserver son adh\u00e9sion au Tour europ\u00e9en, bien qu\u2019il y ait de fortes chances qu\u2019il ne puisse pas le faire si les sanctions et suspensions continuent d\u2019\u00eatre appliqu\u00e9es aux joueurs participant \u00e0 des \u00e9v\u00e9nements du LIV concurrents sans autorisation.\u00a0<\/p>\n<p>On rappelle sur ce dernier point que le LIV Golf a d\u00e9j\u00e0 inform\u00e9 ses membres qu\u2019il ne couvrirait plus les amendes financi\u00e8res impos\u00e9es aux joueurs \u00e0 partir de 2026, une d\u00e9cision qui pourrait avoir de lourdes r\u00e9percussions si le panel d\u2019arbitrage de<strong> Sports Resolutions<\/strong> se prononce contre <strong>Jon Rahm<\/strong> et <strong>Tyrrell Hatton<\/strong>, deux des pi\u00e8ces ma\u00eetresses de l\u2019\u00e9quipe europ\u00e9enne de <strong>Ryder Cup<\/strong>, dans leurs appels en cours contre de telles sanctions.<\/p>\n<p>Photo : LIV Golf<\/p>\n","protected":false},"excerpt":{"rendered":"Partager cet article Partager la publication \u00ab\u00a0Victor Perez explique pourquoi il a vraiment d\u00e9cid\u00e9 de rejoindre le LIV&hellip;\n","protected":false},"author":2,"featured_media":551844,"comment_status":"","ping_status":"","sticky":false,"template":"","format":"standard","meta":{"footnotes":""},"categories":[1418],"tags":[1011,27,1472,60],"class_list":{"0":"post-592443","1":"post","2":"type-post","3":"status-publish","4":"format-standard","5":"has-post-thumbnail","7":"category-golf","8":"tag-fr","9":"tag-france","10":"tag-golf","11":"tag-sports"},"share_on_mastodon":{"url":"https:\/\/pubeurope.com\/@fr\/115700065696199498","error":""},"_links":{"self":[{"href":"https:\/\/www.europesays.com\/fr\/wp-json\/wp\/v2\/posts\/592443","targetHints":{"allow":["GET"]}}],"collection":[{"href":"https:\/\/www.europesays.com\/fr\/wp-json\/wp\/v2\/posts"}],"about":[{"href":"https:\/\/www.europesays.com\/fr\/wp-json\/wp\/v2\/types\/post"}],"author":[{"embeddable":true,"href":"https:\/\/www.europesays.com\/fr\/wp-json\/wp\/v2\/users\/2"}],"replies":[{"embeddable":true,"href":"https:\/\/www.europesays.com\/fr\/wp-json\/wp\/v2\/comments?post=592443"}],"version-history":[{"count":0,"href":"https:\/\/www.europesays.com\/fr\/wp-json\/wp\/v2\/posts\/592443\/revisions"}],"wp:featuredmedia":[{"embeddable":true,"href":"https:\/\/www.europesays.com\/fr\/wp-json\/wp\/v2\/media\/551844"}],"wp:attachment":[{"href":"https:\/\/www.europesays.com\/fr\/wp-json\/wp\/v2\/media?parent=592443"}],"wp:term":[{"taxonomy":"category","embeddable":true,"href":"https:\/\/www.europesays.com\/fr\/wp-json\/wp\/v2\/categories?post=592443"},{"taxonomy":"post_tag","embeddable":true,"href":"https:\/\/www.europesays.com\/fr\/wp-json\/wp\/v2\/tags?post=592443"}],"curies":[{"name":"wp","href":"https:\/\/api.w.org\/{rel}","templated":true}]}}