{"id":592444,"date":"2025-12-11T08:48:15","date_gmt":"2025-12-11T08:48:15","guid":{"rendered":"https:\/\/www.europesays.com\/fr\/592444\/"},"modified":"2025-12-11T08:48:15","modified_gmt":"2025-12-11T08:48:15","slug":"portrait-adrien-pelissie-parrain-des-trophees-du-rugby-amateur-jai-paye-un-lourd-tribut-mais-le-rugby-ma-fait-vivre-des-moments-inoubliables","status":"publish","type":"post","link":"https:\/\/www.europesays.com\/fr\/592444\/","title":{"rendered":"PORTRAIT. Adrien P\u00e9lissi\u00e9, parrain des Troph\u00e9es du rugby amateur\u00a0: \u00ab\u00a0J\u2019ai pay\u00e9 un lourd tribut mais le rugby m\u2019a fait vivre des moments inoubliables\u00a0\u00bb"},"content":{"rendered":"<p>\n                                                                    l&rsquo;essentiel<br \/>\n                                                                Originaire de Septfonds, l\u2019ancien talonneur international pass\u00e9 par Aurillac, Bordeaux, Clermont et Brive sera le parrain ce jeudi 11\u00a0d\u00e9cembre 2025 des 7\u1d49\u02e2 Troph\u00e9es du rugby amateur de Tarn-et-Garonne organis\u00e9s par La D\u00e9p\u00eache du Midi au Pavillon Sapiac Rural Master, \u00e0 Montauban.\n                            <\/p>\n<p>Apr\u00e8s Fabien Pelous l\u2019an pass\u00e9, c\u2019est un autre international, certes moins cap\u00e9, qui va officier comme parrain des Troph\u00e9es du rugby amateur, d\u00e9cern\u00e9s jeudi 11\u00a0d\u00e9cembre 2025 au Pavillon Sapiac \u00e0 Montauban\u00a0: Adrien P\u00e9lissi\u00e9. Un Tarn-et-Garonnais pure souche originaire de Septfonds. Le talonneur a commenc\u00e9 \u00e0 l\u2019\u00e9cole de rugby de Quercy rugby avant d\u2019\u00e9migrer \u00e0 l\u2019US Caussade o\u00f9 il a fait ses ann\u00e9es de cadet et junior, allant m\u00eame jusqu\u2019\u00e0 jouer quelques rencontres avec l\u2019\u00e9quipe premi\u00e8re en F\u00e9d\u00e9rale 3.<\/p>\n<p>Dans le viseur de plusieurs clubs, il a pass\u00e9 un an \u00e0 l\u2019USM en Reichel alors que le club \u00e9tait r\u00e9trograd\u00e9 en F\u00e9d\u00e9rale 1, trois ans au Castres Olympique pour commencer sa carri\u00e8re pro \u00e0 Aurillac. Bordeaux, Clermont-Ferrand et Brive figurent sur sa carte de visite, mais plusieurs graves blessures l\u2019ont oblig\u00e9 \u00e0 arr\u00eater le rugby en 2023.<\/p>\n<p>\u00ab\u00a0Au d\u00e9but, je n\u2019\u00e9tais pas du tout c\u00e2bl\u00e9 pour \u00eatre professionnel, je me destinais au m\u00e9tier d\u2019agriculteur. Je n\u2019ai pas de conseils \u00e0 donner, mais \u00e0 mon avis, il faut toujours prendre du plaisir, il ne faut pas que \u00e7a devienne un boulot comme un autre. Un jeune qui commence, il doit travailler, parfois plus que les autres. Il y a aussi des concours de circonstances, sachant que la vie ne s\u2019arr\u00eate pas au rugby.\u00a0\u00bb<\/p>\n<blockquote>\n<p>\u00ab\u00a0J\u2019ai d\u00fb dig\u00e9rer ma fin de carri\u00e8re car tout s\u2019arr\u00eate du jour au lendemain. Je n\u2019ai pas \u00e0 me plaindre, cela aurait pu aller jusqu\u2019\u00e0 l\u2019amputation.\u00a0\u00bb<\/p>\n<\/blockquote>\n<p>Adrien P\u00e9lissi\u00e9 sait de quoi il parle, lui qui a endur\u00e9 de grosses blessures qui le handicapent encore aujourd\u2019hui\u00a0: deux ruptures des ligaments crois\u00e9s du genou et surtout un arrachement de tous les ligaments d\u2019une jambe.<\/p>\n<p>\u00ab\u00a0J\u2019ai d\u00fb dig\u00e9rer ma fin de carri\u00e8re car tout s\u2019arr\u00eate du jour au lendemain. J\u2019avais 35 ans, mais je ne jouais plus depuis un an. Je n\u2019ai pas pu marcher pendant deux mois et demi et je ne peux pas courir, jouer au rugby avec les copains ni m\u00eame me mettre \u00e0 genoux. Je vais voir mon p\u00e8re et mon fr\u00e8re sur l\u2019exploitation, mais physiquement, je suis incapable de reprendre, je ne suis pas pr\u00eat. Je n\u2019ai pas \u00e0 me plaindre, cela aurait pu aller jusqu\u2019\u00e0 l\u2019amputation. J\u2019ai pay\u00e9 un lourd tribut, mais le rugby m\u2019a fait vivre des moments inoubliables, m\u00eame si \u00e7a s\u2019est fini un peu en queue de poisson\u2026\u00a0\u00bb Depuis, Adrien P\u00e9lissi\u00e9 se soigne et esp\u00e8re toujours reprendre un jour l\u2019exploitation familiale.<\/p>\n<blockquote>\n<p>\u00ab\u00a0Sans les b\u00e9n\u00e9voles, il n\u2019y aurait plus de convivialit\u00e9.\u00a0\u00bb<\/p>\n<\/blockquote>\n<p>Jeudi soir, il f\u00eatera le rugby amateur avec plaisir. \u00ab\u00a0On commence tous le rugby quelque part. Je suis pass\u00e9 par le rugby amateur et j\u2019ai de tr\u00e8s bons souvenirs, notamment des d\u00e9placements \u00e0 la journ\u00e9e avec des histoires rocambolesques. Le gros probl\u00e8me des clubs actuellement, c\u2019est le b\u00e9n\u00e9volat. J\u2019ai le souvenir des types qui s\u2019occupaient de nous, faisaient les d\u00e9placements et \u00e9taient aux petits soins. Je me souviens des dames et des messieurs qui pr\u00e9paraient les go\u00fbters de l\u2019\u00e9cole de rugby et les repas, des intendants qui lavaient les maillots. Ils aiment ce qu\u2019ils font. Sans eux, il n\u2019y aurait plus autant de convivialit\u00e9 dans les clubs.\u00a0\u00bb<\/p>\n<p>De temps \u00e0 autre, l\u2019ancien talonneur intervient \u00e0 l\u2019\u00e9cole de rugby de Septfonds comme consultant avec l\u2019humilit\u00e9 qui le caract\u00e9rise. \u00ab\u00a0C\u2019est mon club de village, mais je ne viens qu\u2019une \u00e0 deux fois par mois. Cela me permet de garder un lien avec le rugby.\u00a0\u00bb Un lien qu\u2019il entretiendra ce soir comme parrain des Troph\u00e9es du rugby amateur.<\/p>\n","protected":false},"excerpt":{"rendered":"l&rsquo;essentiel Originaire de Septfonds, l\u2019ancien talonneur international pass\u00e9 par Aurillac, Bordeaux, Clermont et Brive sera le parrain ce&hellip;\n","protected":false},"author":2,"featured_media":592445,"comment_status":"","ping_status":"","sticky":false,"template":"","format":"standard","meta":{"footnotes":""},"categories":[1416],"tags":[1011,27,479,1468,68796,70556,70555,517,60,36586,70557],"class_list":{"0":"post-592444","1":"post","2":"type-post","3":"status-publish","4":"format-standard","5":"has-post-thumbnail","7":"category-rugby","8":"tag-fr","9":"tag-france","10":"tag-rugby","11":"tag-rugby-football","12":"tag-rugby-u00e0-xv","13":"tag-rugby-u00e0-xv-amateurs","14":"tag-septfonds","15":"tag-sport","16":"tag-sports","17":"tag-tarn-et-garonne","18":"tag-trophu00e9es-rugby-amateurs-82"},"share_on_mastodon":{"url":"","error":""},"_links":{"self":[{"href":"https:\/\/www.europesays.com\/fr\/wp-json\/wp\/v2\/posts\/592444","targetHints":{"allow":["GET"]}}],"collection":[{"href":"https:\/\/www.europesays.com\/fr\/wp-json\/wp\/v2\/posts"}],"about":[{"href":"https:\/\/www.europesays.com\/fr\/wp-json\/wp\/v2\/types\/post"}],"author":[{"embeddable":true,"href":"https:\/\/www.europesays.com\/fr\/wp-json\/wp\/v2\/users\/2"}],"replies":[{"embeddable":true,"href":"https:\/\/www.europesays.com\/fr\/wp-json\/wp\/v2\/comments?post=592444"}],"version-history":[{"count":0,"href":"https:\/\/www.europesays.com\/fr\/wp-json\/wp\/v2\/posts\/592444\/revisions"}],"wp:featuredmedia":[{"embeddable":true,"href":"https:\/\/www.europesays.com\/fr\/wp-json\/wp\/v2\/media\/592445"}],"wp:attachment":[{"href":"https:\/\/www.europesays.com\/fr\/wp-json\/wp\/v2\/media?parent=592444"}],"wp:term":[{"taxonomy":"category","embeddable":true,"href":"https:\/\/www.europesays.com\/fr\/wp-json\/wp\/v2\/categories?post=592444"},{"taxonomy":"post_tag","embeddable":true,"href":"https:\/\/www.europesays.com\/fr\/wp-json\/wp\/v2\/tags?post=592444"}],"curies":[{"name":"wp","href":"https:\/\/api.w.org\/{rel}","templated":true}]}}