{"id":592446,"date":"2025-12-11T08:49:25","date_gmt":"2025-12-11T08:49:25","guid":{"rendered":"https:\/\/www.europesays.com\/fr\/592446\/"},"modified":"2025-12-11T08:49:25","modified_gmt":"2025-12-11T08:49:25","slug":"les-bleus-en-force-a-melbourne","status":"publish","type":"post","link":"https:\/\/www.europesays.com\/fr\/592446\/","title":{"rendered":"Les Bleus en force \u00e0 Melbourne !"},"content":{"rendered":"<p><strong>Les organisateurs ont d\u00e9voil\u00e9 ce<br \/>\nmardi la liste des joueurs qui feront partie du grand tableau de<br \/>\nl&rsquo;Open d&rsquo;Australie en janvier prochain. Quatorze Fran\u00e7ais et quatre<br \/>\nFran\u00e7aises sont concern\u00e9s en attendant les deux invitations<br \/>\nsuppl\u00e9mentaires dans le cadre de l&rsquo;accord de r\u00e9ciprocit\u00e9 entre la<br \/>\nFFT et la F\u00e9d\u00e9ration australienne.<\/strong><\/p>\n<p>Les Bleus seront massivement repr\u00e9sent\u00e9s lors du prochain Open<br \/>\nd\u2019Australie. Les organisateurs du traditionnel premier tournoi de<br \/>\nla saison en Grand Chelem ont lev\u00e9 le voile ce mardi sur la liste<br \/>\ndes joueurs et joueurs qui int\u00e9greront directement le tableau<br \/>\nprincipal en janvier prochain, lors de cette nouvelle \u00e9dition du<br \/>\nrendez-vous de Melbourne, programm\u00e9 du 19 janvier au 1er f\u00e9vrier<br \/>\nprochain. Et l\u2019Australie peut d\u2019ores et d\u00e9j\u00e0 s\u2019attendre \u00e0 voir<br \/>\nd\u00e9barquer une forte colonie fran\u00e7aise \u00e0 Melbourne Park en d\u00e9but<br \/>\nd\u2019ann\u00e9e 2026, pour ce qui est des supporters bien s\u00fbr, mais donc<br \/>\n\u00e9galement des joueurs engag\u00e9s.<\/p>\n<p>Quatorze Tricolores prendront ainsi place dans le grand tableau<br \/>\nchez les hommes, quand quatre de nos repr\u00e9sentantes auront elles<br \/>\naussi cette honneur en ce qui concerne le tournoi f\u00e9minin. Mais les<br \/>\nFran\u00e7ais seront encore plus nombreux. A ces dix-huit joueurs hommes<br \/>\net femmes confondus propuls\u00e9s directement dans le tableau principal<br \/>\ndu prochain Open d\u2019Australie, il conviendra en effet d\u2019en ajouter<br \/>\ndeux autres \u2013 un chez les hommes et l\u2019autre chez les femmes \u2013 en<br \/>\nvertu de cet accord de r\u00e9ciprocit\u00e9 qui unit la F\u00e9d\u00e9ration fran\u00e7aise<br \/>\nde tennis (FFT) et son homologue australienne. Un deal qui permet \u00e0<br \/>\nun Fran\u00e7ais ainsi qu\u2019\u00e0 une Fran\u00e7aise de b\u00e9n\u00e9ficier d\u2019une invitation<br \/>\nde la m\u00eame fa\u00e7on que les Australiens se voient attribuer deux<br \/>\nwild-cards \u00e0 Roland-Garros.<\/p>\n<p><strong>Qui pour succ\u00e9der \u00e0<br \/>\nPouille et Paquet ?<\/strong><\/p>\n<p>Chez les femmes, Lo\u00efs Boisson, Elsa Jacquemot, Varvara Gracheva<br \/>\net L\u00e9olia Jeanjean, derni\u00e8re admise, seront de la partie \u00e0<br \/>\nMelbourne en attendant peut-\u00eatre que Diane Parry ou Sarah<br \/>\nRakotomanga soit invit\u00e9e.<\/p>\n<p>Le num\u00e9ro 1 fran\u00e7ais Arthur Rinderknech, Corentin Moutet, Ugo<br \/>\nHumbert, Arthur Fils, Alexandre M\u00fcller, Valentin Royer, Giovanni<br \/>\nMpetshi Perricard, T\u00e9rence Atmane, Arthur Cazaux, Ga\u00ebl Monfils,<br \/>\nAdrian Mannarino, Quentin Halys, Benjamin Bonzi et Hugo Gaston<br \/>\nd\u00e9fendront, eux, les chances fran\u00e7aises dans un tableau masculin<br \/>\nque pourrait int\u00e9grer au dernier moment l\u2019un des joueurs suivants :<br \/>\nKyrian Jacquet, Ugo Blanchet, Titouan Droguet, Pierre-Hugues<br \/>\nHerbert, Harold Mayot ou Luca Van Assche.<\/p>\n<p>En esp\u00e9rant pour les deux heureux \u00e9lus qu\u2019ils feront mieux que<br \/>\nLucas Pouille et Chlo\u00e9 Paquet, invit\u00e9s par Tennis Australia mais<br \/>\ntous deux sortis d\u2019entr\u00e9e en 2025.<\/p>\n","protected":false},"excerpt":{"rendered":"Les organisateurs ont d\u00e9voil\u00e9 ce mardi la liste des joueurs qui feront partie du grand tableau de l&rsquo;Open&hellip;\n","protected":false},"author":2,"featured_media":592447,"comment_status":"","ping_status":"","sticky":false,"template":"","format":"standard","meta":{"footnotes":""},"categories":[1415],"tags":[1011,27,57681,60,1467],"class_list":{"0":"post-592446","1":"post","2":"type-post","3":"status-publish","4":"format-standard","5":"has-post-thumbnail","7":"category-tennis","8":"tag-fr","9":"tag-france","10":"tag-sport365-fr","11":"tag-sports","12":"tag-tennis"},"share_on_mastodon":{"url":"https:\/\/pubeurope.com\/@fr\/115700076588649549","error":""},"_links":{"self":[{"href":"https:\/\/www.europesays.com\/fr\/wp-json\/wp\/v2\/posts\/592446","targetHints":{"allow":["GET"]}}],"collection":[{"href":"https:\/\/www.europesays.com\/fr\/wp-json\/wp\/v2\/posts"}],"about":[{"href":"https:\/\/www.europesays.com\/fr\/wp-json\/wp\/v2\/types\/post"}],"author":[{"embeddable":true,"href":"https:\/\/www.europesays.com\/fr\/wp-json\/wp\/v2\/users\/2"}],"replies":[{"embeddable":true,"href":"https:\/\/www.europesays.com\/fr\/wp-json\/wp\/v2\/comments?post=592446"}],"version-history":[{"count":0,"href":"https:\/\/www.europesays.com\/fr\/wp-json\/wp\/v2\/posts\/592446\/revisions"}],"wp:featuredmedia":[{"embeddable":true,"href":"https:\/\/www.europesays.com\/fr\/wp-json\/wp\/v2\/media\/592447"}],"wp:attachment":[{"href":"https:\/\/www.europesays.com\/fr\/wp-json\/wp\/v2\/media?parent=592446"}],"wp:term":[{"taxonomy":"category","embeddable":true,"href":"https:\/\/www.europesays.com\/fr\/wp-json\/wp\/v2\/categories?post=592446"},{"taxonomy":"post_tag","embeddable":true,"href":"https:\/\/www.europesays.com\/fr\/wp-json\/wp\/v2\/tags?post=592446"}],"curies":[{"name":"wp","href":"https:\/\/api.w.org\/{rel}","templated":true}]}}