{"id":592448,"date":"2025-12-11T08:53:12","date_gmt":"2025-12-11T08:53:12","guid":{"rendered":"https:\/\/www.europesays.com\/fr\/592448\/"},"modified":"2025-12-11T08:53:12","modified_gmt":"2025-12-11T08:53:12","slug":"thierry-cornec-creer-un-collectif-plus-fort-actualite","status":"publish","type":"post","link":"https:\/\/www.europesays.com\/fr\/592448\/","title":{"rendered":"Thierry Cornec : \u00ab Cr\u00e9er un collectif plus fort \u00bb &#8211; Actualit\u00e9"},"content":{"rendered":"<p style=\"text-align: justify;\"><strong>Et si le d\u00e9part de Stefan K\u00fcng vers Tudor \u00e9tait une bonne chose pour la\u00a0<a href=\"https:\/\/www.directvelo.com\/equipe\/274\/groupama-fdj\" target=\"_blank\" rel=\"noopener\">Groupama-FDJ<\/a> ? Si la WorldTeam fran\u00e7aise perd l\u2019un de ses tauliers, elle a eu la possibilit\u00e9 de recruter pour 2026 des gar\u00e7ons avec de belles r\u00e9f\u00e9rences, comme Bastien Tronchon, Ewen Costiou et Cl\u00e9ment Berthet. Ajoutez \u00e0 cela le rapide Matteo Milan, le couteau suisse Axel Huens ou le tr\u00e8s prometteur Maxime Decomble, promu de la Continentale, et voil\u00e0 une \u00e9quipe Groupama-FDJ qui semble poss\u00e9der un effectif bien plus solide que l\u2019an dernier. DirectVelo est revenu avec l&rsquo;un des responsables du recrutement, aux c\u00f4t\u00e9s de Philippe Mauduit et Julien Pinot, le Directeur g\u00e9n\u00e9ral adjoint de Groupama-FDJ Thierry Cornec.<\/strong><\/p>\n<p style=\"text-align: justify;\"><strong>DirectVelo : Quel regard portes-tu sur le recrutement de l\u2019\u00e9quipe pour 2026 ?<\/strong><br \/>Thierry Cornec : Le recrutement a \u00e9t\u00e9 strat\u00e9gique. Quasiment tous les coureurs qui rejoignent l&rsquo;\u00e9quipe avaient \u00e9t\u00e9 \u00e9valu\u00e9s avec l&rsquo;\u00e9quipe qui s&rsquo;occupe du recrutement au sein de la Groupama-FDJ. On s&rsquo;\u00e9tait dit qu&rsquo;on voulait amener des coureurs principalement jeunes, avec une personnalit\u00e9, pour les d\u00e9velopper vers des \u00e9tapes suppl\u00e9mentaires. C&rsquo;est important pour nous qu\u2019ils s\u2019inscrivent dans notre approche de tracer des trajectoires de progression importantes. Bastien Tronchon, Ewen Costiou ou Matteo Milan en font \u00e9videmment partie.<\/p>\n<p><strong>\u00ab UNE ANN\u00c9E DE CONSTRUCTION \u00bb SUR LES CLASSIQUES<\/strong><\/p>\n<p><strong>Si le recrutement a pu \u00eatre important, c\u2019est aussi parce que Stefan K\u00fcng est parti apr\u00e8s sept saisons. Ne redoutes-tu pas son absence sur les Classiques notamment ?<\/strong><br \/>Bien s\u00fbr, on perd Stefan (K\u00fcng) mais c&rsquo;est aussi une opportunit\u00e9 d&rsquo;ouvrir chez nous un nouveau groupe de Classiques et un nouveau cycle autour de Bastien, peut-\u00eatre aussi de Thibaud Gruel. Il a le gabarit pour aller se tester sur des Classiques, comme Matteo Milan \u00e9galement. C&rsquo;est aussi une opportunit\u00e9 de se remettre en question apr\u00e8s sept ann\u00e9es avec Stefan. Il a beaucoup apport\u00e9 \u00e0 l&rsquo;\u00e9quipe et il voulait vivre autre chose pour la derni\u00e8re page de sa carri\u00e8re, ce qui s&rsquo;entend compl\u00e8tement. Donc pour nous, \u00e7a a \u00e9t\u00e9 l&rsquo;opportunit\u00e9 de se demander quel nouveau cycle on avait envie de cr\u00e9er.<\/p>\n<p><strong>Pour les Classiques, tu crois beaucoup en <a href=\"https:\/\/www.directvelo.com\/coureur\/32177\/bastien-tronchon\" target=\"_blank\" rel=\"noopener\">Bastien Tronchon<\/a>\u2026<\/strong><br \/>Il y a eu des opportunit\u00e9s de recrutement comme Bastien Tronchon. Forc\u00e9ment, en ouvrant un nouveau cycle, on va probablement passer par une saison de Classiques peut-\u00eatre plus challengeante de notre c\u00f4t\u00e9, ou disons moins pr\u00e9visible. Mais c&rsquo;est aussi le prix \u00e0 payer. Pour cr\u00e9er des victoires ou des projets plus importants, \u00e0 moyen terme, il faut aussi accepter de passer par une ann\u00e9e de construction.<\/p>\n<p><strong>UN SECOND GROUPE POUR LE SPRINT<\/strong><\/p>\n<p><strong>L\u2019arriv\u00e9e de\u00a0<a href=\"https:\/\/www.directvelo.com\/coureur\/48096\/matteo-milan\" target=\"_blank\" rel=\"noopener\">Matteo Milan<\/a> est-elle un pari ?<\/strong><br \/>Ce n&rsquo;est pas un pari. Il y a une vraie r\u00e9flexion que nous avons eue avec l&rsquo;id\u00e9e de cr\u00e9er un second groupe sprint, avec un sprinteur qui a d\u00e9j\u00e0 un peu d&rsquo;exp\u00e9rience. Dans la Continentale, nous avons un tr\u00e8s bon sprinteur comme Karl Sagnier mais le cyclisme \u00e9volue vite, et on s\u2019est dit qu\u2019on n&rsquo;allait pas forc\u00e9ment attendre. Et quand on a r\u00e9fl\u00e9chi \u00e0 des coureurs sur lesquels on pouvait apporter nos comp\u00e9tences d&rsquo;accompagnement et de d\u00e9veloppement, Matteo est arriv\u00e9 assez rapidement. On s&rsquo;est rejoint sur sa personnalit\u00e9. Il avait cette envie aussi de rejoindre une \u00e9quipe o\u00f9 on a l&rsquo;exp\u00e9rience du sprint avec des trajectoires de carri\u00e8re comme celle d&rsquo;Arnaud (D\u00e9mare) ou de Nacer (Bouhanni). \u00c7a lui a donn\u00e9 envie de venir. On a le staff qui est super motiv\u00e9 d&rsquo;avoir deux groupes pour le sprint, un premier autour de Paul (Penho\u00ebt) et donc un second autour de Matteo. En plus, c\u2019est un coureur \u00e9tranger, ce qui nous \u00e9vite de tomber dans le travers de ne recruter que des coureurs fran\u00e7ais, m\u00eame si on a une empreinte fran\u00e7aise qu&rsquo;on ne refuse pas du tout d&rsquo;affirmer.<\/p>\n<p><strong>Parmi les recrues, il y a en effet seulement deux \u00e9trangers pour six Fran\u00e7ais. Est-ce que c&rsquo;est d\u00fb au fait que beaucoup d&rsquo;\u00e9trangers, notamment ceux pass\u00e9s par la Continentale, sont partis ces derni\u00e8res ann\u00e9es ?<\/strong><br \/>On sera toujours sur l&rsquo;international et du fran\u00e7ais. C\u2019est une histoire surtout de disponibilit\u00e9 de certains coureurs \u00e0 certains moments. Pour renforcer le collectif, on s&rsquo;est trouv\u00e9 sur des coureurs fran\u00e7ais. Peut-\u00eatre que l&rsquo;ann\u00e9e prochaine, suivant l&rsquo;objectif de recrutement qu&rsquo;on aura, on sera plus sur des coureurs \u00e9trangers. Les situations d&rsquo;une ann\u00e9e sur l&rsquo;autre font qu&rsquo;on se retrouve avec ce recrutement cette ann\u00e9e.<\/p>\n<p><strong>\u00ab LES POUSSER \u00c0 \u00c9LEVER LEUR NIVEAU \u00bb<\/strong><\/p>\n<p><strong>L\u2019\u00e9quipe a su attirer plusieurs coureurs puncheurs et\/ou grimpeurs avec des r\u00e9f\u00e9rences. Il y a de quoi imaginer une composition all\u00e9chante sur certaines \u00e9preuves difficiles\u2026<\/strong><br \/>C&rsquo;\u00e9tait l\u2019objectif de ce recrutement de cr\u00e9er\u00a0un collectif plus fort, plut\u00f4t que de recruter certaines individualit\u00e9s et puis essayer de les fondre dans le collectif. Avoir plus de densit\u00e9 \u00e9tait un vrai objectif pour nous. Et c&rsquo;est vrai que ces coureurs-l\u00e0 en apportent. On imagine des courses o\u00f9 on pourra aligner Romain (Gr\u00e9goire), Valentin (Madouas), Ewen (Costiou), Bastien (Tronchon) ou Cl\u00e9ment (Berthet), ou sinon des courses plus ax\u00e9es montagne avec David (Gaudu), Cl\u00e9ment, Guillaume (Martin-Guyonnet) ou Brieuc (Rolland).<\/p>\n<p><strong>David Gaudu et Valentin Madouas n\u2019ont pas eu la saison 2025 esp\u00e9r\u00e9e. Est-ce que ces arriv\u00e9es doivent leur enlever un poids ?<\/strong><br \/>Oui et non. Je ne souhaite pas que \u00e7a leur enl\u00e8ve leur responsabilit\u00e9 de leader. Ce sont des leaders de l&rsquo;\u00e9quipe. D\u00e9j\u00e0, en premier lieu, ils ont toute notre confiance. Le sport de haut niveau a cet aspect d&rsquo;incertitude qu&rsquo;on peut faire de tr\u00e8s bonnes saisons et des ann\u00e9es un peu plus difficiles ensuite. On a travaill\u00e9 avec eux pour que la saison 2026 soit diff\u00e9rente de la 2025. On est tous align\u00e9s l\u00e0-dessus. Ce que ces nouveaux coureurs peuvent apporter dans cette boucle, c&rsquo;est de les challenger un peu et de les pousser \u00e0 \u00e9lever le niveau et \u00e0 retrouver le niveau de performance qu&rsquo;ils avaient les saisons pr\u00e9c\u00e9dentes. Le recrutement de la Groupama-FDJ a \u00e9t\u00e9 volontairement ambitieux. On est tourn\u00e9 vers la victoire et vers la performance. C&rsquo;est clairement la mani\u00e8re dont on a men\u00e9 le recrutement.<\/p>\n","protected":false},"excerpt":{"rendered":"Et si le d\u00e9part de Stefan K\u00fcng vers Tudor \u00e9tait une bonne chose pour la\u00a0Groupama-FDJ ? Si la&hellip;\n","protected":false},"author":2,"featured_media":592449,"comment_status":"","ping_status":"","sticky":false,"template":"","format":"standard","meta":{"footnotes":""},"categories":[1411],"tags":[834,828,836,829,837,827,83,826,824,823,1154,207,814,817,815,816,822,821,832,211,839,1011,27,820,818,819,835,831,830,833,838,60,212,208,825],"class_list":{"0":"post-592448","1":"post","2":"type-post","3":"status-publish","4":"format-standard","5":"has-post-thumbnail","7":"category-cyclisme","8":"tag-attaque","9":"tag-belgique","10":"tag-braquet","11":"tag-bretagne","12":"tag-chute","13":"tag-competition","14":"tag-coupe-de-france","15":"tag-coureur","16":"tag-course-cyclisme","17":"tag-course-cycliste","18":"tag-cycling","19":"tag-cyclisme","20":"tag-direct","21":"tag-direct-velo","22":"tag-directvelo","23":"tag-directvelo-com","24":"tag-epreuve","25":"tag-epreuve-cycliste","26":"tag-federation-francaise-de-cyclisme","27":"tag-ffc","28":"tag-flandres","29":"tag-fr","30":"tag-france","31":"tag-live","32":"tag-live-course","33":"tag-live-epreuve","34":"tag-peloton","35":"tag-radio-peloton","36":"tag-radio-tour","37":"tag-ravitaillement","38":"tag-relance","39":"tag-sports","40":"tag-uci","41":"tag-velo","42":"tag-velos"},"share_on_mastodon":{"url":"https:\/\/pubeurope.com\/@fr\/115700092459945447","error":""},"_links":{"self":[{"href":"https:\/\/www.europesays.com\/fr\/wp-json\/wp\/v2\/posts\/592448","targetHints":{"allow":["GET"]}}],"collection":[{"href":"https:\/\/www.europesays.com\/fr\/wp-json\/wp\/v2\/posts"}],"about":[{"href":"https:\/\/www.europesays.com\/fr\/wp-json\/wp\/v2\/types\/post"}],"author":[{"embeddable":true,"href":"https:\/\/www.europesays.com\/fr\/wp-json\/wp\/v2\/users\/2"}],"replies":[{"embeddable":true,"href":"https:\/\/www.europesays.com\/fr\/wp-json\/wp\/v2\/comments?post=592448"}],"version-history":[{"count":0,"href":"https:\/\/www.europesays.com\/fr\/wp-json\/wp\/v2\/posts\/592448\/revisions"}],"wp:featuredmedia":[{"embeddable":true,"href":"https:\/\/www.europesays.com\/fr\/wp-json\/wp\/v2\/media\/592449"}],"wp:attachment":[{"href":"https:\/\/www.europesays.com\/fr\/wp-json\/wp\/v2\/media?parent=592448"}],"wp:term":[{"taxonomy":"category","embeddable":true,"href":"https:\/\/www.europesays.com\/fr\/wp-json\/wp\/v2\/categories?post=592448"},{"taxonomy":"post_tag","embeddable":true,"href":"https:\/\/www.europesays.com\/fr\/wp-json\/wp\/v2\/tags?post=592448"}],"curies":[{"name":"wp","href":"https:\/\/api.w.org\/{rel}","templated":true}]}}