{"id":592456,"date":"2025-12-11T08:58:12","date_gmt":"2025-12-11T08:58:12","guid":{"rendered":"https:\/\/www.europesays.com\/fr\/592456\/"},"modified":"2025-12-11T08:58:12","modified_gmt":"2025-12-11T08:58:12","slug":"audiences-prime-les-telespectateurs-ont-ils-allume-le-feu-hier-soir-devant-le-documentaire-hallyday-par-david-avec-david-hallyday-sur-m6","status":"publish","type":"post","link":"https:\/\/www.europesays.com\/fr\/592456\/","title":{"rendered":"Audiences Prime: Les t\u00e9l\u00e9spectateurs ont-ils allum\u00e9 le feu hier soir devant le documentaire \u00ab\u00a0Hallyday par David\u00a0\u00bb, avec David Hallyday, sur M6 ?"},"content":{"rendered":"<p>Hier soir, la s\u00e9rie am\u00e9ricaine \u00ab\u00a0Will Trent\u00a0\u00bb, avec Ram\u00f3n Rodr\u00edguez et Erika Christensen, se poursuivait sur TF1 avec une deuxi\u00e8me saison in\u00e9dite.<\/p>\n<p>La fiction \u00ab\u00a0Haut les coeurs !\u00a0\u00bb \u00e9tait programm\u00e9e sur France 2. France 3 proposait l&rsquo;\u00e9mission \u00ab\u00a0Des racines et des ailes\u00a0\u00bb.<\/p>\n<p>Du c\u00f4t\u00e9 de M6, le documentaire \u00ab\u00a0Hallyday par David\u00a0\u00bb \u00e9tait diffus\u00e9. Pendant plus d\u2019un an, de Paris \u00e0 Los Angeles, David Hallyday a accept\u00e9 d\u2019ouvrir les portes de son intimit\u00e9 et de son clan.<\/p>\n<p>L\u2019artiste se livre ici comme jamais sur son histoire d\u2019homme, de fils, de mari, de fr\u00e8re et de p\u00e8re. Entre des archives personnelles et la parole rare de son premier cercle, un r\u00e9cit in\u00e9dit sur une vie et sur cette famille dont David Hallyday se r\u00e9v\u00e8le aujourd\u2019hui le pilier.<\/p>\n<p>        Will Trent<br \/>\n        11.8 % de PDA\n        <\/p>\n<p>        2 281 000<\/p>\n<p>        Des racines et des ailes<br \/>\n        11.3 % de PDA\n        <\/p>\n<p>        1 929 000<\/p>\n<p>        Hallyday par David<br \/>\n        8.7 % de PDA\n        <\/p>\n<p>        1 572 000<\/p>\n<p>        Haut les coeurs !<br \/>\n        7.9 % de PDA\n        <\/p>\n<p>        1 449 000<\/p>\n<p>        Elaha<br \/>\n        3.9 % de PDA\n        <\/p>\n<p>        711 000<\/p>\n<p>        Enqu\u00eates criminelles<br \/>\n        3.3 % de PDA\n        <\/p>\n<p>        612 000<\/p>\n<p>        Tomb Raider<br \/>\n        3.4 % de PDA\n        <\/p>\n<p>        586 000<\/p>\n<p>        Tarzan<br \/>\n        3.2 % de PDA\n        <\/p>\n<p>        577 000<\/p>\n<p>        Taxi 5<br \/>\n        3.1 % de PDA\n        <\/p>\n<p>        509 000<\/p>\n<p>        La proposition<br \/>\n        2.8 % de PDA\n        <\/p>\n<p>        497 000<\/p>\n<p>        Handball &#8211; Danemark\/France<br \/>\n        2.4 % de PDA\n        <\/p>\n<p>        449 000<\/p>\n<p>        Flic Story<br \/>\n        1.7 % de PDA\n        <\/p>\n<p>        324 000<\/p>\n<p>        Cold Case<br \/>\n        1.6 % de PDA\n        <\/p>\n<p>        312 000<\/p>\n<p>        La grande librairie<br \/>\n        1.5 % de PDA\n        <\/p>\n<p>        287 000<\/p>\n<p>        Malcolm<br \/>\n        1 % de PDA\n        <\/p>\n<p>        190 000<\/p>\n<p>        Compagnons<br \/>\n        1 % de PDA\n        <\/p>\n<p>        176 000<\/p>\n<p>  Le Top des parts de march\u00e9<\/p>\n","protected":false},"excerpt":{"rendered":"Hier soir, la s\u00e9rie am\u00e9ricaine \u00ab\u00a0Will Trent\u00a0\u00bb, avec Ram\u00f3n Rodr\u00edguez et Erika Christensen, se poursuivait sur TF1 avec&hellip;\n","protected":false},"author":2,"featured_media":592457,"comment_status":"","ping_status":"","sticky":false,"template":"","format":"standard","meta":{"footnotes":""},"categories":[1356],"tags":[2367,58,59,1011,27,876,594,494,252,199,1364],"class_list":{"0":"post-592456","1":"post","2":"type-post","3":"status-publish","4":"format-standard","5":"has-post-thumbnail","7":"category-television","8":"tag-audiences","9":"tag-divertissement","10":"tag-entertainment","11":"tag-fr","12":"tag-france","13":"tag-france-3","14":"tag-france-2","15":"tag-m6","16":"tag-television","17":"tag-tf1","18":"tag-tv"},"share_on_mastodon":{"url":"https:\/\/pubeurope.com\/@fr\/115700112230265974","error":""},"_links":{"self":[{"href":"https:\/\/www.europesays.com\/fr\/wp-json\/wp\/v2\/posts\/592456","targetHints":{"allow":["GET"]}}],"collection":[{"href":"https:\/\/www.europesays.com\/fr\/wp-json\/wp\/v2\/posts"}],"about":[{"href":"https:\/\/www.europesays.com\/fr\/wp-json\/wp\/v2\/types\/post"}],"author":[{"embeddable":true,"href":"https:\/\/www.europesays.com\/fr\/wp-json\/wp\/v2\/users\/2"}],"replies":[{"embeddable":true,"href":"https:\/\/www.europesays.com\/fr\/wp-json\/wp\/v2\/comments?post=592456"}],"version-history":[{"count":0,"href":"https:\/\/www.europesays.com\/fr\/wp-json\/wp\/v2\/posts\/592456\/revisions"}],"wp:featuredmedia":[{"embeddable":true,"href":"https:\/\/www.europesays.com\/fr\/wp-json\/wp\/v2\/media\/592457"}],"wp:attachment":[{"href":"https:\/\/www.europesays.com\/fr\/wp-json\/wp\/v2\/media?parent=592456"}],"wp:term":[{"taxonomy":"category","embeddable":true,"href":"https:\/\/www.europesays.com\/fr\/wp-json\/wp\/v2\/categories?post=592456"},{"taxonomy":"post_tag","embeddable":true,"href":"https:\/\/www.europesays.com\/fr\/wp-json\/wp\/v2\/tags?post=592456"}],"curies":[{"name":"wp","href":"https:\/\/api.w.org\/{rel}","templated":true}]}}