{"id":592472,"date":"2025-12-11T09:09:14","date_gmt":"2025-12-11T09:09:14","guid":{"rendered":"https:\/\/www.europesays.com\/fr\/592472\/"},"modified":"2025-12-11T09:09:14","modified_gmt":"2025-12-11T09:09:14","slug":"donald-trump-menace-des-elus-republicains-qui-sopposeraient-a-son-projet-de-redecoupage-electoral","status":"publish","type":"post","link":"https:\/\/www.europesays.com\/fr\/592472\/","title":{"rendered":"Donald Trump menace des \u00e9lus r\u00e9publicains qui s&rsquo;opposeraient \u00e0 son projet de red\u00e9coupage \u00e9lectoral"},"content":{"rendered":"<p>\n    Les r\u00e9publicains d\u00e9tiennent 40 des 50 si\u00e8ges du S\u00e9nat de l\u2019Indiana mais au moins une dizaine d\u2019\u00e9lus r\u00e9publicains dont le pr\u00e9sident du S\u00e9nat local Rod Bray se sont d\u00e9clar\u00e9s oppos\u00e9s au projet de red\u00e9coupage tandis que d\u2019autres se d\u00e9clarent ind\u00e9cis.<\/p>\n<p class=\"fig-paragraph\">Le pr\u00e9sident\u00a0<a href=\"http:\/\/www.lefigaro.fr\/medias\/ennemi-du-peuple-donald-trump-veut-que-cnn-change-de-mains-avec-la-vente-de-warner-bros-discovery-20251211\" data-fig-type=\"NewsFlash\" data-gtm-custom-categorie=\"navigation\" data-gtm-custom-action=\"crossclick\" data-gtm-custom-label=\"Contextuel\" data-gtm-event=\"customEventSPE\" data-fig-domain=\"LEFIGARO\" target=\"_blank\" rel=\"noopener\">Donald Trump<\/a>\u00a0a menac\u00e9 de repr\u00e9sailles \u00e9lectorales les \u00e9lus r\u00e9publicains de l&rsquo;Indiana qui s&rsquo;opposeraient \u00e0 son projet de red\u00e9coupage de la carte \u00e9lectorale qui doit \u00eatre examin\u00e9 jeudi par le S\u00e9nat local. \u00abQuiconque vote contre le red\u00e9coupage \u00e9lectoral et le SUCC\u00c8S du Parti r\u00e9publicain \u00e0 Washington sera, j&rsquo;en suis s\u00fbr, confront\u00e9 \u00e0 une primaire MAGA (Rendre sa grandeur \u00e0 l&rsquo;Am\u00e9rique) au printemps\u00bb, a \u00e9crit Trump mercredi soir sur son r\u00e9seau Truth Social.<\/p>\n<p class=\"fig-paragraph\">Le pr\u00e9sident r\u00e9publicain du S\u00e9nat local \u00abRod Bray et ses amis ne resteront pas longtemps en politique, et je ferai tout ce qui est en mon pouvoir pour m&rsquo;assurer qu&rsquo;ils ne nuisent plus au parti r\u00e9publicain ni \u00e0 notre pays\u00bb, a menac\u00e9 Trump. Si le projet soutenu par Trump est vot\u00e9, les r\u00e9publicains qui d\u00e9tiennent actuellement sept des neuf si\u00e8ges allou\u00e9s \u00e0 l&rsquo;Indiana \u00e0 la Chambre des repr\u00e9sentants des \u00c9tats-Unis seraient en mesure de rafler tous les si\u00e8ges lors des \u00e9lections de mi-mandat en novembre 2026.<\/p>\n<p>                                            <a class=\"fig-a11y-skip\" href=\"#fig-a11y-skip-main-inarticle\" data-module=\"a11y-skip\" data-context=\"was @visible\"><br \/>\n    Passer la publicit\u00e9<br \/>\n<\/a>            <\/p>\n<p class=\"fig-paragraph\">Les r\u00e9publicains d\u00e9tiennent 40 des 50 si\u00e8ges du S\u00e9nat de l&rsquo;Indiana mais au moins une dizaine d&rsquo;\u00e9lus r\u00e9publicains dont le pr\u00e9sident du S\u00e9nat local Rod Bray se sont d\u00e9clar\u00e9s oppos\u00e9s au projet de red\u00e9coupage tandis que d&rsquo;autres se d\u00e9clarent ind\u00e9cis. Rod Bray est \u00abun sale type ou il est tr\u00e8s stupide!\u00bb, a estim\u00e9 Donald Trump. Les r\u00e9publicains d\u00e9tiennent une majorit\u00e9 de cinq si\u00e8ges \u00e0 la Chambre des repr\u00e9sentants et Donald Trump fait pression depuis plusieurs mois sur les \u00c9tats r\u00e9publicains pour qu&rsquo;ils red\u00e9finissent leurs circonscriptions \u00e9lectorales afin de maintenir sa courte majorit\u00e9 au Congr\u00e8s.<\/p>\n","protected":false},"excerpt":{"rendered":"Les r\u00e9publicains d\u00e9tiennent 40 des 50 si\u00e8ges du S\u00e9nat de l\u2019Indiana mais au moins une dizaine d\u2019\u00e9lus r\u00e9publicains&hellip;\n","protected":false},"author":2,"featured_media":592473,"comment_status":"","ping_status":"","sticky":false,"template":"","format":"standard","meta":{"footnotes":""},"categories":[5],"tags":[11,75,1011,27,14,12,9150,28],"class_list":{"0":"post-592472","1":"post","2":"type-post","3":"status-publish","4":"format-standard","5":"has-post-thumbnail","7":"category-international","8":"tag-actualites","9":"tag-donald-trump","10":"tag-fr","11":"tag-france","12":"tag-international","13":"tag-news","14":"tag-parti-republicain","15":"tag-world"},"share_on_mastodon":{"url":"https:\/\/pubeurope.com\/@fr\/115700155553603447","error":""},"_links":{"self":[{"href":"https:\/\/www.europesays.com\/fr\/wp-json\/wp\/v2\/posts\/592472","targetHints":{"allow":["GET"]}}],"collection":[{"href":"https:\/\/www.europesays.com\/fr\/wp-json\/wp\/v2\/posts"}],"about":[{"href":"https:\/\/www.europesays.com\/fr\/wp-json\/wp\/v2\/types\/post"}],"author":[{"embeddable":true,"href":"https:\/\/www.europesays.com\/fr\/wp-json\/wp\/v2\/users\/2"}],"replies":[{"embeddable":true,"href":"https:\/\/www.europesays.com\/fr\/wp-json\/wp\/v2\/comments?post=592472"}],"version-history":[{"count":0,"href":"https:\/\/www.europesays.com\/fr\/wp-json\/wp\/v2\/posts\/592472\/revisions"}],"wp:featuredmedia":[{"embeddable":true,"href":"https:\/\/www.europesays.com\/fr\/wp-json\/wp\/v2\/media\/592473"}],"wp:attachment":[{"href":"https:\/\/www.europesays.com\/fr\/wp-json\/wp\/v2\/media?parent=592472"}],"wp:term":[{"taxonomy":"category","embeddable":true,"href":"https:\/\/www.europesays.com\/fr\/wp-json\/wp\/v2\/categories?post=592472"},{"taxonomy":"post_tag","embeddable":true,"href":"https:\/\/www.europesays.com\/fr\/wp-json\/wp\/v2\/tags?post=592472"}],"curies":[{"name":"wp","href":"https:\/\/api.w.org\/{rel}","templated":true}]}}