{"id":592474,"date":"2025-12-11T09:10:16","date_gmt":"2025-12-11T09:10:16","guid":{"rendered":"https:\/\/www.europesays.com\/fr\/592474\/"},"modified":"2025-12-11T09:10:16","modified_gmt":"2025-12-11T09:10:16","slug":"arrachez-les-sapins-ce-que-lon-sait-sur-cette-video-de-vandalisme-en-plein-paris","status":"publish","type":"post","link":"https:\/\/www.europesays.com\/fr\/592474\/","title":{"rendered":"\u00ab\u00a0Arrachez les sapins\u00a0\u00bb\u2026 Ce que l\u2019on sait sur cette vid\u00e9o de vandalisme en plein Paris"},"content":{"rendered":"<p> \u00abIl n\u2019y a plus de No\u00ebl [\u2026], allez, allez, arrachez les sapins\u00a0\u00bb, crie un homme \u00e0 un groupe occup\u00e9 \u00e0 s\u2019emparer de <a href=\"https:\/\/www.20minutes.fr\/strasbourg\/4181360-20251024-fetes-commencent-grand-sapin-noel-arrive-strasbourg\" class=\"c-link c-link--is-underlined\" target=\"_blank\" rel=\"noopener\">ces arbres embl\u00e9matiques <\/a>des f\u00eates de fin d\u2019ann\u00e9e. Les hommes les tra\u00eenent ensuite jusqu\u2019au milieu de la rue. Les personnes visibles dans la vid\u00e9o, une petite dizaine, portent <a href=\"https:\/\/www.20minutes.fr\/arts-stars\/cinema\/4183187-20251104-virginie-efira-enfile-gilet-jaune-souffler-braises\" class=\"c-link c-link--is-underlined\" target=\"_blank\" rel=\"noopener\">un gilet jaune<\/a>. Les images, film\u00e9es de nuit, sont de mauvaise qualit\u00e9 et durent \u00e0 peine dix secondes. Depuis lundi, elles connaissent une certaine viralit\u00e9 sur Facebook, TikTok et X.<\/p>\n<p>Sur ce dernier r\u00e9seau social, Jean Messiha, porte-parole de Reconqu\u00eate, le parti d\u2019<a href=\"https:\/\/www.20minutes.fr\/politique\/4190610-20251210-top-10-livres-politiques-plus-vendus-dix-dernieres-annees\" class=\"c-link c-link--is-underlined\" target=\"_blank\" rel=\"noopener\">Eric Zemmour<\/a>, <a href=\"https:\/\/archive.is\/eBpa3\" target=\"_blank\" class=\"c-link c-link--is-underlined\" rel=\"noopener\">commente<\/a> ainsi les images\u00a0: \u00ab\u00a0\u00ab\u00a0Il n\u2019y a pas de No\u00ebl en France\u00a0! Arrachez les sapins\u00a0! Nous ne voulons pas de No\u00ebl en France\u00a0!\u00a0\u00bb, scandent des ordures issues de certaines immigrations arabo-afro-islamiques en d\u00e9truisant, partout en France, les sapins de No\u00ebl.\u00a0\u00bb Il ajoute que la sc\u00e8ne se d\u00e9roule \u00e0 Nanterre, ville d\u2019Ile-de-France.<\/p>\n<p>FAKE OFF<\/p>\n<p>20 Minutes a remont\u00e9 la piste de cette vid\u00e9o. La sc\u00e8ne a \u00e9t\u00e9 film\u00e9e devant un magasin Monceau Fleurs, dont on distingue l\u2019enseigne en arri\u00e8re-plan de la vid\u00e9o. On aper\u00e7oit \u00e9galement un panneau de bus typique des arr\u00eats de bus parisiens \u00e0 quelques m\u00e8tres de la boutique. \u00ab\u00a0La vid\u00e9o a \u00e9t\u00e9 tourn\u00e9e devant <a href=\"https:\/\/www.google.com\/maps\/place\/Monceau+Fleurs\/@48.8807813,2.3129225,3a,75y,121.32h,93.01t\/data=!3m7!1e1!3m5!1sO8IYn59-43e_lKmS-8xQ0Q!2e0!6shttps:%2F%2Fstreetviewpixels-pa.googleapis.com%2Fv1%2Fthumbnail%3Fcb_client%3Dmaps_sv.tactile%26w%3D900%26h%3D600%26pitch%3D-3.0102108385349595%26panoid%3DO8IYn59-43e_lKmS-8xQ0Q%26yaw%3D121.31590740654505!7i13312!8i6656!4m6!3m5!1s0x47e66fb76165e515:0x7d9c22498341bb08!8m2!3d48.8806994!4d2.3132376!16s%2Fg%2F1tgf72r5?entry=ttu&amp;g_ep=EgoyMDI1MTIwNy4wIKXMDSoASAFQAw%3D%3D\" target=\"_blank\" class=\"c-link c-link--is-underlined\" rel=\"noopener\">notre magasin historique du boulevard Malesherbes<\/a>\u00a0\u00bb, une art\u00e8re importante du quartier chic des Champs-Elys\u00e9es, dans la capitale, confirme \u00e0 20 Minutes Nicolas Dubois, directeur marketing et digital de la marque.<\/p>\n<p><img decoding=\"async\" alt=\"On distingue \u00e0 gauche l'enseigne de Monceau Fleurs (entour\u00e9e en jaune par 20 Minutes) et \u00e0 droite le panneau de l'arr\u00eat de bus (encadr\u00e9 en jaune).\" class=\"c-img\" loading=\"lazy\" fetchpriority=\"auto\" width=\"718\"  src=\"https:\/\/img.20mn.fr\/7AyZjsMfQ7OcB1NZClOneyk\/718x0\" \/>On distingue \u00e0 gauche l&rsquo;enseigne de Monceau Fleurs (entour\u00e9e en jaune par 20 Minutes) et \u00e0 droite le panneau de l&rsquo;arr\u00eat de bus (encadr\u00e9 en jaune).\u2002-\u00a0Capture d&rsquo;\u00e9cran X<\/p>\n<p>Pour le repr\u00e9sentant de la marque, la vid\u00e9o est ancienne. La boutique avait \u00e9t\u00e9 vis\u00e9e lors d\u2019une manifestation de gilets jaunes, pr\u00e9cise-t-il.<\/p>\n<\/p>\n<p>\u00ab\u00a0L\u2019acte\u00a0III\u00a0\u00bb de ces manifestations, le 1er\u00a0d\u00e9cembre 2018, avait \u00e9t\u00e9 marqu\u00e9 par de nombreuses violences dans le quartier des Champs-Elys\u00e9es. L\u2019Arc de Triomphe avait \u00e9t\u00e9 vandalis\u00e9 et des commerces alentour pill\u00e9s. Le samedi suivant, le 8\u00a0d\u00e9cembre, des gilets jaunes avaient \u00e9galement manifest\u00e9 dans le quartier.<\/p>\n<p>Entam\u00e9 le 17\u00a0novembre 2018 pour protester contre la vie ch\u00e8re et l\u2019augmentation des prix du carburant, le mouvement des gilets jaunes s\u2019\u00e9tait \u00e9tendu \u00e0 toute la France, avant de s\u2019\u00e9teindre peu \u00e0 peu au printemps\u00a02019.<\/p>\n<p>Cet article vous a int\u00e9ress\u00e9\u00a0? Retrouvez tous nos fact-checking directement sur WhatsApp\u00a0: <a href=\"https:\/\/whatsapp.com\/channel\/0029VaMIW3lHrDZnCQn2RO13\" target=\"_blank\" class=\"c-link c-link--is-underlined\" rel=\"noopener\">https:\/\/whatsapp.com\/channel\/0029VaMIW3lHrDZnCQn2RO13<\/a><\/p>\n","protected":false},"excerpt":{"rendered":"\u00abIl n\u2019y a plus de No\u00ebl [\u2026], allez, allez, arrachez les sapins\u00a0\u00bb, crie un homme \u00e0 un groupe&hellip;\n","protected":false},"author":2,"featured_media":592475,"comment_status":"","ping_status":"","sticky":false,"template":"","format":"standard","meta":{"footnotes":""},"categories":[4],"tags":[47,11,841,840,1011,27,23169,662,12,626,25,65070,104],"class_list":{"0":"post-592474","1":"post","2":"type-post","3":"status-publish","4":"format-standard","5":"has-post-thumbnail","7":"category-france","8":"tag-actualite","9":"tag-actualites","10":"tag-fact-checking-fake-off","11":"tag-fake-off","12":"tag-fr","13":"tag-france","14":"tag-gilets-jaunes","15":"tag-ile-de-france","16":"tag-news","17":"tag-paris","18":"tag-republique-francaise","19":"tag-sapin-de-noel","20":"tag-societe"},"share_on_mastodon":{"url":"https:\/\/pubeurope.com\/@fr\/115700160450287201","error":""},"_links":{"self":[{"href":"https:\/\/www.europesays.com\/fr\/wp-json\/wp\/v2\/posts\/592474","targetHints":{"allow":["GET"]}}],"collection":[{"href":"https:\/\/www.europesays.com\/fr\/wp-json\/wp\/v2\/posts"}],"about":[{"href":"https:\/\/www.europesays.com\/fr\/wp-json\/wp\/v2\/types\/post"}],"author":[{"embeddable":true,"href":"https:\/\/www.europesays.com\/fr\/wp-json\/wp\/v2\/users\/2"}],"replies":[{"embeddable":true,"href":"https:\/\/www.europesays.com\/fr\/wp-json\/wp\/v2\/comments?post=592474"}],"version-history":[{"count":0,"href":"https:\/\/www.europesays.com\/fr\/wp-json\/wp\/v2\/posts\/592474\/revisions"}],"wp:featuredmedia":[{"embeddable":true,"href":"https:\/\/www.europesays.com\/fr\/wp-json\/wp\/v2\/media\/592475"}],"wp:attachment":[{"href":"https:\/\/www.europesays.com\/fr\/wp-json\/wp\/v2\/media?parent=592474"}],"wp:term":[{"taxonomy":"category","embeddable":true,"href":"https:\/\/www.europesays.com\/fr\/wp-json\/wp\/v2\/categories?post=592474"},{"taxonomy":"post_tag","embeddable":true,"href":"https:\/\/www.europesays.com\/fr\/wp-json\/wp\/v2\/tags?post=592474"}],"curies":[{"name":"wp","href":"https:\/\/api.w.org\/{rel}","templated":true}]}}