{"id":592489,"date":"2025-12-11T09:20:15","date_gmt":"2025-12-11T09:20:15","guid":{"rendered":"https:\/\/www.europesays.com\/fr\/592489\/"},"modified":"2025-12-11T09:20:15","modified_gmt":"2025-12-11T09:20:15","slug":"nous-allons-raconter-lhistoire-de-noel-les-choeurs-de-saint-pierre-ce-dimanche-a-la-cathedrale-pour-le-traditionnel-concert-de-fin-dannee","status":"publish","type":"post","link":"https:\/\/www.europesays.com\/fr\/592489\/","title":{"rendered":"\u00ab\u00a0Nous allons raconter l\u2019histoire de No\u00ebl\u00a0\u00bb\u00a0: les ch\u0153urs de Saint-Pierre ce dimanche \u00e0 la cath\u00e9drale pour le traditionnel concert de fin d\u2019ann\u00e9e"},"content":{"rendered":"<p>\n                                                                Les ch\u0153urs de Saint-Pierre donneront leur traditionnel concert de No\u00ebl ce dimanche 14\u00a0d\u00e9cembre, \u00e0 16\u00a0h, dans la cath\u00e9drale de Montpellier. Un rendez-vous gratuit et incontournable des f\u00eates, r\u00e9unissant plus de 40 chanteurs, accompagn\u00e9s du grand orgue pour un moment musical chaleureux et empreint de tradition.\n                            <\/p>\n<p>Avec les illuminations ou les chalets du march\u00e9 de No\u00ebl, le concert de la cath\u00e9drale de Montpellier compte parmi les rendez-vous incontournables des f\u00eates de fin d\u2019ann\u00e9e. Les ch\u0153urs de Saint-Pierre donneront ainsi leur traditionnel concert de No\u00ebl ce dimanche 14\u00a0d\u00e9cembre, \u00e0 16\u00a0h. Un moment musical et festif de qualit\u00e9, comme d\u2019habitude gratuit (libre participation).<\/p>\n<p>La chorale Urbain V et la Ma\u00eetrise, ch\u0153ur d\u2019enfants de 7 \u00e0 15 ans, pr\u00e9senteront ainsi plusieurs pi\u00e8ces, sous la direction d\u2019Anne Pomm\u00e9 et de Simon Juan. Ils seront soutenus au grand orgue par Guillaume Gionta, titulaire des orgues de la cath\u00e9drale et concertiste reconnu.<\/p>\n<p>\u00ab\u00a0Une histoire r\u00e9confortante, ressourc\u00e9e par des chants populaires\u00a0\u00bb<\/p>\n<p>\u00ab\u00a0Nous allons raconter l\u2019histoire de No\u00ebl, une histoire r\u00e9confortante, d\u00e9voile le chef de ch\u0153ur Simon Juan, ressourc\u00e9e en tradition par des chants populaires tels que \u00ab\u00a0No\u00ebl Nouvelet\u00a0\u00bb, \u00ab\u00a0les Anges dans nos campagnes\u00a0\u00bb, \u00ab\u00a0Resonet in laudibus\u00a0\u00bb, le Nadal de P\u00e9zenas ou encore la Marche des rois.\u00a0\u00bb<\/p>\n<p>Le ch\u0153ur de plus de 40 chanteurs, adultes et enfants \u00e0 parts \u00e9gales, \u00e0 l\u2019unisson des grandes orgues de la cath\u00e9drale devrait remplir g\u00e9n\u00e9reusement les bancs de la cath\u00e9drale. Avis aux retardataires\u00a0!<\/p>\n<p>Concert de No\u00ebl dimanche 14\u00a0d\u00e9cembre, \u00e0 16\u00a0h, \u00e0 la cath\u00e9drale Saint-Pierre de Montpellier. Entr\u00e9e gratuite. Libre participation. Contact\u00a0: 06\u00a068\u00a073\u00a010\u00a005.<\/p>\n","protected":false},"excerpt":{"rendered":"Les ch\u0153urs de Saint-Pierre donneront leur traditionnel concert de No\u00ebl ce dimanche 14\u00a0d\u00e9cembre, \u00e0 16\u00a0h, dans la cath\u00e9drale&hellip;\n","protected":false},"author":2,"featured_media":592490,"comment_status":"","ping_status":"","sticky":false,"template":"","format":"standard","meta":{"footnotes":""},"categories":[9599],"tags":[1111,11,872,1777,674,1011,27,7089,2208,12,2680,25],"class_list":{"0":"post-592489","1":"post","2":"type-post","3":"status-publish","4":"format-standard","5":"has-post-thumbnail","7":"category-montpellier","8":"tag-actu","9":"tag-actualites","10":"tag-culture-et-loisirs","11":"tag-eu","12":"tag-europe","13":"tag-fr","14":"tag-france","15":"tag-herault","16":"tag-montpellier","17":"tag-news","18":"tag-occitanie","19":"tag-republique-francaise"},"share_on_mastodon":{"url":"https:\/\/pubeurope.com\/@fr\/115700198546841301","error":""},"_links":{"self":[{"href":"https:\/\/www.europesays.com\/fr\/wp-json\/wp\/v2\/posts\/592489","targetHints":{"allow":["GET"]}}],"collection":[{"href":"https:\/\/www.europesays.com\/fr\/wp-json\/wp\/v2\/posts"}],"about":[{"href":"https:\/\/www.europesays.com\/fr\/wp-json\/wp\/v2\/types\/post"}],"author":[{"embeddable":true,"href":"https:\/\/www.europesays.com\/fr\/wp-json\/wp\/v2\/users\/2"}],"replies":[{"embeddable":true,"href":"https:\/\/www.europesays.com\/fr\/wp-json\/wp\/v2\/comments?post=592489"}],"version-history":[{"count":0,"href":"https:\/\/www.europesays.com\/fr\/wp-json\/wp\/v2\/posts\/592489\/revisions"}],"wp:featuredmedia":[{"embeddable":true,"href":"https:\/\/www.europesays.com\/fr\/wp-json\/wp\/v2\/media\/592490"}],"wp:attachment":[{"href":"https:\/\/www.europesays.com\/fr\/wp-json\/wp\/v2\/media?parent=592489"}],"wp:term":[{"taxonomy":"category","embeddable":true,"href":"https:\/\/www.europesays.com\/fr\/wp-json\/wp\/v2\/categories?post=592489"},{"taxonomy":"post_tag","embeddable":true,"href":"https:\/\/www.europesays.com\/fr\/wp-json\/wp\/v2\/tags?post=592489"}],"curies":[{"name":"wp","href":"https:\/\/api.w.org\/{rel}","templated":true}]}}