{"id":592493,"date":"2025-12-11T09:22:10","date_gmt":"2025-12-11T09:22:10","guid":{"rendered":"https:\/\/www.europesays.com\/fr\/592493\/"},"modified":"2025-12-11T09:22:10","modified_gmt":"2025-12-11T09:22:10","slug":"seine-maritime-pourquoi-les-bacs-de-la-seine-sont-regulierement-a-larret-en-cas-de-brouillard","status":"publish","type":"post","link":"https:\/\/www.europesays.com\/fr\/592493\/","title":{"rendered":"Seine-Maritime. Pourquoi les bacs de la Seine sont r\u00e9guli\u00e8rement \u00e0 l&rsquo;arr\u00eat en cas de brouillard"},"content":{"rendered":"<p>                    Par<br \/>\n        <strong><br \/>\n            <a href=\"https:\/\/actu.fr\/auteur\/fmass\" title=\"Consulter tous les articles de Fabien Massin\" target=\"_blank\" rel=\"noopener\">Fabien Massin<\/a><br \/>\n                    <\/strong><\/p>\n<p>        Publi\u00e9 le<\/p>\n<p>            11 d\u00e9c. 2025 \u00e0 9h06        <\/p>\n<p>Pour de nombreux habitants de la <a href=\"https:\/\/actu.fr\/normandie\/seine-maritime_76\" target=\"_blank\" rel=\"noopener\">Seine-Maritime<\/a> qui vivent \u00e0 proximit\u00e9 du fleuve, c\u2019est un service du quotidien fondamental, que l\u2019on soit pi\u00e9ton, automobiliste, cycliste ou m\u00eame cavalier\u2009: <strong>les bacs qui traversent la Seine<\/strong> du petit matin jusqu\u2019au soir. Entre <a href=\"https:\/\/actu.fr\/normandie\/rouen_76540\" target=\"_blank\" rel=\"noopener\">Rouen<\/a> et l\u2019estuaire il y a en a huit\u2009: six fluviaux et deux maritimes, \u00e0 la capacit\u00e9 d\u2019accueil plus importante. Un service assur\u00e9 par le D\u00e9partement. Si ce jeudi 11\u00a0d\u00e9cembre 2025, les bacs ne sont pas ferm\u00e9s, il se peut qu\u2019occasionnellement, ils connaissent des temps d\u2019arr\u00eat, notamment par temps de brouillard,<strong> quand la visibilit\u00e9 n\u2019est pas suffisante<\/strong> pour franchir la Seine en toute s\u00e9curit\u00e9. Comment \u00e7a se passe et qui d\u00e9cide alors de stopper la travers\u00e9e\u2009? \u00c9l\u00e9ments de r\u00e9ponse avec le D\u00e9partement.<\/p>\n<p>Brouillard matinal aux heures de pointe<\/p>\n<p class=\" wall-content\">\u00ab\u2009En 2024 le niveau de service a \u00e9t\u00e9 93,45\u2009%, chiffre en hausse par rapport \u00e0 2023 (92,81\u2009%), indique <strong>\u00c9ric Petre, directeur de la mer, des bacs et des v\u00e9loroutes au D\u00e9partement de la Seine-Maritime<\/strong>. Si je sch\u00e9matise, sur 100 travers\u00e9es, 93 ont \u00e9t\u00e9 assur\u00e9es et sept ne l\u2019ont pas \u00e9t\u00e9. Les temps d\u2019arr\u00eats sont d\u00fb soit \u00e0 une panne \u2014 le plus souvent \u2014, soit aux conditions m\u00e9t\u00e9o dont le brouillard.\u2009\u00bb<\/p>\n<p class=\" wall-content\">Les bacs sont \u00e9quip\u00e9s de radars qui permettent d\u2019aider \u00e0 la navigation en cas de mauvaise visibilit\u00e9.\u00a0Toutefois, <strong>la pr\u00e9cision de l\u2019image radar est limit\u00e9e<\/strong>, et l\u2019aide apport\u00e9e est insuffisante lorsque les conditions de visibilit\u00e9 sont trop d\u00e9grad\u00e9es.<\/p>\n<p class=\" wall-content\">\u00ab\u2009En particulier le radar ne permet au capitaine de conna\u00eetre sa position par rapport \u00e0 la limite du plan d\u2019eau, ce qui le met en difficult\u00e9 pour savoir \u00e0 quel moment poser le tablier lors de son arriv\u00e9e en cale, souligne \u00c9ric Petre. De la m\u00eame fa\u00e7on la <strong>pr\u00e9sence de feux de brume<\/strong> constitue une aide \u00e0 la navigation efficace mais reste insuffisante lorsque la visibilit\u00e9 est trop r\u00e9duite.\u2009\u00bb<\/p>\n<p>Des bacs plus touch\u00e9s que d\u2019autres<\/p>\n<p class=\" wall-content\">Avec le cas \u00e9ch\u00e9ant des risques de<strong> taper un pont, un pieu, ou de s\u2019\u00e9chouer<\/strong>, entra\u00eenant des d\u00e9g\u00e2ts importants et donc une mise \u00e0 l\u2019arr\u00eat plus au moins longue du bac, le temps d\u2019effectuer les r\u00e9parations.<\/p>\n<blockquote class=\"ac-article-quote wall-content\">\n<p>Quand les conditions de s\u00e9curit\u00e9 ne sont pas r\u00e9unies, c&rsquo;est le capitaine du bac qui prend la d\u00e9cision d&rsquo;arr\u00eater le service. C&rsquo;est sa responsabilit\u00e9. La plupart du temps cela ne dure pas toute la journ\u00e9e mais quelques heures, le temps que le brouillard se l\u00e8ve. Mais il est vrai que le brouillard matinal intervient aux heures de pointe.<\/p>\n<p>    <strong>\u00c9ric Petre<\/strong><br \/>\n        Directeur des bacs de la Seine    <\/p><\/blockquote>\n<p class=\" wall-content\">Pour l\u2019automobiliste qui se rend sur son lieu de travail, forc\u00e9ment, c\u2019est f\u00e2cheux, <strong>mais la s\u00e9curit\u00e9 est \u00e9videmment prioritaire<\/strong>. Une enqu\u00eate r\u00e9alis\u00e9e en 2023 aupr\u00e8s des usagers des bacs a montr\u00e9 qu\u2019une grosse part des travers\u00e9es sont li\u00e9es \u00e0 des d\u00e9placements professionnels. Et puis plus on se rapproche de Rouen, plus c\u2019est le cas. Aux bacs de Dieppedalle et de Petit-Couronne, on enregistre 80-90\u2009% de d\u00e9placements \u00e0 caract\u00e8re professionnel ou domicile-travail.<\/p>\n<p>Votre r\u00e9gion, votre actu !<\/p>\n<p>Recevez chaque jour les infos qui comptent pour vous.<\/p>\n<p>\t<a href=\"https:\/\/actu.fr\/newsletter\" class=\"ac-btn ac-btn--corner ac-btn--medium ac-btn--blue800\" target=\"_blank\" rel=\"noopener\">S&rsquo;incrire<\/a><\/p>\n<p class=\" wall-content\">Par ailleurs tous les bacs ne sont pas touch\u00e9s par le brouillard avec la m\u00eame intensit\u00e9. Certains passages d\u2019eau sont plus sensibles \u00e0 la pr\u00e9sence de brouillard que d\u2019autre. En effet, les conditions peuvent diff\u00e9rer selon la topographie ou bien l\u2019exposition au vent. Ainsi, les travers\u00e9es \u00e0<strong>\u00a0La Bouille ou de Quillebeuf sont plus r\u00e9guli\u00e8rement perturb\u00e9es<\/strong> par la pr\u00e9sence de brouillard que celles des autres bacs.<\/p>\n<p>Les bacs de la Seine en quelques chiffres :\u00a0<\/p>\n<p>\u2022 6 bacs\u00a0 fluviaux : Dieppedalle, Val-de-la-Haye, la Bouille, le Mesnil-sous-Jumi\u00e8ges, Jumi\u00e8ges et Yainville. Capacit\u00e9 : jusqu\u2019\u00e0 10 v\u00e9hicules et 50 passagers.<br \/>\u2022 2 bacs maritimes : Duclair et Quillebeuf-sur-Seine. Capacit\u00e9 : environ 30 v\u00e9hicules l\u00e9gers. Poids lourds autoris\u00e9s.<br \/>\u2022 3,2 millions de v\u00e9hicules empruntent les bacs chaque ann\u00e9e. Insolite, certains bacs, comme celui de la Bouille le week-end, sont utilis\u00e9s par des cavaliers et leur monture.\u00a0<br \/>\u2022 364 jours de fonctionnement (bacs \u00e0 l&rsquo;arr\u00eat le 1er mai).<br \/>\u2022 100 agents naviguant qui tournent pour assurer le service.\u00a0<br \/>\u2022 Budget avoisinant les 13 millions d&rsquo;euros par an (masse salariale, frais d&rsquo;entretien et de r\u00e9paration, carburant et logistique, amortissement des constructions neuves, etc.), pris en charge en totalit\u00e9 par le d\u00e9partement de la Seine-Maritime, sauf pour le bac de Quillebeuf o\u00f9 les d\u00e9penses sont r\u00e9parties \u00e0 50 % entre le d\u00e9partement de Seine-Maritime et le celui de l&rsquo;Eure.<\/p>\n<p>Pour conna\u00eetre l\u2019\u00e9tat d\u2019activit\u00e9 des bacs en temps r\u00e9el, rendez-vous sur le site <a href=\"https:\/\/www.inforoute76.fr\/\" target=\"_blank\" rel=\"noopener\">inforoute76.fr<\/a> ou sur <a href=\"https:\/\/actu.fr\/normandie\/_76\/horaires-trafic-pannes-tout-savoir-sur-bacs-seine-maritime-dans-une-application_15501801.html\" target=\"_blank\" rel=\"noopener\">l\u2019appli 76 Pocket.<\/a><\/p>\n<p class=\" wall-content\">Personnalisez votre actualit\u00e9 en ajoutant vos villes et m\u00e9dias en favori avec <a href=\"https:\/\/moncompte.actu.fr\" title=\"D\u00e9couvez Mon Actu\" rel=\"nofollow noopener\" data-trk=\"{&quot;cta&quot;:{&quot;action&quot;:&quot;https:\\\/\\\/moncompte.actu.fr&quot;,&quot;category&quot;:&quot;mon compte&quot;,&quot;from&quot;:&quot;article footer&quot;,&quot;name&quot;:&quot;Mon actu&quot;,&quot;type&quot;:&quot;cta&quot;}}\" target=\"_blank\">Mon Actu<\/a>.<\/p>\n","protected":false},"excerpt":{"rendered":"Par Fabien Massin Publi\u00e9 le 11 d\u00e9c. 2025 \u00e0 9h06 Pour de nombreux habitants de la Seine-Maritime qui&hellip;\n","protected":false},"author":2,"featured_media":592494,"comment_status":"","ping_status":"","sticky":false,"template":"","format":"standard","meta":{"footnotes":""},"categories":[9587],"tags":[1111,11,70563,1777,674,1011,27,803,5353,12,5161,25,9590,104],"class_list":{"0":"post-592493","1":"post","2":"type-post","3":"status-publish","4":"format-standard","5":"has-post-thumbnail","7":"category-rouen","8":"tag-actu","9":"tag-actualites","10":"tag-bac-de-quillebeuf","11":"tag-eu","12":"tag-europe","13":"tag-fr","14":"tag-france","15":"tag-info-trafic","16":"tag-la-seine","17":"tag-news","18":"tag-normandie","19":"tag-republique-francaise","20":"tag-rouen","21":"tag-societe"},"share_on_mastodon":{"url":"https:\/\/pubeurope.com\/@fr\/115700206495931106","error":""},"_links":{"self":[{"href":"https:\/\/www.europesays.com\/fr\/wp-json\/wp\/v2\/posts\/592493","targetHints":{"allow":["GET"]}}],"collection":[{"href":"https:\/\/www.europesays.com\/fr\/wp-json\/wp\/v2\/posts"}],"about":[{"href":"https:\/\/www.europesays.com\/fr\/wp-json\/wp\/v2\/types\/post"}],"author":[{"embeddable":true,"href":"https:\/\/www.europesays.com\/fr\/wp-json\/wp\/v2\/users\/2"}],"replies":[{"embeddable":true,"href":"https:\/\/www.europesays.com\/fr\/wp-json\/wp\/v2\/comments?post=592493"}],"version-history":[{"count":0,"href":"https:\/\/www.europesays.com\/fr\/wp-json\/wp\/v2\/posts\/592493\/revisions"}],"wp:featuredmedia":[{"embeddable":true,"href":"https:\/\/www.europesays.com\/fr\/wp-json\/wp\/v2\/media\/592494"}],"wp:attachment":[{"href":"https:\/\/www.europesays.com\/fr\/wp-json\/wp\/v2\/media?parent=592493"}],"wp:term":[{"taxonomy":"category","embeddable":true,"href":"https:\/\/www.europesays.com\/fr\/wp-json\/wp\/v2\/categories?post=592493"},{"taxonomy":"post_tag","embeddable":true,"href":"https:\/\/www.europesays.com\/fr\/wp-json\/wp\/v2\/tags?post=592493"}],"curies":[{"name":"wp","href":"https:\/\/api.w.org\/{rel}","templated":true}]}}