{"id":592497,"date":"2025-12-11T09:25:39","date_gmt":"2025-12-11T09:25:39","guid":{"rendered":"https:\/\/www.europesays.com\/fr\/592497\/"},"modified":"2025-12-11T09:25:39","modified_gmt":"2025-12-11T09:25:39","slug":"grenoble-sacree-capitale-europeenne-de-linnovation","status":"publish","type":"post","link":"https:\/\/www.europesays.com\/fr\/592497\/","title":{"rendered":"Grenoble sacr\u00e9e Capitale europ\u00e9enne de l\u2019innovation"},"content":{"rendered":"<p>La M\u00e9tropole grenobloise a remport\u00e9 le prix iCapital d\u00e9cern\u00e9 par le Conseil europ\u00e9en de l\u2019innovation. Une reconnaissance internationale qui salue son approche globale, m\u00ealant innovation technologique, sociale et \u00e9cologique.<\/p>\n<p>Grenoble Alpes M\u00e9tropole a d\u00e9croch\u00e9, le 4\u00a0d\u00e9cembre dernier \u00e0 Turin, le prestigieux titre de Capitale europ\u00e9enne de l\u2019innovation 2026. Ce prix, attribu\u00e9 par le Conseil europ\u00e9en de l\u2019innovation, distingue les villes qui exp\u00e9rimentent des solutions innovantes au service des citoyens et du climat. Apr\u00e8s avoir \u00e9t\u00e9 \u00e9lue Capitale Verte europ\u00e9enne en 2022, la m\u00e9tropole confirme son r\u00f4le de pionni\u00e8re. \u00ab\u00a0Remporter le prix iCapital 2026 est une immense fiert\u00e9 pour notre M\u00e9tropole. Cette victoire reconna\u00eet notre engagement collectif pour une innovation v\u00e9ritablement utile\u00a0: non seulement technologique, mais aussi sociale, durable et citoyenne\u00a0\u00bb, souligne Christophe Ferrari, pr\u00e9sident de Grenoble Alpes M\u00e9tropole. Cette distinction s\u2019accompagne d\u2019une dotation d\u2019un million d\u2019euros, tandis que Rotterdam et Liverpool, finalistes, re\u00e7oivent 100\u00a0000\u00a0euros chacune. Le jury europ\u00e9en a salu\u00e9 \u00ab\u00a0l\u2019approche globale et strat\u00e9gique de l\u2019innovation, ax\u00e9e sur la durabilit\u00e9 environnementale et le renforcement de l\u2019\u00e9cosyst\u00e8me local\u00a0\u00bb, citant des initiatives en mati\u00e8re de r\u00e9duction des d\u00e9chets, de r\u00e9silience climatique et de sant\u00e9 des sols.<\/p>\n<p>Un \u00e9cosyst\u00e8me renforc\u00e9<\/p>\n<p>Pour M\u00e9lina Herenger, vice-pr\u00e9sidente charg\u00e9e de l\u2019innovation, ce prix \u00ab\u00a0conforte le soutien \u00e0 l\u2019innovation et renforce notre attractivit\u00e9 pour les investisseurs \u00e9trangers\u00a0\u00bb. La M\u00e9tropole revendique d\u00e9j\u00e0 une position unique en France, avec \u00ab\u00a070\u00a0% d\u2019investisseurs \u00e9trangers, plus que nationaux\u00a0\u00bb, rappelle Guy Jullien, vice-pr\u00e9sident \u00e0 l\u2019\u00e9conomie. Au-del\u00e0 de la visibilit\u00e9 internationale, cette distinction s\u2019inscrit dans une histoire longue. \u00ab\u00a0Nous sommes les h\u00e9ritiers d\u2019une tradition pionni\u00e8re et nous faisons \u00e9voluer les choses en fonction du monde qui change\u00a0\u00bb, insiste Christophe Ferrari. L\u2019\u00e9cosyst\u00e8me grenoblois, class\u00e9 7e\u00a0hub deeptech mondial, s\u2019appuie sur 23\u00a0000 chercheurs et une coop\u00e9ration \u00e9troite entre universit\u00e9, industrie et collectivit\u00e9s. Si la candidature a s\u00e9duit, c\u2019est aussi gr\u00e2ce \u00e0 son volet participatif. La Convention citoyenne m\u00e9tropolitaine pour le climat, r\u00e9unissant plus de 100\u00a0habitants en 2022, a marqu\u00e9 les esprits\u00a0: 86\u00a0% des propositions ont d\u00e9j\u00e0 \u00e9t\u00e9 mises en \u0153uvre. \u00ab\u00a0Notre force, c\u2019est d\u2019interroger les usages et de lier innovation technologique et innovation sociale\u00a0\u00bb, explique M\u00e9lina Herenger. Avec la r\u00e9compense financi\u00e8re de ce titre, Grenoble Alpes M\u00e9tropole entend poursuivre sa strat\u00e9gie\u00a0: soutenir les start-up et travailler sur le foncier pour faciliter leur industrialisation.<\/p>\n","protected":false},"excerpt":{"rendered":"La M\u00e9tropole grenobloise a remport\u00e9 le prix iCapital d\u00e9cern\u00e9 par le Conseil europ\u00e9en de l\u2019innovation. Une reconnaissance internationale&hellip;\n","protected":false},"author":2,"featured_media":592498,"comment_status":"","ping_status":"","sticky":false,"template":"","format":"standard","meta":{"footnotes":""},"categories":[9566],"tags":[1111,11,2430,1777,674,1011,27,2731,12,25],"class_list":{"0":"post-592497","1":"post","2":"type-post","3":"status-publish","4":"format-standard","5":"has-post-thumbnail","7":"category-grenoble","8":"tag-actu","9":"tag-actualites","10":"tag-auvergne-rhone-alpes","11":"tag-eu","12":"tag-europe","13":"tag-fr","14":"tag-france","15":"tag-grenoble","16":"tag-news","17":"tag-republique-francaise"},"share_on_mastodon":{"url":"https:\/\/pubeurope.com\/@fr\/115700218178920508","error":""},"_links":{"self":[{"href":"https:\/\/www.europesays.com\/fr\/wp-json\/wp\/v2\/posts\/592497","targetHints":{"allow":["GET"]}}],"collection":[{"href":"https:\/\/www.europesays.com\/fr\/wp-json\/wp\/v2\/posts"}],"about":[{"href":"https:\/\/www.europesays.com\/fr\/wp-json\/wp\/v2\/types\/post"}],"author":[{"embeddable":true,"href":"https:\/\/www.europesays.com\/fr\/wp-json\/wp\/v2\/users\/2"}],"replies":[{"embeddable":true,"href":"https:\/\/www.europesays.com\/fr\/wp-json\/wp\/v2\/comments?post=592497"}],"version-history":[{"count":0,"href":"https:\/\/www.europesays.com\/fr\/wp-json\/wp\/v2\/posts\/592497\/revisions"}],"wp:featuredmedia":[{"embeddable":true,"href":"https:\/\/www.europesays.com\/fr\/wp-json\/wp\/v2\/media\/592498"}],"wp:attachment":[{"href":"https:\/\/www.europesays.com\/fr\/wp-json\/wp\/v2\/media?parent=592497"}],"wp:term":[{"taxonomy":"category","embeddable":true,"href":"https:\/\/www.europesays.com\/fr\/wp-json\/wp\/v2\/categories?post=592497"},{"taxonomy":"post_tag","embeddable":true,"href":"https:\/\/www.europesays.com\/fr\/wp-json\/wp\/v2\/tags?post=592497"}],"curies":[{"name":"wp","href":"https:\/\/api.w.org\/{rel}","templated":true}]}}