{"id":592499,"date":"2025-12-11T09:27:14","date_gmt":"2025-12-11T09:27:14","guid":{"rendered":"https:\/\/www.europesays.com\/fr\/592499\/"},"modified":"2025-12-11T09:27:14","modified_gmt":"2025-12-11T09:27:14","slug":"cyclisme-mutations-directeur-sportif-decouvrez-leffectif-de-lequipe-n3-de-grenoble-pour-la-saison-2026","status":"publish","type":"post","link":"https:\/\/www.europesays.com\/fr\/592499\/","title":{"rendered":"Cyclisme. Mutations, directeur sportif&#8230; D\u00e9couvrez l&rsquo;effectif de l&rsquo;\u00e9quipe N3 de Grenoble pour la saison 2026"},"content":{"rendered":"<p>Comme en 2025, alors qu&rsquo;il avait termin\u00e9 en quatri\u00e8me position (derri\u00e8re Morlaix cyclisme performance, le Team\u00a0 \u00c9lite Orga-US Saint-Herblin et le CC P\u00e9rigueux Dordogne), le Grenoble m\u00e9tropole cyclisme 38-EF va courir en National 3.<\/p>\n<p>En 2026, l&rsquo;effectif sera compos\u00e9 de onze \u00e9l\u00e9ments, dont trois arriv\u00e9es ext\u00e9rieures\u00a0: Arnaud de Galbert (ex-La Motte-Servolex), Thibault Delerce (ex-Bourg-en-Bresse Ain Cyclisme) et Alexandre Gueudret (ex-Team Buffaz Gestion de Patrimoine).<\/p>\n<p>Le club grenoblois accueille \u00e9galement un nouveau membre dans son staff avec l&rsquo;arriv\u00e9e de l&rsquo;ancienne coureuse Amandine Dubessay, qui occupera le r\u00f4le de directeur sportif.<\/p>\n<p class=\"insetTitle\">L&rsquo;effectif du GMC38 EF en 2026<\/p>\n<p>Damien Barbier (20 ans)<br \/>Adonis Ben Lahoussine (20 ans)<br \/>Malo Bertolotti (22 ans)<br \/>Arnaud De Galbert (25 ans, ex-La Motte-Servolex Cyclisme) <br \/>Thibault Delerce (20 ans, Bourg-en-Bresse Ain Cyclisme) <br \/>Lubin Der Parseghian (20 ans)<br \/>Nicolas Dricot (24 ans)<br \/>Maxandre Druneau (25 ans)<br \/>Alexandre Gueudret (20 ans, ex-Team Buffaz Gestion de Patrimoine) <br \/>Paul Guigard (18 ans)<br \/>C\u00e9lestin Lambert (19 ans)<\/p>\n<p><strong>DS\u00a0:<\/strong> Amandine Dubessay<\/p>\n","protected":false},"excerpt":{"rendered":"Comme en 2025, alors qu&rsquo;il avait termin\u00e9 en quatri\u00e8me position (derri\u00e8re Morlaix cyclisme performance, le Team\u00a0 \u00c9lite Orga-US&hellip;\n","protected":false},"author":2,"featured_media":592500,"comment_status":"","ping_status":"","sticky":false,"template":"","format":"standard","meta":{"footnotes":""},"categories":[9566],"tags":[1111,11,2430,207,112,1777,674,1701,1011,27,2731,2732,108,12,25,517,1947],"class_list":{"0":"post-592499","1":"post","2":"type-post","3":"status-publish","4":"format-standard","5":"has-post-thumbnail","7":"category-grenoble","8":"tag-actu","9":"tag-actualites","10":"tag-auvergne-rhone-alpes","11":"tag-cyclisme","12":"tag-edition-grenoble-agglomeration","13":"tag-eu","14":"tag-europe","15":"tag-fil-info-sport","16":"tag-fr","17":"tag-france","18":"tag-grenoble","19":"tag-grenoble-bassin","20":"tag-isere","21":"tag-news","22":"tag-republique-francaise","23":"tag-sport","24":"tag-sport-national"},"share_on_mastodon":{"url":"https:\/\/pubeurope.com\/@fr\/115700226195692798","error":""},"_links":{"self":[{"href":"https:\/\/www.europesays.com\/fr\/wp-json\/wp\/v2\/posts\/592499","targetHints":{"allow":["GET"]}}],"collection":[{"href":"https:\/\/www.europesays.com\/fr\/wp-json\/wp\/v2\/posts"}],"about":[{"href":"https:\/\/www.europesays.com\/fr\/wp-json\/wp\/v2\/types\/post"}],"author":[{"embeddable":true,"href":"https:\/\/www.europesays.com\/fr\/wp-json\/wp\/v2\/users\/2"}],"replies":[{"embeddable":true,"href":"https:\/\/www.europesays.com\/fr\/wp-json\/wp\/v2\/comments?post=592499"}],"version-history":[{"count":0,"href":"https:\/\/www.europesays.com\/fr\/wp-json\/wp\/v2\/posts\/592499\/revisions"}],"wp:featuredmedia":[{"embeddable":true,"href":"https:\/\/www.europesays.com\/fr\/wp-json\/wp\/v2\/media\/592500"}],"wp:attachment":[{"href":"https:\/\/www.europesays.com\/fr\/wp-json\/wp\/v2\/media?parent=592499"}],"wp:term":[{"taxonomy":"category","embeddable":true,"href":"https:\/\/www.europesays.com\/fr\/wp-json\/wp\/v2\/categories?post=592499"},{"taxonomy":"post_tag","embeddable":true,"href":"https:\/\/www.europesays.com\/fr\/wp-json\/wp\/v2\/tags?post=592499"}],"curies":[{"name":"wp","href":"https:\/\/api.w.org\/{rel}","templated":true}]}}