{"id":592505,"date":"2025-12-11T09:30:12","date_gmt":"2025-12-11T09:30:12","guid":{"rendered":"https:\/\/www.europesays.com\/fr\/592505\/"},"modified":"2025-12-11T09:30:12","modified_gmt":"2025-12-11T09:30:12","slug":"le-quartier-le-plus-peuple-de-strasbourg-invite-ses-habitants-a-feter-noel-vendredi-voici-le-programme","status":"publish","type":"post","link":"https:\/\/www.europesays.com\/fr\/592505\/","title":{"rendered":"Le quartier le plus peupl\u00e9 de Strasbourg invite ses habitants \u00e0 f\u00eater No\u00ebl vendredi : voici le programme"},"content":{"rendered":"<p>                    Par<br \/>\n        <strong><br \/>\n            <a href=\"https:\/\/actu.fr\/auteur\/thomas-blanc\" title=\"Consulter tous les articles de Thomas Blanc\" target=\"_blank\" rel=\"noopener\">Thomas Blanc<\/a><br \/>\n                    <\/strong><\/p>\n<p>        Publi\u00e9 le<\/p>\n<p>            11 d\u00e9c. 2025 \u00e0 9h51        <\/p>\n<p><a href=\"https:\/\/actu.fr\/tag\/noel\" target=\"_blank\" rel=\"noopener\">No\u00ebl<\/a> \u00e0 Strasbourg ne se r\u00e9sume pas au <a href=\"https:\/\/actu.fr\/tag\/marche-de-noel-de-strasbourg\" target=\"_blank\" rel=\"noopener\">march\u00e9 de No\u00ebl<\/a> de la Grande-\u00cele. Ce <strong>vendredi 12\u00a0d\u00e9cembre<\/strong>, en fin d\u2019apr\u00e8s-midi, les habitants du quartier le plus peupl\u00e9 de Strasbourg sont invit\u00e9s \u00e0 \u00ab<strong>\u2009La F\u00e9erie de No\u00ebl<\/strong>\u2009\u00bb.<\/p>\n<p>De nombreuses animations pr\u00e9vues au square du Neufeld \u00e0 Strasbourg<\/p>\n<p class=\" wall-content\">Le centre socioculturel (CSC) Neudorf, organise le vendredi 12\u00a0d\u00e9cembre, de 16h30 \u00e0 19h30, une f\u00eate de No\u00ebl. Diverses <a href=\"https:\/\/actu.fr\/tag\/animations\" target=\"_blank\" rel=\"noopener\">animations<\/a> se d\u00e9rouleront au square Neufeld,\u00a0face\u00a0au\u00a0CSC.<\/p>\n<p>    <a href=\"https:\/\/www.google.com\/maps\/embed?pb=!1m18!1m12!1m3!1d1301.0189073777815!2d7.755486203956099!3d48.56651322257495!2m3!1f0!2f0!3f0!3m2!1i1024!2i768!4f13.1!3m3!1m2!1s0x4796c908366edb0d%3A0x41c2f8a1c11b47dc!2sCentre%20Socio-Culturel%20de%20Neudorf%20-%20Antenne%20du%20Neufeld!5e0!3m2!1sfr!2sfr!4v1765441678821!5m2!1sfr!2sfr\" title=\"Ouvrie le lien\" target=\"_blank\" rel=\"noopener\">Cliquez ici pour visualiser le contenu<\/a><\/p>\n<p class=\" wall-content\">Sur place, une offre de petite restauration et une buvette seront install\u00e9es. Une patinoire synth\u00e9tique, un atelier maquillage, une initiation aux arts du cirque ou encore une collecte de jouet sont au programme. <strong>Le p\u00e8re No\u00ebl est m\u00eame invit\u00e9 \u00e0 la f\u00eate<\/strong>\u2009!<\/p>\n<p class=\" wall-content\">Personnalisez votre actualit\u00e9 en ajoutant vos villes et m\u00e9dias en favori avec <a href=\"https:\/\/moncompte.actu.fr\" title=\"D\u00e9couvez Mon Actu\" rel=\"nofollow noopener\" data-trk=\"{&quot;cta&quot;:{&quot;action&quot;:&quot;https:\\\/\\\/moncompte.actu.fr&quot;,&quot;category&quot;:&quot;mon compte&quot;,&quot;from&quot;:&quot;article footer&quot;,&quot;name&quot;:&quot;Mon actu&quot;,&quot;type&quot;:&quot;cta&quot;}}\" target=\"_blank\">Mon Actu<\/a>.<\/p>\n","protected":false},"excerpt":{"rendered":"Par Thomas Blanc Publi\u00e9 le 11 d\u00e9c. 2025 \u00e0 9h51 No\u00ebl \u00e0 Strasbourg ne se r\u00e9sume pas au&hellip;\n","protected":false},"author":2,"featured_media":592506,"comment_status":"","ping_status":"","sticky":false,"template":"","format":"standard","meta":{"footnotes":""},"categories":[2820],"tags":[1111,11,1063,1777,674,1011,27,775,1652,12,15830,25,640],"class_list":{"0":"post-592505","1":"post","2":"type-post","3":"status-publish","4":"format-standard","5":"has-post-thumbnail","7":"category-strasbourg","8":"tag-actu","9":"tag-actualites","10":"tag-animations","11":"tag-eu","12":"tag-europe","13":"tag-fr","14":"tag-france","15":"tag-grand-est","16":"tag-loisirs-culture","17":"tag-news","18":"tag-noel","19":"tag-republique-francaise","20":"tag-strasbourg"},"share_on_mastodon":{"url":"https:\/\/pubeurope.com\/@fr\/115700237885515253","error":""},"_links":{"self":[{"href":"https:\/\/www.europesays.com\/fr\/wp-json\/wp\/v2\/posts\/592505","targetHints":{"allow":["GET"]}}],"collection":[{"href":"https:\/\/www.europesays.com\/fr\/wp-json\/wp\/v2\/posts"}],"about":[{"href":"https:\/\/www.europesays.com\/fr\/wp-json\/wp\/v2\/types\/post"}],"author":[{"embeddable":true,"href":"https:\/\/www.europesays.com\/fr\/wp-json\/wp\/v2\/users\/2"}],"replies":[{"embeddable":true,"href":"https:\/\/www.europesays.com\/fr\/wp-json\/wp\/v2\/comments?post=592505"}],"version-history":[{"count":0,"href":"https:\/\/www.europesays.com\/fr\/wp-json\/wp\/v2\/posts\/592505\/revisions"}],"wp:featuredmedia":[{"embeddable":true,"href":"https:\/\/www.europesays.com\/fr\/wp-json\/wp\/v2\/media\/592506"}],"wp:attachment":[{"href":"https:\/\/www.europesays.com\/fr\/wp-json\/wp\/v2\/media?parent=592505"}],"wp:term":[{"taxonomy":"category","embeddable":true,"href":"https:\/\/www.europesays.com\/fr\/wp-json\/wp\/v2\/categories?post=592505"},{"taxonomy":"post_tag","embeddable":true,"href":"https:\/\/www.europesays.com\/fr\/wp-json\/wp\/v2\/tags?post=592505"}],"curies":[{"name":"wp","href":"https:\/\/api.w.org\/{rel}","templated":true}]}}