{"id":592507,"date":"2025-12-11T09:31:15","date_gmt":"2025-12-11T09:31:15","guid":{"rendered":"https:\/\/www.europesays.com\/fr\/592507\/"},"modified":"2025-12-11T09:31:15","modified_gmt":"2025-12-11T09:31:15","slug":"labonnement-mi-saison-de-la-sig-strasbourg-pour-noel-2","status":"publish","type":"post","link":"https:\/\/www.europesays.com\/fr\/592507\/","title":{"rendered":"L&rsquo;abonnement mi-saison de la SIG Strasbourg pour No\u00ebl !"},"content":{"rendered":"<p class=\"text-align-justify chapo\" data-olk-copy-source=\"MessageBody\">Apr\u00e8s un d\u00e9but de saison parfait \u00e0 domicile (4 victoires en 4 matchs), c\u2019est le moment id\u00e9al pour rejoindre la SIGArmy et garantir votre place pour 8 matchs \u00e0 partir de janvier 2026.<\/p>\n<p>Avec l\u2019abonnement mi saison, vous b\u00e9n\u00e9ficiez d\u2019un pack exclusif :<br \/>\n\u2728 Votre carte d\u2019abonn\u00e9 et un placement identique pour les 8 matchs et priorit\u00e9 en cas de matchs additionnels \u00a0(Play-offs, Coupe de France)<br \/>\ud83e\udde3 Une \u00e9charpe officielle<br \/>\u2b50 Une carte collector d\u00e9dicac\u00e9e par un joueur<\/p>\n<p>La magie des f\u00eates, c\u2019est de partager des moments uniques en famille ou entre amis. Cette ann\u00e9e, offrez (ou offrez-vous !) l\u2019\u00e9motion du basket de haut niveau au Rhenus Sport, o\u00f9 vous attendent 8 rencontres \u00e0 domicile dans une ambiance de folie d\u00e8s janvier 2026.<br \/>\n\u00a0<br \/>\nNos joueurs comptent sur vous pour transformer le Rhenus en v\u00e9ritable forteresse et les pousser vers la victoire.<br \/>\n<br \/>\ud83d\udc49 La campagne d\u2019abonnement mi-saison ouvre demain, vendredi 28 novembre \u00e0 16H00 : rejoignez-nous !<\/p>\n","protected":false},"excerpt":{"rendered":"Apr\u00e8s un d\u00e9but de saison parfait \u00e0 domicile (4 victoires en 4 matchs), c\u2019est le moment id\u00e9al pour&hellip;\n","protected":false},"author":2,"featured_media":592508,"comment_status":"","ping_status":"","sticky":false,"template":"","format":"standard","meta":{"footnotes":""},"categories":[2820],"tags":[1111,11,3146,1777,674,1011,27,775,3145,12,25,3144,640],"class_list":{"0":"post-592507","1":"post","2":"type-post","3":"status-publish","4":"format-standard","5":"has-post-thumbnail","7":"category-strasbourg","8":"tag-actu","9":"tag-actualites","10":"tag-betclic-elite","11":"tag-eu","12":"tag-europe","13":"tag-fr","14":"tag-france","15":"tag-grand-est","16":"tag-lnb","17":"tag-news","18":"tag-republique-francaise","19":"tag-sig","20":"tag-strasbourg"},"share_on_mastodon":{"url":"https:\/\/pubeurope.com\/@fr\/115700241993190712","error":""},"_links":{"self":[{"href":"https:\/\/www.europesays.com\/fr\/wp-json\/wp\/v2\/posts\/592507","targetHints":{"allow":["GET"]}}],"collection":[{"href":"https:\/\/www.europesays.com\/fr\/wp-json\/wp\/v2\/posts"}],"about":[{"href":"https:\/\/www.europesays.com\/fr\/wp-json\/wp\/v2\/types\/post"}],"author":[{"embeddable":true,"href":"https:\/\/www.europesays.com\/fr\/wp-json\/wp\/v2\/users\/2"}],"replies":[{"embeddable":true,"href":"https:\/\/www.europesays.com\/fr\/wp-json\/wp\/v2\/comments?post=592507"}],"version-history":[{"count":0,"href":"https:\/\/www.europesays.com\/fr\/wp-json\/wp\/v2\/posts\/592507\/revisions"}],"wp:featuredmedia":[{"embeddable":true,"href":"https:\/\/www.europesays.com\/fr\/wp-json\/wp\/v2\/media\/592508"}],"wp:attachment":[{"href":"https:\/\/www.europesays.com\/fr\/wp-json\/wp\/v2\/media?parent=592507"}],"wp:term":[{"taxonomy":"category","embeddable":true,"href":"https:\/\/www.europesays.com\/fr\/wp-json\/wp\/v2\/categories?post=592507"},{"taxonomy":"post_tag","embeddable":true,"href":"https:\/\/www.europesays.com\/fr\/wp-json\/wp\/v2\/tags?post=592507"}],"curies":[{"name":"wp","href":"https:\/\/api.w.org\/{rel}","templated":true}]}}