{"id":59251,"date":"2025-04-28T12:45:11","date_gmt":"2025-04-28T12:45:11","guid":{"rendered":"https:\/\/www.europesays.com\/fr\/59251\/"},"modified":"2025-04-28T12:45:11","modified_gmt":"2025-04-28T12:45:11","slug":"une-foule-unie-contre-la-haine-apres-lattaque-de-la-grand-combe","status":"publish","type":"post","link":"https:\/\/www.europesays.com\/fr\/59251\/","title":{"rendered":"une foule unie contre la haine apr\u00e8s l&rsquo;attaque de La Grand-Combe"},"content":{"rendered":"<p>            Par<br \/>\n        <strong><br \/>\n            <a href=\"https:\/\/actu.fr\/auteur\/lea-pippinato\" title=\"Consulter tous les articles de L\u00e9a Pippinato\" target=\"_blank\" rel=\"noopener\">L\u00e9a Pippinato<\/a><br \/>\n        <\/strong><\/p>\n<p>        Publi\u00e9 le<\/p>\n<p>            28 avr. 2025 \u00e0 14h06        <\/p>\n<p>\u00ab\u00a0Plus de quarante coups de couteau.\u00a0\u00bb L\u2019horreur a frapp\u00e9 vendredi 25 avril 2025 \u00e0 <strong>La Grand-Combe,<\/strong> dans le Gard. Un homme de 21 ans, d\u2019origine bosnienne, a tu\u00e9 un fid\u00e8le en pleine pri\u00e8re dans une mosqu\u00e9e. Le suspect a film\u00e9 son geste tout en prof\u00e9rant des insultes islamophobes. L\u2019attaque a glac\u00e9 la communaut\u00e9 locale et au-del\u00e0. Les autorit\u00e9s traitent l\u2019affaire comme un crime de haine, bien que la qualification d\u2019acte antimusulman reste en cours d\u2019examen.<\/p>\n<p>      <img   decoding=\"async\" loading=\"lazy\" src=\"https:\/\/www.europesays.com\/fr\/wp-content\/uploads\/2025\/04\/tempimager1kis7-960x640.jpg\" alt=\"Micha\u00ebl Delafosse, maire de Montpellier, a appel\u00e9 \u00e0 \" width=\"960\" height=\"640\"\/><br \/>\n    Micha\u00ebl Delafosse, maire de Montpellier, a appel\u00e9 \u00e0 \u00ab\u00a0rester debout pour une R\u00e9publique ferme sur ses principes, unie autour de ses valeurs.\u00a0\u00bb (\u00a9M\u00e9tropolitain \/ LP)<\/p>\n<p class=\" wall-content\">Dans cette atmosph\u00e8re lourde, la solidarit\u00e9 r\u00e9publicaine se met en marche. Micha\u00ebl Delafosse, maire de Montpellier, <a href=\"https:\/\/actu.fr\/occitanie\/montpellier_34172\/montpellier-meurtre-islamophobe-dans-le-gard-michael-delafosse-appelle-a-un-rassemblement-republicain_62564199.html\" target=\"_blank\" rel=\"noopener\">a appel\u00e9 \u00e0 un rassemblement<\/a> <strong>ce lundi 28 avril 2025<\/strong> \u00e0 midi devant l\u2019H\u00f4tel de Ville. Son objectif est clair : r\u00e9affirmer l\u2019attachement de la ville aux valeurs de tol\u00e9rance et de libert\u00e9 de culte.<\/p>\n<p>    <a href=\"https:\/\/www.google.com\/maps\/embed?pb=!1m18!1m12!1m3!1d2889.3811990520944!2d3.8944075764594124!3d43.59860397110472!2m3!1f0!2f0!3f0!3m2!1i1024!2i768!4f13.1!3m3!1m2!1s0x12b6ae016ee41ecf%3A0x43ad717412e05b44!2sH%C3%B4tel%20de%20Ville%20de%20Montpellier!5e0!3m2!1sen!2sfr!4v1745839164267!5m2!1sen!2sfr\" title=\"Ouvrie le lien\" target=\"_blank\" rel=\"noopener\">Cliquez ici pour visualiser le contenu<\/a><\/p>\n<p>Une r\u00e9ponse r\u00e9publicaine imm\u00e9diate<\/p>\n<p class=\" wall-content\">Sur place, l\u2019\u00e9motion reste vive. \u00ab\u00a0\u00c0 de nombreuses reprises, quand un p\u00e8re a \u00e9t\u00e9 tu\u00e9 dans son lit, quand une synagogue a \u00e9t\u00e9 attaqu\u00e9e, nous nous sommes tenus debout. Il n\u2019\u00e9tait pas concevable qu\u2019il en soit autrement pour une mosqu\u00e9e\u00a0\u00bb, a d\u00e9clar\u00e9 <strong>Micha\u00ebl Delafosse.<\/strong> Selon lui, la R\u00e9publique doit se montrer ferme pour d\u00e9fendre ses principes et prot\u00e9ger tous les lieux de culte sans distinction. Dans son discours, le maire rappelle aussi l\u2019anciennet\u00e9 de la pr\u00e9sence musulmane en France. \u00ab\u00a0Les fouilles de la ligne 1 du tramway ont mis au jour des tombes mahom\u00e9tanes du XII\u1d49 si\u00e8cle.\u00a0\u00bb<\/p>\n<p>      <img   decoding=\"async\" loading=\"lazy\" src=\"https:\/\/www.europesays.com\/fr\/wp-content\/uploads\/2025\/04\/tempimageyhvor3-960x640.jpg\" alt=\"Des repr\u00e9sentants de cultes, \u00e9lus et habitants ont uni leurs voix pour refuser la haine et soutenir la communaut\u00e9 musulmane.\" width=\"960\" height=\"640\"\/><br \/>\n    Des repr\u00e9sentants de cultes, \u00e9lus et habitants ont uni leurs voix pour refuser la haine et soutenir la communaut\u00e9 musulmane. (\u00a9M\u00e9tropolitain \/ LP)Vid\u00e9os : en ce moment sur Actu<\/p>\n<p class=\" wall-content\">Le pr\u00e9fet de l\u2019H\u00e9rault, <strong>Fran\u00e7ois-Xavier Lauch<\/strong>, partage ce sentiment. \u00ab\u00a0C\u2019\u00e9tait l\u2019\u00e9vidence de r\u00e9agir de la m\u00eame mani\u00e8re lorsque ce sont des musulmans qui sont touch\u00e9s que lorsque ce sont des juifs ou des catholiques. Vous \u00eates nos concitoyens et vous \u00eates nos \u00e9gaux. Notre devoir est de vous prot\u00e9ger.\u00a0\u00bb<\/p>\n<p>Un climat de protection renforc\u00e9e<\/p>\n<p class=\" wall-content\">Face \u00e0 cette attaque dramatique, des mesures de s\u00e9curit\u00e9 ont \u00e9t\u00e9 prises imm\u00e9diatement. \u00ab\u00a0D\u00e8s cet acte horrible, des consignes extr\u00eamement strictes ont \u00e9t\u00e9 donn\u00e9es aux policiers et gendarmes du d\u00e9partement pour prot\u00e9ger les lieux de culte musulman\u00a0\u00bb, rappelle Fran\u00e7ois-Xavier Lauch. Des patrouilles visibles ont \u00e9t\u00e9 mises en place. Des contacts r\u00e9guliers avec les responsables religieux sont assur\u00e9s pour renforcer la confiance. La ville de Montpellier mobilise aussi ses moyens. Micha\u00ebl Delafosse a confirm\u00e9 le d\u00e9ploiement de la police municipale, le renforcement de la vid\u00e9oprotection et la mobilisation des agents pour s\u00e9curiser les lieux de pri\u00e8re. \u00ab\u00a0Chacun des fid\u00e8les doit pouvoir vivre sa foi en toute s\u00e9curit\u00e9.\u00a0\u00bb<\/p>\n<p>      <img   decoding=\"async\" loading=\"lazy\" src=\"https:\/\/www.europesays.com\/fr\/wp-content\/uploads\/2025\/04\/tempimagega38pe-960x640.jpg\" alt=\"Policiers municipaux et services de l\u2019\u00c9tat ont renforc\u00e9 la s\u00e9curit\u00e9 autour des lieux de culte musulmans \u00e0 Montpellier d\u00e8s l\u2019annonce du drame.\" width=\"960\" height=\"640\"\/><br \/>\n    Policiers municipaux et services de l\u2019\u00c9tat ont renforc\u00e9 la s\u00e9curit\u00e9 autour des lieux de culte musulmans \u00e0 Montpellier d\u00e8s l\u2019annonce du drame. (\u00a9M\u00e9tropolitain \/ LP)<\/p>\n<p class=\" wall-content\">.<\/p>\n<p class=\" wall-content\">Suivez toute l\u2019actualit\u00e9 de vos villes et m\u00e9dias favoris en vous inscrivant \u00e0 <a href=\"https:\/\/moncompte.actu.fr\" title=\"D\u00e9couvez Mon Actu\" rel=\"nofollow noopener\" data-trk=\"{&quot;cta&quot;:{&quot;action&quot;:&quot;https:\\\/\\\/moncompte.actu.fr&quot;,&quot;category&quot;:&quot;mon compte&quot;,&quot;from&quot;:&quot;article footer&quot;,&quot;name&quot;:&quot;Mon actu&quot;,&quot;type&quot;:&quot;cta&quot;}}\" target=\"_blank\">Mon Actu<\/a>.<\/p>\n","protected":false},"excerpt":{"rendered":"Par L\u00e9a Pippinato Publi\u00e9 le 28 avr. 2025 \u00e0 14h06 \u00ab\u00a0Plus de quarante coups de couteau.\u00a0\u00bb L\u2019horreur a&hellip;\n","protected":false},"author":2,"featured_media":59252,"comment_status":"","ping_status":"","sticky":false,"template":"","format":"standard","meta":{"footnotes":""},"categories":[9599],"tags":[1111,11,1777,674,1011,27,5318,2208,12,2680,4020,15599,25,104],"class_list":{"0":"post-59251","1":"post","2":"type-post","3":"status-publish","4":"format-standard","5":"has-post-thumbnail","7":"category-montpellier","8":"tag-actu","9":"tag-actualites","10":"tag-eu","11":"tag-europe","12":"tag-fr","13":"tag-france","14":"tag-islam","15":"tag-montpellier","16":"tag-news","17":"tag-occitanie","18":"tag-religion","19":"tag-republique","20":"tag-republique-francaise","21":"tag-societe"},"share_on_mastodon":{"url":"https:\/\/pubeurope.com\/@fr\/114415660264137212","error":""},"_links":{"self":[{"href":"https:\/\/www.europesays.com\/fr\/wp-json\/wp\/v2\/posts\/59251","targetHints":{"allow":["GET"]}}],"collection":[{"href":"https:\/\/www.europesays.com\/fr\/wp-json\/wp\/v2\/posts"}],"about":[{"href":"https:\/\/www.europesays.com\/fr\/wp-json\/wp\/v2\/types\/post"}],"author":[{"embeddable":true,"href":"https:\/\/www.europesays.com\/fr\/wp-json\/wp\/v2\/users\/2"}],"replies":[{"embeddable":true,"href":"https:\/\/www.europesays.com\/fr\/wp-json\/wp\/v2\/comments?post=59251"}],"version-history":[{"count":0,"href":"https:\/\/www.europesays.com\/fr\/wp-json\/wp\/v2\/posts\/59251\/revisions"}],"wp:featuredmedia":[{"embeddable":true,"href":"https:\/\/www.europesays.com\/fr\/wp-json\/wp\/v2\/media\/59252"}],"wp:attachment":[{"href":"https:\/\/www.europesays.com\/fr\/wp-json\/wp\/v2\/media?parent=59251"}],"wp:term":[{"taxonomy":"category","embeddable":true,"href":"https:\/\/www.europesays.com\/fr\/wp-json\/wp\/v2\/categories?post=59251"},{"taxonomy":"post_tag","embeddable":true,"href":"https:\/\/www.europesays.com\/fr\/wp-json\/wp\/v2\/tags?post=59251"}],"curies":[{"name":"wp","href":"https:\/\/api.w.org\/{rel}","templated":true}]}}