{"id":592513,"date":"2025-12-11T09:34:21","date_gmt":"2025-12-11T09:34:21","guid":{"rendered":"https:\/\/www.europesays.com\/fr\/592513\/"},"modified":"2025-12-11T09:34:21","modified_gmt":"2025-12-11T09:34:21","slug":"la-creche-sablaise-de-leglise-notre-dame-de-bon-port-pour-decouvrir-un-peu-la-genealogie","status":"publish","type":"post","link":"https:\/\/www.europesays.com\/fr\/592513\/","title":{"rendered":"La cr\u00e8che sablaise de l\u2019\u00e9glise Notre-Dame-de-Bon-Port pour d\u00e9couvrir \u00ab\u00a0un peu la g\u00e9n\u00e9alogie"},"content":{"rendered":"<p>La cr\u00e8che de No\u00ebl en<a href=\"https:\/\/lessablesdolonne.maville.com\/actu\/actudet_-aux-sables-d-olonne-l-eglise-notre-dame-de-bon-port-compte-sur-de-genereux-donateurs-_52740-6167790_actu.Htm\" target=\"_blank\" rel=\"noopener\"> l\u2019\u00e9glise Notre-Dame-de-Bon-Port aux Sables-d\u2019Olonne (Vend\u00e9e) <\/a>occupe la chapelle d\u00e9di\u00e9e \u00e0 sainte Anne, m\u00e8re de Marie, r\u00e9cemment r\u00e9nov\u00e9e. L\u2019\u00e9glise comporte treize chapelles dont huit restent \u00e0 r\u00e9nover. Mais la chapelle Sainte-Anne, situ\u00e9e id\u00e9alement pr\u00e8s de l\u2019entr\u00e9e, est fortement pressentie pour \u00eatre le lieu qui accueillera, dans le futur, la cr\u00e8che.<\/p>\n<p><strong>Lire aussi<\/strong>\u00a0: <a href=\"https:\/\/lessablesdolonne.maville.com\/actu\/actudet_-des-donateurs-prives-viennent-en-aide-aux-eglises-en-vendee-_52740-6700258_actu.Htm\" target=\"_blank\" rel=\"noopener\">\u00ab\u00a0J\u2019aime le patrimoine, l\u2019art\u2026\u00a0\u00bb Des donateurs priv\u00e9s viennent en aide aux \u00e9glises en Vend\u00e9e<\/a><\/p>\n<p>Un groupe paroissial d\u2019environ onze personnes s\u2019est charg\u00e9 de sa r\u00e9alisation. Une large structure en tissu bleu fonc\u00e9 symbolise le ciel et ses innombrables \u00e9toiles. Une plus grande \u00e9lectrifi\u00e9e tr\u00f4ne au-dessus de la cr\u00e8che.\u00a0La nouveaut\u00e9, c\u2019est le d\u00e9cor \u00e9toil\u00e9. Cette ann\u00e9e, un groupe de jeunes papas nous a aid\u00e9s pour la manutention. Nous occupons la chapelle de Sainte-Anne car nous proposons de d\u00e9couvrir un peu la g\u00e9n\u00e9alogie de J\u00e9sus. Des documents sont d\u2019ailleurs \u00e0 la disposition du public\u00a0\u00bb,explique Marie-Claude Simon, coordinatrice de l\u2019\u00e9quipe en charge de la r\u00e9alisation.<\/p>\n<p>Un fond musical tourne en permanence dans l\u2019\u00e9glise avec de la musique gr\u00e9gorienne et classique. Les b\u00e9n\u00e9voles ont remarqu\u00e9 que cela abaissait notablement le niveau sonore des conversations au sein de l\u2019\u00e9glise lors des visites.<\/p>\n<p>\u00ab\u00a0C\u2019est l\u2019illustration de ce que la paroisse peut donner de mieux pour le myst\u00e8re de No\u00ebl\u00a0\u00bb<\/p>\n<p>\u00a0Je veux souligner la saine \u00e9mulation qui a accompagn\u00e9 la r\u00e9alisation de la cr\u00e8che. C\u2019est l\u2019illustration de ce que la paroisse peut donner de mieux pour le myst\u00e8re de No\u00ebl. Au-del\u00e0 des messes, il faut le d\u00e9couvrir par soi-m\u00eame pour que le message s\u2019incarne dans nos vies\u00a0, rajoute le p\u00e8re, Antoine Nouwavi.<\/p>\n<p>La cr\u00e8che sera visible jusque dans la semaine du 2\u00a0f\u00e9vrier. Date qui correspond \u00e0 la pr\u00e9sentation de J\u00e9sus au temple, f\u00eat\u00e9e 40\u00a0jours apr\u00e8s No\u00ebl.<\/p>\n<p>Mercredi 17\u00a0d\u00e9cembre, une cr\u00e8che vivante sera propos\u00e9e de 16\u00a0h \u00e0 17\u00a0h. Elle sera anim\u00e9e par des enfants. Des commentaires seront apport\u00e9s par des adultes, des feuillets sont pr\u00eats pour accompagner les enfants dans les chants. Pr\u00e8s de la cr\u00e8che, une table est destin\u00e9e \u00e0 tous les jeunes pour qu\u2019ils puissent dessiner. Les quatre dimanches de l\u2019Avent seront aussi illustr\u00e9s par une jeune artiste autour des mots\u00a0: Esp\u00e9rance, paix, joie et amour.<\/p>\n<p>\u00a0<\/p>\n","protected":false},"excerpt":{"rendered":"La cr\u00e8che de No\u00ebl en l\u2019\u00e9glise Notre-Dame-de-Bon-Port aux Sables-d\u2019Olonne (Vend\u00e9e) occupe la chapelle d\u00e9di\u00e9e \u00e0 sainte Anne, m\u00e8re&hellip;\n","protected":false},"author":2,"featured_media":592514,"comment_status":"","ping_status":"","sticky":false,"template":"","format":"standard","meta":{"footnotes":""},"categories":[2818],"tags":[1111,11,2695,11895,3979,12336,1777,674,1011,27,44115,70566,766,12,70565,2636,25,70564,11894],"class_list":{"0":"post-592513","1":"post","2":"type-post","3":"status-publish","4":"format-standard","5":"has-post-thumbnail","7":"category-nantes","8":"tag-actu","9":"tag-actualites","10":"tag-creche","11":"tag-d","12":"tag-decouvrir","13":"tag-eglise","14":"tag-eu","15":"tag-europe","16":"tag-fr","17":"tag-france","18":"tag-genealogie","19":"tag-jesus","20":"tag-nantes","21":"tag-news","22":"tag-notre-dame-de-bon-port","23":"tag-pays-de-la-loire","24":"tag-republique-francaise","25":"tag-sablaise","26":"tag-sables"},"share_on_mastodon":{"url":"https:\/\/pubeurope.com\/@fr\/115700253716522090","error":""},"_links":{"self":[{"href":"https:\/\/www.europesays.com\/fr\/wp-json\/wp\/v2\/posts\/592513","targetHints":{"allow":["GET"]}}],"collection":[{"href":"https:\/\/www.europesays.com\/fr\/wp-json\/wp\/v2\/posts"}],"about":[{"href":"https:\/\/www.europesays.com\/fr\/wp-json\/wp\/v2\/types\/post"}],"author":[{"embeddable":true,"href":"https:\/\/www.europesays.com\/fr\/wp-json\/wp\/v2\/users\/2"}],"replies":[{"embeddable":true,"href":"https:\/\/www.europesays.com\/fr\/wp-json\/wp\/v2\/comments?post=592513"}],"version-history":[{"count":0,"href":"https:\/\/www.europesays.com\/fr\/wp-json\/wp\/v2\/posts\/592513\/revisions"}],"wp:featuredmedia":[{"embeddable":true,"href":"https:\/\/www.europesays.com\/fr\/wp-json\/wp\/v2\/media\/592514"}],"wp:attachment":[{"href":"https:\/\/www.europesays.com\/fr\/wp-json\/wp\/v2\/media?parent=592513"}],"wp:term":[{"taxonomy":"category","embeddable":true,"href":"https:\/\/www.europesays.com\/fr\/wp-json\/wp\/v2\/categories?post=592513"},{"taxonomy":"post_tag","embeddable":true,"href":"https:\/\/www.europesays.com\/fr\/wp-json\/wp\/v2\/tags?post=592513"}],"curies":[{"name":"wp","href":"https:\/\/api.w.org\/{rel}","templated":true}]}}