{"id":592515,"date":"2025-12-11T09:35:16","date_gmt":"2025-12-11T09:35:16","guid":{"rendered":"https:\/\/www.europesays.com\/fr\/592515\/"},"modified":"2025-12-11T09:35:16","modified_gmt":"2025-12-11T09:35:16","slug":"moises-simon-de-retour-a-nantes-le-coup-de-chaud-du-mercato","status":"publish","type":"post","link":"https:\/\/www.europesays.com\/fr\/592515\/","title":{"rendered":"Moises Simon de retour \u00e0 Nantes, le coup de chaud du mercato"},"content":{"rendered":"<p><b>Vendu au <a href=\"https:\/\/www.foot01.com\/parisfc\" title=\"Paris FC\" target=\"_blank\" rel=\"noopener\">Paris FC<\/a> pour 7 millions d\u2019euros, Moses Simon ne rencontre pas vraiment la r\u00e9ussite esp\u00e9r\u00e9e dans la capitale. Au point que le FC Nantes esp\u00e8re boucler son retour lors du <a href=\"https:\/\/www.foot01.com\/mercato\" title=\"Mercato\" target=\"_blank\" rel=\"noopener\">mercato<\/a> hivernal.<\/b>En tr\u00e8s grosse difficult\u00e9 depuis le d\u00e9but de la saison, <a href=\"https:\/\/www.foot01.com\/nantes\/nantes-kita-change-davis-et-vire-luis-castro\" target=\"_self\" rel=\"noopener\">le FC Nantes traverse une zone de turbulences importante<\/a>. Seizi\u00e8me de Ligue 1, le club pr\u00e9sid\u00e9 par Waldemar Kita s\u2019est s\u00e9par\u00e9 mercredi de son entra\u00eeneur Luis Castro. Une d\u00e9cision forte de la part du board nantais, qui va devoir trouver un nouvel homme fort pour diriger son \u00e9quipe, en plus d\u2019\u00eatre actif lors du mercato de janvier. Des renforts sont indispensables pour esp\u00e9rer un redressement lors de la seconde partie de saison. Tous les secteurs de jeu sont concern\u00e9s, y compris l\u2019attaque malgr\u00e9 le retour de pr\u00eat de Ganago en provenance des Etats-Unis.<\/p>\n<p>A la surprise g\u00e9n\u00e9rale, le FC Nantes aimerait faire revenir au club son ancien attaquant vedette Moses Simon. C\u2019est en tout cas l\u2019information du compte insider @fan_fcnantes_foot. \u00ab\u00a0Le FC Nantes tente de re-s\u00e9duire Moses Simon ! Pour le mercato hivernal qui arrive, la direction nantaise a contact\u00e9 l\u2019ailier du Paris FC pour lui proposer de revenir en pr\u00eat. \u00c0 l\u2019instant T, Moses Simon ne serait pas forc\u00e9ment tr\u00e8s chaud\u00a0\u00bb explique le m\u00e9dia insider sur X. Une information tr\u00e8s surprenante mais pas une mauvaise id\u00e9e pour Nantes, qui conna\u00eet l\u2019attaquant nig\u00e9rian par coeur et qui le sait capable d\u2019apporter une vraie plus-value imm\u00e9diate aux Canaris.<\/p>\n<p>Auteur de trois buts en Ligue 1 depuis le d\u00e9but de la saison, Moses Simon d\u00e9\u00e7oit au Paris FC, o\u00f9 son irr\u00e9gularit\u00e9 lui a valu d\u2019\u00eatre rempla\u00e7ant ces derni\u00e8res semaines. Reste que pour l\u2019ancien attaquant de Nantes, un retour du c\u00f4t\u00e9 de la Beaujoire n\u2019est pas \u00e0 l\u2019ordre du jour pour le moment. Reste \u00e0 voir si fin janvier, les Nantais tenteront leur chance de nouveau pour ce qui serait un joli coup en p\u00e9riode de mercato hivernal pour renforcer une attaque bien inoffensive avec seulement 13 buts marqu\u00e9s depuis le d\u00e9but de la saison en Ligue 1.<\/p>\n","protected":false},"excerpt":{"rendered":"Vendu au Paris FC pour 7 millions d\u2019euros, Moses Simon ne rencontre pas vraiment la r\u00e9ussite esp\u00e9r\u00e9e dans&hellip;\n","protected":false},"author":2,"featured_media":592516,"comment_status":"","ping_status":"","sticky":false,"template":"","format":"standard","meta":{"footnotes":""},"categories":[2818],"tags":[1111,11,1777,674,462,1011,27,1434,766,12,445,2636,25],"class_list":{"0":"post-592515","1":"post","2":"type-post","3":"status-publish","4":"format-standard","5":"has-post-thumbnail","7":"category-nantes","8":"tag-actu","9":"tag-actualites","10":"tag-eu","11":"tag-europe","12":"tag-fc-nantes","13":"tag-fr","14":"tag-france","15":"tag-mercato","16":"tag-nantes","17":"tag-news","18":"tag-paris-fc","19":"tag-pays-de-la-loire","20":"tag-republique-francaise"},"share_on_mastodon":{"url":"https:\/\/pubeurope.com\/@fr\/115700257640270075","error":""},"_links":{"self":[{"href":"https:\/\/www.europesays.com\/fr\/wp-json\/wp\/v2\/posts\/592515","targetHints":{"allow":["GET"]}}],"collection":[{"href":"https:\/\/www.europesays.com\/fr\/wp-json\/wp\/v2\/posts"}],"about":[{"href":"https:\/\/www.europesays.com\/fr\/wp-json\/wp\/v2\/types\/post"}],"author":[{"embeddable":true,"href":"https:\/\/www.europesays.com\/fr\/wp-json\/wp\/v2\/users\/2"}],"replies":[{"embeddable":true,"href":"https:\/\/www.europesays.com\/fr\/wp-json\/wp\/v2\/comments?post=592515"}],"version-history":[{"count":0,"href":"https:\/\/www.europesays.com\/fr\/wp-json\/wp\/v2\/posts\/592515\/revisions"}],"wp:featuredmedia":[{"embeddable":true,"href":"https:\/\/www.europesays.com\/fr\/wp-json\/wp\/v2\/media\/592516"}],"wp:attachment":[{"href":"https:\/\/www.europesays.com\/fr\/wp-json\/wp\/v2\/media?parent=592515"}],"wp:term":[{"taxonomy":"category","embeddable":true,"href":"https:\/\/www.europesays.com\/fr\/wp-json\/wp\/v2\/categories?post=592515"},{"taxonomy":"post_tag","embeddable":true,"href":"https:\/\/www.europesays.com\/fr\/wp-json\/wp\/v2\/tags?post=592515"}],"curies":[{"name":"wp","href":"https:\/\/api.w.org\/{rel}","templated":true}]}}