{"id":592521,"date":"2025-12-11T09:40:17","date_gmt":"2025-12-11T09:40:17","guid":{"rendered":"https:\/\/www.europesays.com\/fr\/592521\/"},"modified":"2025-12-11T09:40:17","modified_gmt":"2025-12-11T09:40:17","slug":"vieux-de-500-ans-ce-lieu-de-patrimoine-cloture-son-annee-anniversaire-avec-un-spectacle-exceptionnel","status":"publish","type":"post","link":"https:\/\/www.europesays.com\/fr\/592521\/","title":{"rendered":"Vieux de 500 ans, ce lieu de patrimoine cl\u00f4ture son ann\u00e9e anniversaire avec un spectacle exceptionnel\u00a0!"},"content":{"rendered":"<p><strong>Cinq si\u00e8cles, \u00e7a se f\u00eate\u00a0!<\/strong> Pour c\u00e9l\u00e9brer l\u2019anniversaire du Donjon du Capitole, en plein c\u0153ur de Toulouse, un programme riche en animations a rythm\u00e9 toute l\u2019ann\u00e9e. Et pour conclure en beaut\u00e9 ces mois de festivit\u00e9s, un show unique et <strong>enti\u00e8rement gratuit<\/strong> viendra illuminer la soir\u00e9e du <strong>vendredi 12\u00a0d\u00e9cembre<\/strong>, de <strong>18h \u00e0 22h<\/strong>. Pr\u00eat pour en prendre plein les yeux et les oreilles \u00e0 l\u2019occasion de cet\u00a0ann\u00e9eversaire\u00a0?<\/p>\n<p>\u00a0<\/p>\n<p>Toute une histoire\u2026 en 15 minutes\u00a0!<\/p>\n<p>Donjon, tour des Archives, consistoire, capitouls\u2026 Ce monument embl\u00e9matique de Toulouse a connu bien des noms, des fonctions et des histoires en cinq si\u00e8cles. Pour permettre au public de red\u00e9couvrir ce pass\u00e9<strong>\u00a0fascinant et\u00a0<\/strong>pour mieux comprendre ce b\u00e2timent embl\u00e9matique de la ville, un \u00ab\u00a0<strong>com\u00e9guide<\/strong>\u00a0\u00bb m\u00e8nera une visite-spectacle pleine d\u2019\u00e9nergie et d\u2019anecdotes\u00a0!<\/p>\n<p>Son v\u00e9ritable d\u00e9fi\u00a0?<strong> Faire voyager les spectateurs \u00e0 travers un pass\u00e9 vieux de\u00a0500 ans\u2026<\/strong> en seulement <strong>15 minutes\u00a0!<\/strong> Et pour ce faire, il sera accompagn\u00e9 d\u2019un com\u00e9dien qui incarnera, avec passion, les multiples personnages \u00e9voqu\u00e9s au fil du r\u00e9cit.<\/p>\n<p>Cette mise en sc\u00e8ne vivante et accessible \u00e0 toutes les g\u00e9n\u00e9rations\u00a0sera jou\u00e9e <strong>uniquement le vendredi 12\u00a0d\u00e9cembre<\/strong>, toutes les 30 minutes, dans l\u2019espace accueil du donjon, lequel restera ouvert entre deux sayn\u00e8tes.<\/p>\n<p>\u00a0<\/p>\n<p>Une ambiance festive autour du Donjon<\/p>\n<p>Pendant ce temps, \u00e0 l\u2019ext\u00e9rieur, un duo d\u2019\u00e9chassiers accueillera le public et insufflera <strong>une atmosph\u00e8re joyeuse et po\u00e9tique.<\/strong> Entre anecdotes historiques et clins d\u2019\u0153il \u00e0 l\u2019architecture toulousaine, ces professionnels inviteront les visiteurs \u00e0 franchir les portes du Donjon du Capitole pour <strong>profiter de ce moment in\u00e9dit<\/strong>, digne d\u2019un anniversaire r\u00e9ussi.<\/p>\n<p>\u00c0 noter que la premi\u00e8re repr\u00e9sentation commencera \u00e0 18h et la derni\u00e8re aura lieu \u00e0 22h, horaire tardif qui marquera la fermeture des portes du donjon, mais \u00e9galement\u00a0<strong>la fermeture du march\u00e9 de No\u00ebl<\/strong> qui s\u2019est install\u00e9 sur la place du Capitole.<\/p>\n<p>\u00a0<\/p>\n<p>Un monument charg\u00e9 d\u2019histoire<\/p>\n<p>\u00c9difi\u00e9 \u00e0 partir de <strong>1525<\/strong> par les architectes <strong>de Naves et Clary<\/strong>, le Donjon du Capitole abritait jadis la <strong>salle du Petit Consistoire<\/strong>, o\u00f9 se r\u00e9unissaient les capitouls, dirigeants de Toulouse.<\/p>\n<p>\u00c0 l\u2019\u00e9tage, on trouvait les archives de la ville\u2026 mais aussi de la <strong>poudre \u00e0 canon<\/strong>\u00a0! Pour acc\u00e9der \u00e0 cette salle hautement s\u00e9curis\u00e9e, il fallait emprunter une tour d\u2019escalier construite en 1532 et reli\u00e9e par un pont couvert.<\/p>\n<p>Au XIX\u1d49 si\u00e8cle, le monument est restaur\u00e9 par <strong>Viollet-le-Duc<\/strong>. Puis, en 1948, il trouve une nouvelle vocation en accueillant l\u2019Office de tourisme de Toulouse. Aujourd\u2019hui encore, il reste un passage incontournable pour d\u00e9couvrir la Ville rose, m\u00eame si\u00a0coinc\u00e9 entre le majestueux Capitole, la station de m\u00e9tro \u00e9ponyme et les commerces, on peut passer devant sans le voir\u00a0!<\/p>\n<blockquote>\n<p>&gt;\u00a0\u00c0 lire aussi\u00a0: <strong><a href=\"https:\/\/www.toulouscope.fr\/2025\/11\/26\/la-tour-du-capitole-offre-une-nuit-perchee-au-dessus-des-toits-toulousains-12884619.php\" target=\"_self\" rel=\"noopener\">La Tour du Capitole offre une nuit perch\u00e9e au-dessus des toits toulousains<\/a><\/strong><\/p>\n<\/blockquote>\n<p>\n            Horaires :<br \/>\n            Vendredi 12 d\u00e9cembre, de 18h \u00e0 22h\n        <\/p>\n<p>\n            Adresse :<br \/>\n            Square Charles de Gaulle, 31000 Toulouse\n        <\/p>\n<p>\n            Tarif :<br \/>\n            Gratuit pour tous\n        <\/p>\n","protected":false},"excerpt":{"rendered":"Cinq si\u00e8cles, \u00e7a se f\u00eate\u00a0! Pour c\u00e9l\u00e9brer l\u2019anniversaire du Donjon du Capitole, en plein c\u0153ur de Toulouse, un&hellip;\n","protected":false},"author":2,"featured_media":592522,"comment_status":"","ping_status":"","sticky":false,"template":"","format":"standard","meta":{"footnotes":""},"categories":[2816],"tags":[1111,11,251,1777,674,1011,27,12,2680,25,4251,2312],"class_list":{"0":"post-592521","1":"post","2":"type-post","3":"status-publish","4":"format-standard","5":"has-post-thumbnail","7":"category-toulouse","8":"tag-actu","9":"tag-actualites","10":"tag-culture","11":"tag-eu","12":"tag-europe","13":"tag-fr","14":"tag-france","15":"tag-news","16":"tag-occitanie","17":"tag-republique-francaise","18":"tag-sortir","19":"tag-toulouse"},"share_on_mastodon":{"url":"https:\/\/pubeurope.com\/@fr\/115700277318443162","error":""},"_links":{"self":[{"href":"https:\/\/www.europesays.com\/fr\/wp-json\/wp\/v2\/posts\/592521","targetHints":{"allow":["GET"]}}],"collection":[{"href":"https:\/\/www.europesays.com\/fr\/wp-json\/wp\/v2\/posts"}],"about":[{"href":"https:\/\/www.europesays.com\/fr\/wp-json\/wp\/v2\/types\/post"}],"author":[{"embeddable":true,"href":"https:\/\/www.europesays.com\/fr\/wp-json\/wp\/v2\/users\/2"}],"replies":[{"embeddable":true,"href":"https:\/\/www.europesays.com\/fr\/wp-json\/wp\/v2\/comments?post=592521"}],"version-history":[{"count":0,"href":"https:\/\/www.europesays.com\/fr\/wp-json\/wp\/v2\/posts\/592521\/revisions"}],"wp:featuredmedia":[{"embeddable":true,"href":"https:\/\/www.europesays.com\/fr\/wp-json\/wp\/v2\/media\/592522"}],"wp:attachment":[{"href":"https:\/\/www.europesays.com\/fr\/wp-json\/wp\/v2\/media?parent=592521"}],"wp:term":[{"taxonomy":"category","embeddable":true,"href":"https:\/\/www.europesays.com\/fr\/wp-json\/wp\/v2\/categories?post=592521"},{"taxonomy":"post_tag","embeddable":true,"href":"https:\/\/www.europesays.com\/fr\/wp-json\/wp\/v2\/tags?post=592521"}],"curies":[{"name":"wp","href":"https:\/\/api.w.org\/{rel}","templated":true}]}}