{"id":592529,"date":"2025-12-11T09:45:24","date_gmt":"2025-12-11T09:45:24","guid":{"rendered":"https:\/\/www.europesays.com\/fr\/592529\/"},"modified":"2025-12-11T09:45:24","modified_gmt":"2025-12-11T09:45:24","slug":"apres-les-propos-polemiques-de-sebastien-delogu-une-enquete-ouverte","status":"publish","type":"post","link":"https:\/\/www.europesays.com\/fr\/592529\/","title":{"rendered":"apr\u00e8s les propos pol\u00e9miques de S\u00e9bastien Delogu, une enqu\u00eate ouverte"},"content":{"rendered":"<p>                    Par<br \/>\n        <strong><br \/>\n            <a href=\"https:\/\/actu.fr\/auteur\/thibault-nadal-actu-fr\" title=\"Consulter tous les articles de Thibault Nadal\" target=\"_blank\" rel=\"noopener\">Thibault Nadal<\/a><br \/>\n                    <\/strong><\/p>\n<p>        Publi\u00e9 le<\/p>\n<p>            11 d\u00e9c. 2025 \u00e0 10h22        <\/p>\n<p>D\u00e9but de campagne mouvement\u00e9 pour S\u00e9bastien Delogu. <a href=\"https:\/\/actu.fr\/provence-alpes-cote-d-azur\/marseille_13055\/municipales-2026-a-marseille-sebastien-delogu-depute-lfi-officialise-sa-candidature_63445746.html\" target=\"_blank\" rel=\"noopener\">Officiellement candidat<\/a> \u00e0 la mairie de Marseille depuis quelques semaines, le d\u00e9put\u00e9 <a href=\"https:\/\/actu.fr\/tag\/la-france-insoumise-lfi\" target=\"_blank\" rel=\"noopener\">LFI<\/a> des <a href=\"https:\/\/actu.fr\/tag\/quartiers-nord\" target=\"_blank\" rel=\"noopener\">quartiers nord<\/a> a affirm\u00e9 que <strong>\u00ab\u2009la police tue\u2009\u00bb<\/strong> lors de son premier meeting. <a href=\"https:\/\/actu.fr\/provence-alpes-cote-d-azur\/marseille_13055\/marseille-la-police-tue-indignation-apres-les-propos-de-sebastien-delogu-la-justice-saisie_63545869.html\" target=\"_blank\" rel=\"noopener\">Des propos qui ont suscit\u00e9 l\u2019indignation<\/a> d\u2019une grande partie de la classe politique.<\/p>\n<p class=\" wall-content\">Ce jeudi 11\u00a0d\u00e9cembre 2025, le parquet confirme \u00e0 actu Marseille qu\u2019une enqu\u00eate a \u00e9t\u00e9 ouverte \u00ab\u2009pour diffamation publique envers un corps constitu\u00e9 ou une administration publique\u2009\u00bb.<\/p>\n<p class=\" wall-content\">Cela fait suite \u00e0 un signalement du pr\u00e9fet des Bouches-du-Rh\u00f4ne, au titre de l\u2019article\u00a040 du Code de proc\u00e9dure p\u00e9nale, \u00ab\u2009au sujet de propos tenus sur la police par S\u00e9bastien Delogu lors de son dernier meeting de campagne\u2009\u00bb.<\/p>\n<p>Franck Allisio parle \u00ab\u2009d\u2019une victoire\u2009\u00bb<\/p>\n<p class=\" wall-content\">Le 6\u00a0d\u00e9cembre dernier, S\u00e9bastien Delogu lan\u00e7ait sa campagne avec un premier meeting \u00e0 la Belle-de-Mai (3e) <strong>devant 1000 personnes<\/strong>. Plusieurs personnalit\u00e9s \u00e9taient pr\u00e9sentes, comme <a href=\"https:\/\/actu.fr\/tag\/manuel-bompard\" target=\"_blank\" rel=\"noopener\">Manuel Bompard<\/a>, coordinateur de la France insoumise et d\u00e9put\u00e9 de Marseille, ou Assa Traor\u00e9, militante contre <a href=\"https:\/\/actu.fr\/tag\/violences-policieres\" target=\"_blank\" rel=\"noopener\">les violences polici\u00e8res<\/a>.<\/p>\n<p class=\" wall-content\">Lors de ce moment avec les militants de LFI, S\u00e9bastien Delogu a tenu cette phrase\u2009: \u00ab\u2009\u00c7a les fait criser quand on dit que la police tue. Mais <strong>la police, elle a tu\u00e9 son fr\u00e8re, donc il ne faut pas l\u2019oublier<\/strong>\u2009\u00bb. En 2016, Adama Traor\u00e9 \u00e9tait mort \u00e0 la gendarmerie de Persan (Val-d\u2019Oise) apr\u00e8s son interpellation. Au terme de sept ans d\u2019investigations, les juges d\u2019instruction avaient \u00e9cart\u00e9 en 2023 toute charge \u00e0 l\u2019encontre des trois gendarmes \u00e0 l\u2019origine de son arrestation. <a href=\"https:\/\/actu.fr\/ile-de-france\/persan_95487\/mort-d-adama-traore-la-cour-d-appel-confirme-le-non-lieu-en-pour-les-gendarmes_61077989.html\" target=\"_blank\" rel=\"noopener\">Une d\u00e9cision confirm\u00e9e en 2024<\/a>.<\/p>\n<p class=\" wall-content\">\n<p class=\" wall-content\">Ces propos ont fait \u00e9norm\u00e9ment r\u00e9agir. Le maire (DVG), <a href=\"https:\/\/actu.fr\/tag\/benoit-payan\" target=\"_blank\" rel=\"noopener\">Beno\u00eet Payan<\/a>, a parl\u00e9 sur <a href=\"https:\/\/x.com\/BFMMarseille\/status\/1998451372916691110\">BFM Marseille<\/a> <strong>d\u2019une \u00ab\u2009faute morale\u2009\u00bb<\/strong>. <a href=\"https:\/\/actu.fr\/provence-alpes-cote-d-azur\/marseille_13055\/municipales-2026-a-marseille-le-rn-peut-creer-la-surprise-assure-franck-allisio_62903402.html\" target=\"_blank\" rel=\"noopener\">Franck Allisio<\/a>, le candidat du <a href=\"https:\/\/actu.fr\/tag\/rassemblement-national-rn\" target=\"_blank\" rel=\"noopener\">Rassemblement national<\/a>, avait \u00e9galement fait un signalement au procureur. Apr\u00e8s l\u2019ouverture d\u2019une enqu\u00eate, il a publi\u00e9 un message sur X pour saluer une \u00ab\u2009victoire\u2009\u00bb.<\/p>\n<p class=\" wall-content\">Personnalisez votre actualit\u00e9 en ajoutant vos villes et m\u00e9dias en favori avec <a href=\"https:\/\/moncompte.actu.fr\" title=\"D\u00e9couvez Mon Actu\" rel=\"nofollow noopener\" data-trk=\"{&quot;cta&quot;:{&quot;action&quot;:&quot;https:\\\/\\\/moncompte.actu.fr&quot;,&quot;category&quot;:&quot;mon compte&quot;,&quot;from&quot;:&quot;article footer&quot;,&quot;name&quot;:&quot;Mon actu&quot;,&quot;type&quot;:&quot;cta&quot;}}\" target=\"_blank\">Mon Actu<\/a>.<\/p>\n","protected":false},"excerpt":{"rendered":"Par Thibault Nadal Publi\u00e9 le 11 d\u00e9c. 2025 \u00e0 10h22 D\u00e9but de campagne mouvement\u00e9 pour S\u00e9bastien Delogu. Officiellement&hellip;\n","protected":false},"author":2,"featured_media":592530,"comment_status":"","ping_status":"","sticky":false,"template":"","format":"standard","meta":{"footnotes":""},"categories":[2814],"tags":[1111,11,1777,674,1011,27,303,1023,884,3434,12,316,882,25],"class_list":{"0":"post-592529","1":"post","2":"type-post","3":"status-publish","4":"format-standard","5":"has-post-thumbnail","7":"category-marseille","8":"tag-actu","9":"tag-actualites","10":"tag-eu","11":"tag-europe","12":"tag-fr","13":"tag-france","14":"tag-justice","15":"tag-la-france-insoumise-lfi","16":"tag-marseille","17":"tag-municipales-2026","18":"tag-news","19":"tag-politique","20":"tag-provence-alpes-cote-dazur","21":"tag-republique-francaise"},"share_on_mastodon":{"url":"https:\/\/pubeurope.com\/@fr\/115700296905444289","error":""},"_links":{"self":[{"href":"https:\/\/www.europesays.com\/fr\/wp-json\/wp\/v2\/posts\/592529","targetHints":{"allow":["GET"]}}],"collection":[{"href":"https:\/\/www.europesays.com\/fr\/wp-json\/wp\/v2\/posts"}],"about":[{"href":"https:\/\/www.europesays.com\/fr\/wp-json\/wp\/v2\/types\/post"}],"author":[{"embeddable":true,"href":"https:\/\/www.europesays.com\/fr\/wp-json\/wp\/v2\/users\/2"}],"replies":[{"embeddable":true,"href":"https:\/\/www.europesays.com\/fr\/wp-json\/wp\/v2\/comments?post=592529"}],"version-history":[{"count":0,"href":"https:\/\/www.europesays.com\/fr\/wp-json\/wp\/v2\/posts\/592529\/revisions"}],"wp:featuredmedia":[{"embeddable":true,"href":"https:\/\/www.europesays.com\/fr\/wp-json\/wp\/v2\/media\/592530"}],"wp:attachment":[{"href":"https:\/\/www.europesays.com\/fr\/wp-json\/wp\/v2\/media?parent=592529"}],"wp:term":[{"taxonomy":"category","embeddable":true,"href":"https:\/\/www.europesays.com\/fr\/wp-json\/wp\/v2\/categories?post=592529"},{"taxonomy":"post_tag","embeddable":true,"href":"https:\/\/www.europesays.com\/fr\/wp-json\/wp\/v2\/tags?post=592529"}],"curies":[{"name":"wp","href":"https:\/\/api.w.org\/{rel}","templated":true}]}}