{"id":592531,"date":"2025-12-11T09:46:26","date_gmt":"2025-12-11T09:46:26","guid":{"rendered":"https:\/\/www.europesays.com\/fr\/592531\/"},"modified":"2025-12-11T09:46:26","modified_gmt":"2025-12-11T09:46:26","slug":"le-gouverneur-militaire-de-lyon","status":"publish","type":"post","link":"https:\/\/www.europesays.com\/fr\/592531\/","title":{"rendered":"le gouverneur militaire de Lyon"},"content":{"rendered":"<p>                            <img loading=\"lazy\" width=\"1200\" height=\"750\" class=\"attachment-article size-article wp-post-image lazyload\" alt=\"G\u00e9n\u00e9ral Lardet, gouverneur militaire de Lyon\" decoding=\"async\" src=\"https:\/\/www.europesays.com\/fr\/wp-content\/uploads\/2025\/12\/IMG_3592-e1765382325470.jpeg\" data-eio-rwidth=\"1200\" data-eio-rheight=\"750\"\/><\/p>\n<p>Le g\u00e9n\u00e9ral Lardet, gouverneur militaire de Lyon<\/p>\n<p class=\"content\" style=\"font-size:1.2em;font-weight:700\">Le g\u00e9n\u00e9ral Lardet, gouverneur militaire de Lyon, est l&rsquo;invit\u00e9 de 6 minutes chrono \/ Lyon Capitale. <\/p>\n<p>\u00ab\u00a0La guerre, il faut s&rsquo;y pr\u00e9parer. Il faut pr\u00e9parer ces sacrifices-l\u00e0, ceux de perdre ses enfants. C&rsquo;est en ce sens que le g\u00e9n\u00e9ral Mandon, chef d&rsquo;\u00c9tat-major des arm\u00e9es, voulait s&rsquo;exprimer.\u00a0\u00bb Invit\u00e9 sur la plateau de 6 minutes chrono, le g\u00e9n\u00e9ral Lardet, gouverneur militaire de Lyon, a comment\u00e9 les mots de l&rsquo;ancien chef de l&rsquo;\u00e9tat-major particulier du pr\u00e9sident de la R\u00e9publique qui avaient provoqu\u00e9 un v\u00e9ritable \u00e9lectrochoc lors du congr\u00e8s des maires de France, le 18\u00a0novembre.<\/p>\n<p>\u00ab\u00a0On doit se pr\u00e9parer \u00e0 une guerre de haute intensit\u00e9, car c\u2019est la meilleure solution pour l\u2019\u00e9viter\u00a0\u00bb, avait dit le g\u00e9n\u00e9ral\u00a0Burkhard\u00a0juste avant de quitter son poste l\u2019\u00e9t\u00e9 dernier. Son successeur, le g\u00e9n\u00e9ral Mandon, a simplement employ\u00e9 des mots plus crus, le 18 novembre, mais le message est le m\u00eame. <\/p>\n<p class=\"has-cyan-bluish-gray-background-color has-background\"><strong>Lire aussi : <\/strong><a href=\"https:\/\/www.lyoncapitale.fr\/actualite\/defense-les-pme-lyonnaises-sur-le-pied-de-guerre\" target=\"_blank\" rel=\"noreferrer noopener\">D\u00e9fense, les PME lyonnaises sur le pied de guerre<\/a><\/p>\n<p>\u00ab\u00a0Il ne faut pas paniquer\u00a0\u00bb<br \/>G\u00e9n\u00e9ral Lardet, gouverneur militaire de Lyon<\/p>\n<p>Le gouverneur militaire de Lyon poursuit et confirme :  \u00ab\u00a0l&#8217;emploi de la force est d\u00e9sinhib\u00e9. Aujourd&rsquo;hui, il faut prendre en compte les menaces qui existent aux fronti\u00e8res de l&rsquo;Europe. Il faut \u00eatre lucide. La lucidit\u00e9 nous impose de nous pr\u00e9parer et de changer de rythme dans la pr\u00e9paration.\u00a0\u00bb<\/p>\n<p>Et d&rsquo;ajouter : \u00ab\u00a0il ne faut pas paniquer. Il faut \u00eatre serein. Il faut simplement construire sa force. Une d\u00e9fense globale implique tous les aspects de la nation. Ce n\u2019est pas seulement disposer de militaires d\u2019active bien \u00e9quip\u00e9s ; c\u2019est aussi avoir une force \u00e9conomique, des industries capables de remonter en puissance. Il faut pr\u00e9parer tout le monde dans ce sens. C\u2019est progressif, c\u2019est une prise de conscience.\u00a0\u00bb<\/p>\n<p>La retranscription int\u00e9grale de l&rsquo;entretien avec le G\u00e9n\u00e9ral Lardet, gouverneur militaire de Lyon<\/p>\n<p><strong>Bonjour \u00e0 tous et bienvenue dans ce nouveau rendez-vous de 6 minutes chrono. Nous accueillons aujourd&rsquo;hui un invit\u00e9 exceptionnel : le G\u00e9n\u00e9ral Lardet, gouverneur militaire de Lyon. <\/strong><\/p>\n<p>Bonjour Monsieur Lamy. <\/p>\n<p><strong>Merci beaucoup d&rsquo;avoir accept\u00e9 notre invitation. Alors, on va entrer dans le vif du sujet : il y a quelques jours, le G\u00e9n\u00e9ral Mandon a d\u00e9clar\u00e9 que la France devait accepter de \u00ab\u00a0perdre ses enfants\u00a0\u00bb face \u00e0 l&rsquo;hypoth\u00e8se d&rsquo;un conflit majeur. Vous, en tant que gouverneur militaire, comment recevez-vous cette mise en garde et surtout comment l&rsquo;expliquez-vous aux citoyens lyonnais ?<\/strong><\/p>\n<p>Cette phrase a fait beaucoup parler et pourtant, me semble-t-il, elle a \u00e9t\u00e9 tr\u00e8s claire. Merci de me permettre de pouvoir l&rsquo;illustrer ou d&rsquo;en parler un peu diff\u00e9remment. Vous savez, les soldats, quand ils sont engag\u00e9s en op\u00e9ration comme ils l&rsquo;\u00e9taient autrefois ou comme ils pourraient \u00eatre engag\u00e9s dans une guerre possible, \u00e9ventuelle, future\u2026 Quand on perd un soldat, on perd un enfant. On perd un enfant d&rsquo;un village pour les maires, on perd un enfant d&rsquo;une famille, et c&rsquo;est toujours douloureux. Pour autant, la guerre, il faut s&rsquo;y pr\u00e9parer. Donc, il faut pr\u00e9parer ces sacrifices-l\u00e0. C&rsquo;est dans ce sens que le G\u00e9n\u00e9ral, \u00e0 l\u2019\u00c9tat-major des arm\u00e9es, voulait s&rsquo;exprimer.<\/p>\n<p><strong>Vladimir Poutine a affirm\u00e9 que la Russie \u00e9tait pr\u00eate si l\u2019Europe voulait la guerre. Comment les forces fran\u00e7aises s\u2019adaptent-elles finalement \u00e0 cette rupture strat\u00e9gique \u2014 parce qu\u2019on peut parler de rupture \u2014 marqu\u00e9e par une banalisation de l\u2019emploi de la force sur la sc\u00e8ne internationale ?<\/strong><\/p>\n<p>Vous avez raison de parler de rupture. On se rend compte que 2022 a \u00e9t\u00e9 un tournant, mais cela avait d\u00e9j\u00e0 \u00e9t\u00e9 pr\u00e9par\u00e9 un peu avant. L&#8217;emploi de la force est d\u00e9sinhib\u00e9. Aujourd&rsquo;hui, il faut prendre en compte les menaces qui existent aux fronti\u00e8res de l&rsquo;Europe. Il faut \u00eatre lucide. La lucidit\u00e9 nous impose de nous pr\u00e9parer et de changer de rythme dans la pr\u00e9paration.<\/p>\n<p><strong>On parlait de cette rupture et de forces d\u00e9sinhib\u00e9es. Il y a aussi une r\u00e9cusation du syst\u00e8me occidental, des valeurs occidentales, qui sont de plus en plus contest\u00e9es. Quels sont les niveaux concrets de pr\u00e9paration et d\u2019\u00e9volution que vous observez au niveau local, notamment dans la garnison de Lyon et en r\u00e9gion Auvergne\u2013Rh\u00f4ne-Alpes ?<\/strong><\/p>\n<p>Ce que j&rsquo;observe dans cette r\u00e9gion, c&rsquo;est que lorsque l\u2019on explique les menaces et les changements g\u00e9ostrat\u00e9giques \u2014 qui sont rapides, sans qu&rsquo;il y ait une semaine ou un mois sans qu&rsquo;apparaisse une forme de surprise, une sorte de rupture dans l&#8217;emploi d\u00e9sinhib\u00e9 de la force \u2014, je constate une grande attente de la population et du monde \u00e9conomique. Beaucoup de gens viennent me voir en me demandant comment ils peuvent aider \u00e0 cette pr\u00e9paration et \u00e0 cette mont\u00e9e en puissance.<\/p>\n<p><strong>Oui, donc il y a une prise de conscience. Il y a une prise de conscience et l\u2019envie d\u2019apporter sa pierre \u00e0 l\u2019\u00e9difice.<\/strong><\/p>\n<p>Oui, je pense qu&rsquo;il y a une prise de conscience. Une prise de conscience que notre environnement est dangereux et mena\u00e7ant. On parle \u00e9galement de toutes les menaces hybrides, parce qu&rsquo;il n&rsquo;y a pas seulement la guerre. Il y a cette forme de comp\u00e9tition qui devient des affrontements m\u00eame sous le seuil : les attaques cyber, r\u00e9guli\u00e8res ; les survols de drones dont on entend beaucoup parler et que l&rsquo;on consid\u00e8re parfois comme plus ou moins r\u00e9els. Non, c&rsquo;est r\u00e9el. Il y a des drones qui survolent des endroits strat\u00e9giques. Tout cela doit \u00eatre pris en compte. Il faut s&rsquo;y pr\u00e9parer sereinement, mais il faut s&rsquo;y pr\u00e9parer avec d\u00e9termination.<\/p>\n<p><strong>Nous avons aussi entendu le pr\u00e9sident de la R\u00e9publique Emmanuel Macron relancer l&rsquo;id\u00e9e d&rsquo;un service national sous forme de volontariat. Cela relance le d\u00e9bat sur la culture de d\u00e9fense en France. Qu&rsquo;est-ce qu\u2019un tel dispositif pourrait apporter, en particulier dans une grande m\u00e9tropole comme Lyon ?<\/strong><\/p>\n<p>Je n\u2019aurais pas dit \u201crelancer\u201d. C\u2019est un service national nouveau, qui n\u2019a rien \u00e0 voir avec celui qu\u2019ont connu les plus anciens. C\u2019est vraiment un service national pour les volontaires. C\u2019est un service militaire qui a pour but de redonner \u00e0 la fois la masse qui manque \u2014 on parle de 3000 jeunes d\u00e8s l\u2019\u00e9t\u00e9 2026, et l\u2019objectif est d\u2019atteindre 10 000 en 2030 \u2014 et de fournir cette masse n\u00e9cessaire pour des missions sur le territoire national, des missions v\u00e9ritablement op\u00e9rationnelles. On pourra revenir, si vous le souhaitez, sur les trois grands axes.<\/p>\n<p><strong>Donc cela signifie que, du point de vue d\u2019un gouverneur militaire, l\u2019annonce du pr\u00e9sident de la R\u00e9publique est essentielle, incontournable ?<\/strong><\/p>\n<p>Oui, c\u2019\u00e9tait n\u00e9cessaire, c\u2019\u00e9tait attendu. Il y a une attente de la jeunesse, pour ceux qui le souhaitent \u2014 puisque c\u2019est vraiment pour des volontaires, qui seront \u00e9galement s\u00e9lectionn\u00e9s \u2014 de pouvoir apporter, gr\u00e2ce \u00e0 une c\u00e9sure, dix mois dans leur parcours pour accomplir un acte tr\u00e8s concret au profit de l\u2019esprit de d\u00e9fense. Ce sera, \u00e0 mon sens, tr\u00e8s utile pour leur parcours personnel.<\/p>\n<p><strong>Et face \u00e0 un environnement international instable, avec un durcissement des rapports de force, comment renforce-t-on le lien arm\u00e9e\u2013nation ? Comment pr\u00e9pare-t-on la soci\u00e9t\u00e9 fran\u00e7aise \u00e0 des menaces explicites sans c\u00e9der \u00e0 l\u2019alarmisme ?<\/strong><\/p>\n<p>Vous avez raison : il ne faut pas paniquer. Il faut \u00eatre serein. Il faut simplement construire sa force. Une d\u00e9fense globale implique tous les aspects de la nation. Ce n\u2019est pas seulement disposer de militaires d\u2019active bien \u00e9quip\u00e9s ; c\u2019est aussi avoir une force \u00e9conomique, des industries capables de remonter en puissance. Il faut pr\u00e9parer tout le monde dans ce sens. C\u2019est progressif, c\u2019est une prise de conscience. Je vous le disais, cela commence par la lucidit\u00e9. La lucidit\u00e9, c\u2019est la premi\u00e8re \u00e9tape. C\u2019est dans ce sens qu\u2019il faut entendre les d\u00e9clarations et la sensibilisation \u00e0 nos menaces ext\u00e9rieures.<\/p>\n<p><strong>En tout cas, ce que l\u2019on pourra retenir de votre intervention sur le plateau de 6 minutes chrono, c\u2019est qu\u2019il faut \u00eatre lucide, se pr\u00e9parer sereinement, sans paniquer et sans c\u00e9der \u00e0 l\u2019alarmisme. Je crois que j\u2019ai un peu r\u00e9sum\u00e9.<\/strong><\/p>\n<p>Vous avez parfaitement r\u00e9sum\u00e9. <\/p>\n<p>En tout cas, merci beaucoup, Monsieur le Gouverneur militaire, d\u2019\u00eatre venu sur le plateau de 6 minutes chrono. Pour plus d\u2019informations : <a>www.lyoncapitale.fr<\/a>. \u00c0 tr\u00e8s bient\u00f4t, au revoir.<\/p>\n","protected":false},"excerpt":{"rendered":"Le g\u00e9n\u00e9ral Lardet, gouverneur militaire de Lyon Le g\u00e9n\u00e9ral Lardet, gouverneur militaire de Lyon, est l&rsquo;invit\u00e9 de 6&hellip;\n","protected":false},"author":2,"featured_media":592532,"comment_status":"","ping_status":"","sticky":false,"template":"","format":"standard","meta":{"footnotes":""},"categories":[1889],"tags":[1111,11,2430,1777,674,1011,27,2428,12,25],"class_list":{"0":"post-592531","1":"post","2":"type-post","3":"status-publish","4":"format-standard","5":"has-post-thumbnail","7":"category-lyon","8":"tag-actu","9":"tag-actualites","10":"tag-auvergne-rhone-alpes","11":"tag-eu","12":"tag-europe","13":"tag-fr","14":"tag-france","15":"tag-lyon","16":"tag-news","17":"tag-republique-francaise"},"share_on_mastodon":{"url":"https:\/\/pubeurope.com\/@fr\/115700301624084478","error":""},"_links":{"self":[{"href":"https:\/\/www.europesays.com\/fr\/wp-json\/wp\/v2\/posts\/592531","targetHints":{"allow":["GET"]}}],"collection":[{"href":"https:\/\/www.europesays.com\/fr\/wp-json\/wp\/v2\/posts"}],"about":[{"href":"https:\/\/www.europesays.com\/fr\/wp-json\/wp\/v2\/types\/post"}],"author":[{"embeddable":true,"href":"https:\/\/www.europesays.com\/fr\/wp-json\/wp\/v2\/users\/2"}],"replies":[{"embeddable":true,"href":"https:\/\/www.europesays.com\/fr\/wp-json\/wp\/v2\/comments?post=592531"}],"version-history":[{"count":0,"href":"https:\/\/www.europesays.com\/fr\/wp-json\/wp\/v2\/posts\/592531\/revisions"}],"wp:featuredmedia":[{"embeddable":true,"href":"https:\/\/www.europesays.com\/fr\/wp-json\/wp\/v2\/media\/592532"}],"wp:attachment":[{"href":"https:\/\/www.europesays.com\/fr\/wp-json\/wp\/v2\/media?parent=592531"}],"wp:term":[{"taxonomy":"category","embeddable":true,"href":"https:\/\/www.europesays.com\/fr\/wp-json\/wp\/v2\/categories?post=592531"},{"taxonomy":"post_tag","embeddable":true,"href":"https:\/\/www.europesays.com\/fr\/wp-json\/wp\/v2\/tags?post=592531"}],"curies":[{"name":"wp","href":"https:\/\/api.w.org\/{rel}","templated":true}]}}