{"id":592533,"date":"2025-12-11T09:47:17","date_gmt":"2025-12-11T09:47:17","guid":{"rendered":"https:\/\/www.europesays.com\/fr\/592533\/"},"modified":"2025-12-11T09:47:17","modified_gmt":"2025-12-11T09:47:17","slug":"les-deputes-lfi-chargent-la-prefete-qui-replique-point-par-point","status":"publish","type":"post","link":"https:\/\/www.europesays.com\/fr\/592533\/","title":{"rendered":"les d\u00e9put\u00e9s LFI chargent la pr\u00e9f\u00e8te, qui r\u00e9plique point par point"},"content":{"rendered":"<p>Les r\u00e9actions n\u2019ont pas tard\u00e9 apr\u00e8s l\u2019annonce de\u00a0<a href=\"https:\/\/www.lyonmag.com\/article\/148857\/les-trois-soirees-du-lyon-antifa-fest-interdites-par-la-prefecture\" target=\"_blank\" rel=\"noopener\">l\u2019interdiction des trois soir\u00e9es musicales du Lyon Antifa Fest<\/a>. Plusieurs d\u00e9put\u00e9s LFI ont publiquement d\u00e9nonc\u00e9 une d\u00e9cision jug\u00e9e \u00ab\u00a0politique\u00a0\u00bb, directement dirig\u00e9e contre un \u00e9v\u00e9nement qu\u2019ils d\u00e9crivent comme culturel et antifasciste. Ces derniers sont ainsi all\u00e9s\u00a0jusqu&rsquo;\u00e0 mettre\u00a0en cause l\u2019impartialit\u00e9 de la d\u00e9cision pr\u00e9fectorale. La pr\u00e9fecture a rapidement r\u00e9agi, r\u00e9futant vigoureusement ces accusations et rappellant ses actions contre l\u2019ultradroite comme contre l\u2019ultragauche.<\/p>\n<p>L&rsquo;un des premiers \u00e0 r\u00e9agir a \u00e9t\u00e9 le lyonnais Rapha\u00ebl Arnault, d\u00e9put\u00e9 LFI de la 1re circonscription du Vaucluse :\u00a0\u00ab\u00a0La pr\u00e9f\u00e8te du Rh\u00f4ne qui a laiss\u00e9 prolif\u00e9rer des locaux n\u00e9o-nazis durant des ann\u00e9es \u00e0 Lyon a d\u00e9cid\u00e9 d\u2019interdire un concert (avec des artistes L\u2019Allemand &amp; Da Uzi) dans le cadre d\u2019un festival antifasciste ce week-end. Ils agissent sous les ordres de G\u00e9n\u00e9ration Identitaire et du RN ?\u00a0\u00bb<\/p>\n<p>Dans la foul\u00e9e, Gabriel Amard, d\u00e9put\u00e9 LFI de la 6e circonscription du Rh\u00f4ne, a \u00e9galement mis en cause la pr\u00e9fecture. Il accuse la pr\u00e9f\u00e8te d\u2019une gestion \u00e0 deux vitesses : \u00ab\u00a0La pr\u00e9f\u00e8te du Rh\u00f4ne a laiss\u00e9 prosp\u00e9rer des locaux n\u00e9onazis \u00e0 Lyon pendant des ann\u00e9es. Aujourd\u2019hui, elle interdit un concert du Lyon Antifa Fest, un \u00e9v\u00e9nement culturel, pacifique, engag\u00e9 contre le fascisme. \u00c9trange conception de &lsquo;l\u2019ordre public&rsquo; : les groupes d\u2019extr\u00eame droite gardent pignon sur rue, mais la culture antifasciste est musel\u00e9e. L\u2019histoire nous l\u2019a appris : quand on ferme les espaces o\u00f9 l\u2019on combat la haine, la haine avance toujours d\u2019un pas. Alors, question simple : au Rh\u00f4ne, qui inspire vraiment ces d\u00e9cisions ? &lsquo;Le fascisme n\u2019arrive jamais d\u2019un coup ; il avance quand on le laisse faire.&rsquo;\u2014 rappel de l\u2019histoire.\u00a0\u00bb<\/p>\n<p>\u00ab\u00a0Fermet\u00e9 contre tous les groupes radicaux\u00a0\u00bb<\/p>\n<p>La pr\u00e9fecture du Rh\u00f4ne a imm\u00e9diatement \u00a0r\u00e9pondu publiquement \u00e0 chacun des deux \u00e9lus. Elle conteste tout laxisme vis-\u00e0-vis de l\u2019ultradroite et revendique des actions men\u00e9es au cours des derni\u00e8res ann\u00e9es : \u00ab\u00a0Vos propos passent volontairement sous silence l\u2019action d\u00e9termin\u00e9e des services de l\u2019\u00c9tat contre les groupuscules de l\u2019ultradroite.\u00a0\u00bb<\/p>\n<p>Elle met ainsi en avant la\u00a0\u00ab\u00a0dissolution des Remparts, de la Traboule et Top sport Rh\u00f4ne et fermeture de leurs locaux dans le Vieux-Lyon en juin 2024\u00a0\u00bb, mais aussi la\u00a0\u00ab\u00a0dissolution de Lyon populaire en juin 2025\u00a0\u00bb, celle de\u00a0\u00ab\u00a0G\u00e9n\u00e9ration identitaire en mars 2021\u00a0\u00bb\u00a0ou encore celle du\u00a0\u00ab\u00a0Bastion social en avril 2019\u00a0\u00bb. L\u2019autorit\u00e9 insiste \u00e9galement sur\u00a0\u00ab\u00a0de nombreuses interpellations gr\u00e2ce au travail d\u2019investigation de la police judiciaire qui avait \u00e9t\u00e9 fortement mobilis\u00e9e suite \u00e0 une s\u00e9rie d\u2019actions violentes.\u00a0\u00bb<\/p>\n<p>L\u2019Etat fait preuve de fermet\u00e9 contre tous les groupes radicaux violents qui propagent des messages de haine, qui g\u00e9n\u00e8rent des troubles \u00e0 l\u2019ordre public et commettent des agressions. C\u2019est la raison pour laquelle, les dissolutions de la Jeune Garde et du GALE, des groupuscules d\u2019ultragauche, ont \u00e9galement \u00e9t\u00e9 prononc\u00e9es respectivement en juin 2025 et en mars 2022.\u00a0\u00bb<\/p>\n<p>Rapha\u00ebl Arnault a ensuite r\u00e9pliqu\u00e9 une nouvelle fois, critiquant l\u2019historique des d\u00e9cisions de l\u2019\u00c9tat :\u00a0\u00bbAlors qu\u2019il existait des locaux n\u00e9o-nazis depuis 2010 avec son lot d\u2019attaques, notamment au couteau : je note qu\u2019il n\u2019y avait donc bien AUCUNE action avant 2019, et qu\u2019il aura donc fallu l\u2019action militante antifasciste [\u2026] pour vous contraindre \u00e0 agir. Nous n\u2019oublierons jamais vos silences durant toutes ces ann\u00e9es, voire vos mensonges comme pour l\u2019attaque et les lynchages racistes du lundi 28 juin 2021.<br \/>Dor\u00e9navant c\u2019est officiel puisque vous soutenez manifestement la dissolution de ces m\u00eames organisations qui ont permis la chute de ces violences de l\u2019extr\u00eame-droite. Et vous justifiez m\u00eame l\u2019interdiction d\u2019un concert parce qu\u2019\u201cantifasciste\u201d. \u00c7a s\u2019appelle comment l\u2019anti-antifascisme ?\u00a0\u00bb<\/p>\n<p>Dans un dernier mouvement de soutien, Thomas Portes, d\u00e9put\u00e9 LFI de Seine-Saint-Denis, a d\u00e9nonc\u00e9 une d\u00e9cision prise sous pression, \u00e9voquant<strong>\u00a0<\/strong>\u00ab\u00a0une interdiction faite sur injonction de l\u2019extr\u00eame droite. La m\u00eame pr\u00e9f\u00e8te du Rh\u00f4ne qui pendant des ann\u00e9es a ferm\u00e9 les yeux sur des groupuscules n\u00e9onazis install\u00e9s en plein c\u0153ur de Lyon. La pr\u00e9f\u00e8te du Rh\u00f4ne Fabienne Buccio est d\u00e9sormais aux ordres de l\u2019extr\u00eame droite. L\u2019\u00e9tat de droit est aujourd\u2019hui gravement remis en cause.<strong>\u00ab\u00a0<\/strong><\/p>\n<p>Pour rappel, dans son arr\u00eat\u00e9, la pr\u00e9fecture justifie l\u2019interdiction des trois soir\u00e9es en \u00e9voquant un risque s\u00e9rieux de troubles \u00e0 l\u2019ordre public. Elle souligne la pr\u00e9sence annonc\u00e9e de personnalit\u00e9s d\u00e9j\u00e0 vis\u00e9es par des interdictions, rappelle des pr\u00e9c\u00e9dents locaux impliquant la mouvance d\u2019ultragauche et mentionne des paroles de certains artistes \u00ab\u00a0appelant \u00e0 la violence\u00a0\u00bb ou visant explicitement les forces de l\u2019ordre.<\/p>\n<blockquote class=\"twitter-tweet\"><p>&#13;<\/p>\n<p dir=\"ltr\" lang=\"fr\">Monsieur le d\u00e9put\u00e9 <\/p>\n<p>Vos propos passent volontairement sous silence l\u2019action d\u00e9termin\u00e9e des services de l\u2019\u00c9tat contre les groupuscules de l\u2019ultradroite.<\/p>\n<p>\u27a1\ufe0fdissolution des Remparts, de la Traboule et Top sport Rh\u00f4ne et fermeture de leurs locaux dans le Vieux-Lyon en juin 2024\u2026 <a href=\"https:\/\/t.co\/tdvRyvmwpq\">https:\/\/t.co\/tdvRyvmwpq<\/a><\/p>\n<p>&#13;<br \/>\n\u2014 Pr\u00e9f\u00e8te de r\u00e9gion Auvergne-Rh\u00f4ne-Alpes et du Rh\u00f4ne (@prefetrhone) <a href=\"https:\/\/twitter.com\/prefetrhone\/status\/1998846794478821835?ref_src=twsrc%5Etfw\" target=\"_blank\" rel=\"noopener\">December 10, 2025<\/a><\/p><\/blockquote>\n<p>  \t\t\t\t\t<script async src=\"https:\/\/platform.twitter.com\/widgets.js\" charset=\"utf-8\"><\/script><\/p>\n","protected":false},"excerpt":{"rendered":"Les r\u00e9actions n\u2019ont pas tard\u00e9 apr\u00e8s l\u2019annonce de\u00a0l\u2019interdiction des trois soir\u00e9es musicales du Lyon Antifa Fest. Plusieurs d\u00e9put\u00e9s&hellip;\n","protected":false},"author":2,"featured_media":592534,"comment_status":"","ping_status":"","sticky":false,"template":"","format":"standard","meta":{"footnotes":""},"categories":[1889],"tags":[1111,11,2813,2190,2430,1109,251,1112,2811,1777,674,118,1011,27,1922,1110,1114,2428,2810,12,241,316,25,2812,517,800],"class_list":{"0":"post-592533","1":"post","2":"type-post","3":"status-publish","4":"format-standard","5":"has-post-thumbnail","7":"category-lyon","8":"tag-actu","9":"tag-actualites","10":"tag-article","11":"tag-asvel","12":"tag-auvergne-rhone-alpes","13":"tag-breves","14":"tag-culture","15":"tag-depeches","16":"tag-economique","17":"tag-eu","18":"tag-europe","19":"tag-faits-divers","20":"tag-fr","21":"tag-france","22":"tag-info","23":"tag-informations","24":"tag-infos","25":"tag-lyon","26":"tag-lyonmag","27":"tag-news","28":"tag-ol","29":"tag-politique","30":"tag-republique-francaise","31":"tag-sociale","32":"tag-sport","33":"tag-transports"},"share_on_mastodon":{"url":"https:\/\/pubeurope.com\/@fr\/115700304685039499","error":""},"_links":{"self":[{"href":"https:\/\/www.europesays.com\/fr\/wp-json\/wp\/v2\/posts\/592533","targetHints":{"allow":["GET"]}}],"collection":[{"href":"https:\/\/www.europesays.com\/fr\/wp-json\/wp\/v2\/posts"}],"about":[{"href":"https:\/\/www.europesays.com\/fr\/wp-json\/wp\/v2\/types\/post"}],"author":[{"embeddable":true,"href":"https:\/\/www.europesays.com\/fr\/wp-json\/wp\/v2\/users\/2"}],"replies":[{"embeddable":true,"href":"https:\/\/www.europesays.com\/fr\/wp-json\/wp\/v2\/comments?post=592533"}],"version-history":[{"count":0,"href":"https:\/\/www.europesays.com\/fr\/wp-json\/wp\/v2\/posts\/592533\/revisions"}],"wp:featuredmedia":[{"embeddable":true,"href":"https:\/\/www.europesays.com\/fr\/wp-json\/wp\/v2\/media\/592534"}],"wp:attachment":[{"href":"https:\/\/www.europesays.com\/fr\/wp-json\/wp\/v2\/media?parent=592533"}],"wp:term":[{"taxonomy":"category","embeddable":true,"href":"https:\/\/www.europesays.com\/fr\/wp-json\/wp\/v2\/categories?post=592533"},{"taxonomy":"post_tag","embeddable":true,"href":"https:\/\/www.europesays.com\/fr\/wp-json\/wp\/v2\/tags?post=592533"}],"curies":[{"name":"wp","href":"https:\/\/api.w.org\/{rel}","templated":true}]}}