{"id":592536,"date":"2025-12-11T09:50:11","date_gmt":"2025-12-11T09:50:11","guid":{"rendered":"https:\/\/www.europesays.com\/fr\/592536\/"},"modified":"2025-12-11T09:50:11","modified_gmt":"2025-12-11T09:50:11","slug":"policiers-municipaux-armes-brigade-de-drones-pierre-yves-bournazel-devoile-son-plan-securite-pour-paris","status":"publish","type":"post","link":"https:\/\/www.europesays.com\/fr\/592536\/","title":{"rendered":"Policiers municipaux arm\u00e9s, brigade de drones\u2026 Pierre-Yves Bournazel d\u00e9voile son \u00ab\u00a0plan s\u00e9curit\u00e9\u00a0\u00bb pour Paris"},"content":{"rendered":"<p>                    Par<br \/>\n        <strong><br \/>\n            <a href=\"https:\/\/actu.fr\/auteur\/redaction-paris\" title=\"Consulter tous les articles de R\u00e9daction Paris\" target=\"_blank\" rel=\"noopener\">R\u00e9daction Paris<\/a><br \/>\n                    <\/strong><\/p>\n<p>        Publi\u00e9 le<\/p>\n<p>            11 d\u00e9c. 2025 \u00e0 10h18        <\/p>\n<p>Les <a href=\"https:\/\/actu.fr\/paris\/politique\/elections-municipales\" target=\"_blank\" rel=\"noopener\">\u00e9lections municipales de 2026<\/a> approchent. Peu \u00e0 peu, les candidats d\u00e9voilent leurs id\u00e9es pour Paris. Ce mercredi 10 d\u00e9cembre 2025, <a href=\"https:\/\/actu.fr\/ile-de-france\/paris_75056\/consensuel-inconnu-qui-est-pierre-yves-bournazel-l-anti-dati-a-droite-pour-les-municipales-a-paris_63365132.html\" target=\"_blank\" rel=\"noopener\">Pierre-Yves Bournazel<\/a>, aspirant \u00e0 la mairie <a href=\"https:\/\/actu.fr\/ile-de-france\/paris_75056\/municipales-2026-a-paris-renaissance-investit-pierre-yves-bournazel-aux-depens-de-rachida-dati_63364694.html\" target=\"_blank\" rel=\"noopener\">soutenu par Renaissance<\/a>, a d\u00e9voil\u00e9 son \u00ab plan s\u00e9curit\u00e9 \u00bb. Un projet qui pr\u00e9voit le triplement des policiers municipaux, qui seront arm\u00e9s, la cr\u00e9ation d\u2019une brigade de drones et le d\u00e9ploiement de la vid\u00e9oprotection algorithmique.<\/p>\n<p>Trois fois plus de policiers municipaux<\/p>\n<p class=\" wall-content\">L\u2019\u00e9lu Horizons, qui dresse le constat d\u2019une ville o\u00f9 \u00ab\u00a0prolif\u00e8rent les incivilit\u00e9s, la petite d\u00e9linquance et l\u2019ins\u00e9curit\u00e9\u00a0\u00bb, souhaite porter <strong>\u00ab\u00a0de 2 200 \u00e0 6 000\u00a0\u00bb<\/strong> le nombre de policiers municipaux parisiens, qui seront arm\u00e9s de pistolets.<\/p>\n<p class=\" wall-content\">Ces nouveaux postes, n\u00e9cessitant une enveloppe de 100 millions d\u2019euros par an, seront financ\u00e9s par le <strong>non-remplacement de d\u00e9parts \u00e0 la retraite<\/strong> de personnels de bureau. Les agents seront op\u00e9rationnels 24h\/24 et 7j\/7 avec un num\u00e9ro de t\u00e9l\u00e9phone d\u00e9di\u00e9, comme d\u00e9j\u00e0 actuellement.<\/p>\n<p class=\" wall-content\">Selon son \u00e9quipe de campagne, \u00ab\u00a0la municipalit\u00e9 sortante, initialement oppos\u00e9e \u00e0 la cr\u00e9ation d\u2019une police municipale, a eu<strong> \u00ab\u00a0la police municipale honteuse\u00a0\u00bb<\/strong> pour ne pas froisser ses alli\u00e9s \u00e9cologistes\u00a0\u00bb. Pour fid\u00e9liser les agents, ces derniers b\u00e9n\u00e9ficieront d\u2019un acc\u00e8s prioritaire au logement social.<\/p>\n<p>Poursuivre certaines exp\u00e9riences des Jeux olympiques<\/p>\n<p class=\" wall-content\">Pierre-Yves Bournazel souhaite \u00e9galement <strong>\u00e9largir les pr\u00e9rogatives des policiers<\/strong> en s\u2019appuyant sur le projet de loi qui sera examin\u00e9 \u00e0 partir du 28 janvier au S\u00e9nat. \u00ab\u00a0On souhaite qu\u2019ils puissent constater des d\u00e9lits sur la voie publique, facturer des amendes en cas de trafic de stup\u00e9fiants, consulter des images de vid\u00e9oprotection mais aussi intervenir dans les parties communes des logements sociaux\u00a0\u00bb, a pr\u00e9cis\u00e9 son entourage.<\/p>\n<p class=\" wall-content\">Parmi les propositions plus clivantes, l\u2019opposant de <a href=\"https:\/\/actu.fr\/tag\/rachida-dati\" target=\"_blank\" rel=\"noopener\">Rachida Dati<\/a> souhaite poursuivre l\u2019exp\u00e9rience men\u00e9e lors des <a href=\"https:\/\/actu.fr\/tag\/jo-paris-2024\" target=\"_blank\" rel=\"noopener\">Jeux olympiques<\/a> en cr\u00e9ant une <strong>brigade de drones<\/strong> commune avec la pr\u00e9fecture de police. Il s\u2019agira de faire de la veille \u00e0 certains \u00ab\u00a0endroits cl\u00e9s\u00a0\u00bb pour alerter les centres de commandement, mais aussi d\u2019aider les patrouilles \u00e0 intervenir, \u00e0 l\u2019instar de ce qui se fait \u00e0 San Francisco, le tout \u00ab\u00a0sous le contr\u00f4le de la Commission nationale informatique et libert\u00e9s\u00a0\u00bb (Cnil).<\/p>\n<p class=\" wall-content\">Le candidat aux municipales envisage aussi d\u2019exp\u00e9rimenter la <strong>vid\u00e9osurveillance algorithmique<\/strong>, \u00e9galement utilis\u00e9e pendant les JO, pour la g\u00e9n\u00e9raliser aux 4 000 cam\u00e9ras actuelles. L\u2019objectif \u00e9tant de rep\u00e9rer automatiquement certaines infractions (stationnement interdit, circulation \u00e0 contresens, etc).<\/p>\n<p>Votre r\u00e9gion, votre actu !<\/p>\n<p>Recevez chaque jour les infos qui comptent pour vous.<\/p>\n<p>\t<a href=\"https:\/\/actu.fr\/newsletter\" class=\"ac-btn ac-btn--corner ac-btn--medium ac-btn--blue800\" target=\"_blank\" rel=\"noopener\">S&rsquo;incrire<\/a><\/p>\n<p class=\" wall-content\">Enfin, l\u2019ancien d\u00e9put\u00e9 aimerait porter de <strong>3 000 \u00e0 5 000<\/strong> le nombre d\u2019agents de s\u00e9curit\u00e9 de la RATP dans les m\u00e9tros, notamment pour \u00ab\u00a0prot\u00e9ger les femmes en soir\u00e9e ou la nuit\u00a0\u00bb. Il souhaite aussi syst\u00e9matiser les cam\u00e9ras de vid\u00e9oprotection devant les \u00e9coles et les coll\u00e8ges, et installer dans les \u00e9tablissements des boutons de s\u00e9curit\u00e9 reli\u00e9s aux commissariats. Hors recrutement, ces mesures sont \u00e9valu\u00e9es \u00e0 environ 20 millions d\u2019euros.<\/p>\n<p class=\" wall-content\">Avec AFP.<\/p>\n<p class=\" wall-content\">Personnalisez votre actualit\u00e9 en ajoutant vos villes et m\u00e9dias en favori avec <a href=\"https:\/\/moncompte.actu.fr\" title=\"D\u00e9couvez Mon Actu\" rel=\"nofollow noopener\" data-trk=\"{&quot;cta&quot;:{&quot;action&quot;:&quot;https:\\\/\\\/moncompte.actu.fr&quot;,&quot;category&quot;:&quot;mon compte&quot;,&quot;from&quot;:&quot;article footer&quot;,&quot;name&quot;:&quot;Mon actu&quot;,&quot;type&quot;:&quot;cta&quot;}}\" target=\"_blank\">Mon Actu<\/a>.<\/p>\n","protected":false},"excerpt":{"rendered":"Par R\u00e9daction Paris Publi\u00e9 le 11 d\u00e9c. 2025 \u00e0 10h18 Les \u00e9lections municipales de 2026 approchent. Peu \u00e0&hellip;\n","protected":false},"author":2,"featured_media":592537,"comment_status":"","ping_status":"","sticky":false,"template":"","format":"standard","meta":{"footnotes":""},"categories":[1888],"tags":[1111,1928,11,1927,4188,1777,674,1011,27,2825,3434,12,1926,626,1925,1072,316,25],"class_list":{"0":"post-592536","1":"post","2":"type-post","3":"status-publish","4":"format-standard","5":"has-post-thumbnail","7":"category-paris","8":"tag-actu","9":"tag-actu-paris","10":"tag-actualites","11":"tag-actualites-paris","12":"tag-elections-municipales","13":"tag-eu","14":"tag-europe","15":"tag-fr","16":"tag-france","17":"tag-insecurite","18":"tag-municipales-2026","19":"tag-news","20":"tag-news-paris","21":"tag-paris","22":"tag-paris-news","23":"tag-police","24":"tag-politique","25":"tag-republique-francaise"},"share_on_mastodon":{"url":"https:\/\/pubeurope.com\/@fr\/115700316679658679","error":""},"_links":{"self":[{"href":"https:\/\/www.europesays.com\/fr\/wp-json\/wp\/v2\/posts\/592536","targetHints":{"allow":["GET"]}}],"collection":[{"href":"https:\/\/www.europesays.com\/fr\/wp-json\/wp\/v2\/posts"}],"about":[{"href":"https:\/\/www.europesays.com\/fr\/wp-json\/wp\/v2\/types\/post"}],"author":[{"embeddable":true,"href":"https:\/\/www.europesays.com\/fr\/wp-json\/wp\/v2\/users\/2"}],"replies":[{"embeddable":true,"href":"https:\/\/www.europesays.com\/fr\/wp-json\/wp\/v2\/comments?post=592536"}],"version-history":[{"count":0,"href":"https:\/\/www.europesays.com\/fr\/wp-json\/wp\/v2\/posts\/592536\/revisions"}],"wp:featuredmedia":[{"embeddable":true,"href":"https:\/\/www.europesays.com\/fr\/wp-json\/wp\/v2\/media\/592537"}],"wp:attachment":[{"href":"https:\/\/www.europesays.com\/fr\/wp-json\/wp\/v2\/media?parent=592536"}],"wp:term":[{"taxonomy":"category","embeddable":true,"href":"https:\/\/www.europesays.com\/fr\/wp-json\/wp\/v2\/categories?post=592536"},{"taxonomy":"post_tag","embeddable":true,"href":"https:\/\/www.europesays.com\/fr\/wp-json\/wp\/v2\/tags?post=592536"}],"curies":[{"name":"wp","href":"https:\/\/api.w.org\/{rel}","templated":true}]}}