{"id":592538,"date":"2025-12-11T09:51:19","date_gmt":"2025-12-11T09:51:19","guid":{"rendered":"https:\/\/www.europesays.com\/fr\/592538\/"},"modified":"2025-12-11T09:51:19","modified_gmt":"2025-12-11T09:51:19","slug":"decouvrez-la-gare-classee-plus-belle-du-monde-a-deux-pas-de-paris","status":"publish","type":"post","link":"https:\/\/www.europesays.com\/fr\/592538\/","title":{"rendered":"d\u00e9couvrez la gare class\u00e9e plus belle du monde \u00e0 deux pas de Paris"},"content":{"rendered":"<p>ParisSelectBook &#8211; Val-de-Marne : d\u00e9couvrez la gare class\u00e9e plus belle du monde \u00e0 deux pas de Paris &#8211; Cr\u00e9dit photo \u00a9 Paris Select Book<\/p>\n<p>Un titre honorifique vient de faire briller le <strong>Val-de-Marne<\/strong>. Ainsi, la plus belle gare du monde s\u2019y trouve, selon un <a href=\"https:\/\/www.parisselectbook.com\/2025\/12\/10\/buches-de-noel-15-creations-inspirees-par-lart-et-le-patrimoine-a-savourer-cet-hiver\/\" target=\"_blank\" rel=\"noopener\">palmar\u00e8s<\/a> d\u2019architecture. Ce choix met en avant une mobilit\u00e9 plus humaine et lisible.<\/p>\n<p>La plus belle gare du monde dans le Val-de-Marne<\/p>\n<p>Le <strong>Prix Versailles 2025<\/strong> d\u00e9cerne un titre mondial \u00e0 l\u2019architecture des transports. Ainsi, la gare laur\u00e9ate porte un message urbain et social. Le jury valorise l\u2019esth\u00e9tique, mais aussi l\u2019usage quotidien. Par cons\u00e9quent, il regarde l\u2019accessibilit\u00e9, la lumi\u00e8re et la <a href=\"https:\/\/www.parisselectbook.com\/2025\/12\/10\/complements-alimentaires-5-aliments-riches-en-nutriments-qui-les-remplacent-au-quotidien\/\" target=\"_blank\" rel=\"noopener\">durabilit\u00e9<\/a>.<\/p>\n<p>La gare <strong>Villejuif \u2013 Gustave Roussy<\/strong> remporte ce titre en <strong>2025<\/strong> dans la cat\u00e9gorie <strong>gares et stations<\/strong>. Ainsi, situ\u00e9e au pied du premier centre europ\u00e9en de lutte contre le cancer, elle lie la ligne <strong>14<\/strong> \u00e0 la future <strong>15<\/strong> et simplifie des milliers de trajets.<\/p>\n<p>Le projet mise sur la clart\u00e9 des parcours et des volumes. De plus, les espaces baignent de lumi\u00e8re naturelle gr\u00e2ce \u00e0 de larges atriums. Les cheminements PMR sont continus, avec des pentes douces et des ascenseurs. En bref, l\u2019<a href=\"https:\/\/www.parisselectbook.com\/2025\/12\/10\/tendances-beaute-2026-le-palmares-des-maquillages-et-coiffures-a-adopter\" target=\"_blank\" rel=\"noopener\">exp\u00e9rience<\/a> voyageur prime, du trottoir au quai.<\/p>\n<blockquote>\n<p>\u00ab L\u2019architecture de transport doit d\u2019abord servir la vie quotidienne. \u00bb<\/p>\n<\/blockquote>\n<p>Comment une gare change un territoire<\/p>\n<p>Autour du site, commerces et services s\u2019activent d\u00e9j\u00e0. Ainsi, la gare cr\u00e9e un p\u00f4le attractif pour les patients et les soignants. Les temps de parcours vers Paris-Sud chutent de fa\u00e7on notable. Par cons\u00e9quent, les habitants gagnent en temps, en sant\u00e9 et en <a href=\"https:\/\/www.parisselectbook.com\/2025\/12\/09\/flocons-davoine-une-alternative-au-petit-dejeuner-reduit-davantage-les-pics-de-glycemie\/\" target=\"_blank\" rel=\"noopener\">s\u00e9r\u00e9nit\u00e9<\/a>.<\/p>\n<p>Le chantier s\u2019inscrit dans le <strong>Grand Paris Express<\/strong> pilot\u00e9 par la <strong>Soci\u00e9t\u00e9 du Grand Paris<\/strong>. Aussi, l\u2019ensemble des acteurs locaux suit l\u2019avancement avec vigilance. La coordination limite les nuisances et s\u00e9curise les abords. En revanche, les phases de tests imposent parfois des fermetures temporaires.<\/p>\n<ul>\n<li>Horaires et fr\u00e9quentation: anticipez les pointes du matin et du soir.<\/li>\n<li>Correspondances: rep\u00e9rez les sorties menant aux bus et aux v\u00e9los.<\/li>\n<li>Accessibilit\u00e9: ascenseurs, rampes et sanitaires signal\u00e9s sur plan.<\/li>\n<li>Services utiles: guichets, automates, commerces de premi\u00e8re n\u00e9cessit\u00e9.<\/li>\n<li>Info trafic: activez les alertes personnalis\u00e9es sur votre appli.<\/li>\n<\/ul>\n<p>Design et donn\u00e9es d\u2019une gare du Grand Paris Express<\/p>\n<p>Le r\u00e9seau nouveau atteindra environ <strong>200 km<\/strong> de m\u00e9tro automatique. Ainsi, pr\u00e8s de <strong>68 stations<\/strong> verront le jour d\u2019ici la prochaine d\u00e9cennie. Dans ce cadre, chaque gare re\u00e7oit une identit\u00e9 claire et un rep\u00e9rage robuste. Par cons\u00e9quent, le voyageur sait o\u00f9 il va, et comment y aller.<\/p>\n<p>Le choix des mat\u00e9riaux vise la sobri\u00e9t\u00e9 et la dur\u00e9e. De plus, la lumi\u00e8re du jour r\u00e9duit la consommation et le stress. Les informations sont lisibles, avec pictogrammes et contrastes renforc\u00e9s. D\u00e9sormais, la maintenance se pr\u00e9voit d\u00e8s la conception.<\/p>\n<p>C\u00f4t\u00e9 climat, la ventilation naturelle et la r\u00e9cup\u00e9ration de chaleur avancent. Aussi, l\u2019ombri\u00e8re prot\u00e8ge des canicules et des pluies intenses. La gare devient un abri s\u00fbr, sans renier la ville autour. En bref, la performance se mesure autant au confort qu\u2019aux kWh.<\/p>\n<p>Saint-Denis Pleyel, autre gare phare<\/p>\n<p>La gare <strong>Saint-Denis Pleyel<\/strong>, sign\u00e9e <strong>Kengo Kuma<\/strong>, accueille d\u00e9j\u00e0 la <strong>ligne 14<\/strong> et connectera les lignes <strong>15<\/strong>, <strong>16<\/strong> et <strong>17<\/strong>. D\u00e9sormais ouverte depuis <strong>juin 2024<\/strong>, elle servira \u00e0 terme <strong>4 lignes<\/strong> du m\u00e9tro automatique et forme une porte nord du Grand Paris.<\/p>\n<p>Son vaste hall favorise les circulations et la lumi\u00e8re. Ainsi, l\u2019orientation se fait vite, m\u00eame aux heures d\u2019affluence. Des \u0153uvres et des finitions bois apportent chaleur et rep\u00e8res. Par cons\u00e9quent, le confort se maintient malgr\u00e9 les flux importants.<\/p>\n<p>Se rep\u00e9rer et profiter de sa gare au quotidien<\/p>\n<p>Avant de partir, v\u00e9rifiez horaires et correspondances sur votre appli. Ainsi, vous anticipez les circulations et gagnez en s\u00e9r\u00e9nit\u00e9. Pr\u00e9voyez quelques minutes pour les correspondances complexes. En revanche, n\u2019h\u00e9sitez pas \u00e0 <a href=\"https:\/\/www.parisselectbook.com\/2025\/12\/09\/courses-de-noel-mardi-matin-a-louverture-le-meilleur-jour-de-decembre-pour-des-rayons-pleins-sans-bousculade\/\" target=\"_blank\" rel=\"noopener\">demander aide<\/a> aux agents en cas de doute.<\/p>\n<p>Les ascenseurs et bandes podotactiles s\u00e9curisent les parcours des personnes fragiles. De plus, des zones d\u2019attente calmes existent pr\u00e8s des acc\u00e8s. Hydratez-vous en \u00e9t\u00e9 et couvrez-vous en hiver sur les quais. Par cons\u00e9quent, votre trajet reste confortable et s\u00fbr.<\/p>\n<p>La mise en service progressive continue sur tout le r\u00e9seau francilien. Ainsi, les ouvertures successives apporteront de nouvelles liaisons directes. Les riverains suivent ces jalons car ils transforment la vie locale. En bref, les m\u00e9tros rapides relient emplois, soins et loisirs sans rupture.<\/p>\n","protected":false},"excerpt":{"rendered":"ParisSelectBook &#8211; Val-de-Marne : d\u00e9couvrez la gare class\u00e9e plus belle du monde \u00e0 deux pas de Paris &#8211;&hellip;\n","protected":false},"author":2,"featured_media":592539,"comment_status":"","ping_status":"","sticky":false,"template":"","format":"standard","meta":{"footnotes":""},"categories":[1888],"tags":[1111,1928,11,1927,1777,674,1011,27,7533,12,1926,626,1925,25],"class_list":{"0":"post-592538","1":"post","2":"type-post","3":"status-publish","4":"format-standard","5":"has-post-thumbnail","7":"category-paris","8":"tag-actu","9":"tag-actu-paris","10":"tag-actualites","11":"tag-actualites-paris","12":"tag-eu","13":"tag-europe","14":"tag-fr","15":"tag-france","16":"tag-gare","17":"tag-news","18":"tag-news-paris","19":"tag-paris","20":"tag-paris-news","21":"tag-republique-francaise"},"share_on_mastodon":{"url":"https:\/\/pubeurope.com\/@fr\/115700320536840181","error":""},"_links":{"self":[{"href":"https:\/\/www.europesays.com\/fr\/wp-json\/wp\/v2\/posts\/592538","targetHints":{"allow":["GET"]}}],"collection":[{"href":"https:\/\/www.europesays.com\/fr\/wp-json\/wp\/v2\/posts"}],"about":[{"href":"https:\/\/www.europesays.com\/fr\/wp-json\/wp\/v2\/types\/post"}],"author":[{"embeddable":true,"href":"https:\/\/www.europesays.com\/fr\/wp-json\/wp\/v2\/users\/2"}],"replies":[{"embeddable":true,"href":"https:\/\/www.europesays.com\/fr\/wp-json\/wp\/v2\/comments?post=592538"}],"version-history":[{"count":0,"href":"https:\/\/www.europesays.com\/fr\/wp-json\/wp\/v2\/posts\/592538\/revisions"}],"wp:featuredmedia":[{"embeddable":true,"href":"https:\/\/www.europesays.com\/fr\/wp-json\/wp\/v2\/media\/592539"}],"wp:attachment":[{"href":"https:\/\/www.europesays.com\/fr\/wp-json\/wp\/v2\/media?parent=592538"}],"wp:term":[{"taxonomy":"category","embeddable":true,"href":"https:\/\/www.europesays.com\/fr\/wp-json\/wp\/v2\/categories?post=592538"},{"taxonomy":"post_tag","embeddable":true,"href":"https:\/\/www.europesays.com\/fr\/wp-json\/wp\/v2\/tags?post=592538"}],"curies":[{"name":"wp","href":"https:\/\/api.w.org\/{rel}","templated":true}]}}