{"id":592552,"date":"2025-12-11T09:58:15","date_gmt":"2025-12-11T09:58:15","guid":{"rendered":"https:\/\/www.europesays.com\/fr\/592552\/"},"modified":"2025-12-11T09:58:15","modified_gmt":"2025-12-11T09:58:15","slug":"exosens-bondit-apres-un-contrat-historique-en-allemagne-11-12-2025-a-1024","status":"publish","type":"post","link":"https:\/\/www.europesays.com\/fr\/592552\/","title":{"rendered":"Exosens bondit apr\u00e8s un contrat historique en Allemagne &#8211; 11\/12\/2025 \u00e0 10:24"},"content":{"rendered":"<p>\n Exosens<br \/>\n <a href=\"https:\/\/www.boursorama.com\/cours\/1rPEXENS\/\" target=\"_blank\" rel=\"noopener\"><br \/>\n  EXENS.PA<br \/>\n <\/a><br \/>\n grimpe en<br \/>\nBourse jeudi apr\u00e8s l&rsquo;annonce la veille de la signature d&rsquo;un<br \/>\ncontrat avec l&rsquo;Organisation conjointe de coop\u00e9ration en mati\u00e8re<br \/>\nd&rsquo;armement (OCCAR) de plus de 500 millions d\u2019euros pour 100.000<br \/>\nbinoculaires Mikron destin\u00e9es aux forces arm\u00e9es allemandes.\n<\/p>\n<p>\n A Paris, vers 09h15 GMT, l&rsquo;action du fabricant d&rsquo;instrument<br \/>\nd&rsquo;optique bondit de 8,2% \u00e0 52,3 euros.\n<\/p>\n<p>\n Le contrat a \u00e9t\u00e9 sign\u00e9 entre un consortium men\u00e9 par Theon<br \/>\nInternational avec le groupe de technologies de la d\u00e9fense<br \/>\nallemand Hendsoldt<br \/>\n <a href=\"https:\/\/www.boursorama.com\/cours\/1zHAG\/\" target=\"_blank\" rel=\"noopener\"><br \/>\n  HAGG.DE<br \/>\n <\/a><br \/>\n d&rsquo;une part, et l&rsquo;OCCAR d&rsquo;autre<br \/>\npart, selon un communiqu\u00e9 d&rsquo;Exosens mercredi. Il int\u00e8gre 200.000<br \/>\ntubes fabriqu\u00e9s par le groupe fran\u00e7ais.\n<\/p>\n<p>\n \u00ab\u00a0Les livraisons sont pr\u00e9vues entre 2027 et 2029, renfor\u00e7ant<br \/>\nla position d\u2019Exosens comme (premier) fournisseur en Europe de<br \/>\ntubes I\u00b2 \u00e0 usage militaire\u00a0\u00bb, souligne dans une note Veneta<br \/>\nNikolova, analyste chez TP Icap Midcap, saluant \u00ab\u00a0la plus<br \/>\nimportante commande unique de JVN jamais pass\u00e9e par un membre<br \/>\neurop\u00e9en de l\u2019Otan, voire la plus grande jamais r\u00e9alis\u00e9e au<br \/>\nniveau mondial\u00a0\u00bb.\n<\/p>\n<p>\n \u00ab\u00a0Pour \u00e9viter une trop forte d\u00e9pendance envers Theon, Exosens<br \/>\naurait int\u00e9r\u00eat cependant \u00e0 r\u00e9\u00e9quilibrer son mix\u00a0\u00bb, nuance<br \/>\ncependant Veneta Nikolova.\n<\/p>\n<p>\n Exosens, qui a r\u00e9alis\u00e9 son introduction en Bourse en juin<br \/>\n2024 et int\u00e9gr\u00e9 le SBF 120 en mars dernier, a b\u00e9n\u00e9fici\u00e9 d&rsquo;une<br \/>\ndemande \u00e9lev\u00e9e pour ses produits dans un contexte de tensions<br \/>\ng\u00e9opolitiques et d&rsquo;investissements de la part des pays de<br \/>\nl&rsquo;Otan.\n<\/p>\n<p>\n Sur un an, l&rsquo;action du groupe, qui fournit notamment ses<br \/>\nsyst\u00e8mes de vision nocturne \u00e0 l&rsquo;Otan et op\u00e8re dans le cadre de<br \/>\nla recherche nucl\u00e9aire et m\u00e9dicale, a pris 171,23%.\n<\/p>\n<p>\n (R\u00e9dig\u00e9 par Augustin Turpin, \u00e9dit\u00e9 par Kate Entringer)<\/p>\n","protected":false},"excerpt":{"rendered":"Exosens EXENS.PA grimpe en Bourse jeudi apr\u00e8s l&rsquo;annonce la veille de la signature d&rsquo;un contrat avec l&rsquo;Organisation conjointe&hellip;\n","protected":false},"author":2,"featured_media":8061,"comment_status":"","ping_status":"","sticky":false,"template":"","format":"standard","meta":{"footnotes":""},"categories":[1587],"tags":[400,11,672,398,408,1804,405,1805,1803,1777,674,1801,403,402,399,404,12,1802,401,406,407],"class_list":{"0":"post-592552","1":"post","2":"type-post","3":"status-publish","4":"format-standard","5":"has-post-thumbnail","7":"category-allemagne","8":"tag-action-cac-40","9":"tag-actualites","10":"tag-allemagne","11":"tag-bourse-de-paris","12":"tag-boursorama","13":"tag-bundesrepublik-deutschland","14":"tag-cotations","15":"tag-de","16":"tag-deutschland","17":"tag-eu","18":"tag-europe","19":"tag-germany","20":"tag-indices-devises","21":"tag-investir","22":"tag-investissement","23":"tag-marche-boursier","24":"tag-news","25":"tag-republique-federale-dallemagne","26":"tag-sicav","27":"tag-trackers","28":"tag-warrants"},"share_on_mastodon":{"url":"https:\/\/pubeurope.com\/@fr\/115700348306159147","error":""},"_links":{"self":[{"href":"https:\/\/www.europesays.com\/fr\/wp-json\/wp\/v2\/posts\/592552","targetHints":{"allow":["GET"]}}],"collection":[{"href":"https:\/\/www.europesays.com\/fr\/wp-json\/wp\/v2\/posts"}],"about":[{"href":"https:\/\/www.europesays.com\/fr\/wp-json\/wp\/v2\/types\/post"}],"author":[{"embeddable":true,"href":"https:\/\/www.europesays.com\/fr\/wp-json\/wp\/v2\/users\/2"}],"replies":[{"embeddable":true,"href":"https:\/\/www.europesays.com\/fr\/wp-json\/wp\/v2\/comments?post=592552"}],"version-history":[{"count":0,"href":"https:\/\/www.europesays.com\/fr\/wp-json\/wp\/v2\/posts\/592552\/revisions"}],"wp:featuredmedia":[{"embeddable":true,"href":"https:\/\/www.europesays.com\/fr\/wp-json\/wp\/v2\/media\/8061"}],"wp:attachment":[{"href":"https:\/\/www.europesays.com\/fr\/wp-json\/wp\/v2\/media?parent=592552"}],"wp:term":[{"taxonomy":"category","embeddable":true,"href":"https:\/\/www.europesays.com\/fr\/wp-json\/wp\/v2\/categories?post=592552"},{"taxonomy":"post_tag","embeddable":true,"href":"https:\/\/www.europesays.com\/fr\/wp-json\/wp\/v2\/tags?post=592552"}],"curies":[{"name":"wp","href":"https:\/\/api.w.org\/{rel}","templated":true}]}}