{"id":592553,"date":"2025-12-11T09:59:24","date_gmt":"2025-12-11T09:59:24","guid":{"rendered":"https:\/\/www.europesays.com\/fr\/592553\/"},"modified":"2025-12-11T09:59:24","modified_gmt":"2025-12-11T09:59:24","slug":"comment-cette-erreur-de-leurope-a-provoque-une-arrivee-massive-des-voitures-hybrides-chinoises-frandroid","status":"publish","type":"post","link":"https:\/\/www.europesays.com\/fr\/592553\/","title":{"rendered":"comment cette erreur de l\u2019Europe a provoqu\u00e9 une arriv\u00e9e massive des voitures hybrides chinoises \u2014 Frandroid"},"content":{"rendered":"<p>Face \u00e0 l\u2019invasion de voitures \u00e9lectriques chinoises, l\u2019Europe a d\u00e9cid\u00e9 de mettre en place des droits de douane punitifs. Mais il semblerait que cette mesure ait en fait eu l\u2019effet inverse, alors que les ventes d\u2019autos de l\u2019Empire du Milieu ne cessent de grimper sur le Vieux Continent.<\/p>\n<p><a href=\"https:\/\/images.frandroid.com\/wp-content\/uploads\/2025\/12\/img-1116.jpg\" target=\"_blank\" class=\"article-content__figure\" rel=\"noopener\"><img fetchpriority=\"high\" decoding=\"async\" loading=\"eager\" width=\"1200\" height=\"800\" src=\"https:\/\/www.europesays.com\/fr\/wp-content\/uploads\/2025\/12\/img-1116.jpg\" alt=\"\" class=\"wp-image-2900643 wp-image wp-image\"  \/><\/a>BYD Dolphin Surf \/\/ Source : BYD<\/p>\n<p>Cela fait depuis un moment que l\u2019on entend parler de<strong> la menace des constructeurs chinois en Europe<\/strong>. Les experts avaient d\u2019ailleurs tir\u00e9 la sonnette d\u2019alarme, affirmait que notre continent allait <strong>bient\u00f4t devenir un simple importateur<\/strong>. C\u2019est ainsi que Bruxelles avait annonc\u00e9 plusieurs mesures, dont la mise en place de <a href=\"https:\/\/www.frandroid.com\/survoltes\/voitures-electriques\/2387980_pourquoi-le-prix-de-certaines-voitures-electriques-chinoises-vendues-en-europe-devrait-bientot-flamber\" target=\"_blank\" rel=\"noopener\">droits de douane<\/a>.<\/p>\n<p>Pas vraiment l\u2019effet attendu<\/p>\n<p>Ces derniers sont avaient \u00e9t\u00e9 d\u00e9crits comme une sanction contre les constructeurs chinois, <a href=\"https:\/\/www.frandroid.com\/survoltes\/voitures-electriques\/1822315_pourquoi-leurope-veut-augmenter-le-prix-des-voitures-electriques-en-utilisant-la-chine-comme-excuse\" target=\"_blank\" rel=\"noopener\">accus\u00e9s de concurrence d\u00e9loyale<\/a>. Ces derniers auraient b\u00e9n\u00e9fici\u00e9 de subventions de la part de leur gouvernement, afin<strong> de tirer vers le bas les prix de leurs voitures <\/strong>en Europe.<\/p>\n<p>Les taxes punitives mises en place par Bruxelles avaient pour but de les d\u00e9favoriser et de leur mettre des b\u00e2tons dans les roues. Pour m\u00e9moire, ces derni\u00e8res ne concernent que <strong>les autos \u00e9lectriques produites en Chine<\/strong>. Et rapidement, les marques vis\u00e9es ont trouv\u00e9 des solutions pour les contourner.<\/p>\n<p>                <img decoding=\"async\" width=\"1200\" height=\"446\" loading=\"lazy\" alt=\"Box Zendure Christmas\" title=\"Box Zendure Christmas\" class=\"is-radiusless placeholder-default wp-image\" src=\"https:\/\/www.europesays.com\/fr\/wp-content\/uploads\/2025\/12\/box-zendure-christmas-1200x446.jpg\" \/>            <\/p>\n<p>\n                    Pr\u00e8s de 1 000 \u20ac de remise sur ce kit Zendure !                <\/p>\n<p class=\"has-text-weight-medium is-size-6 is-line-height-normal\">\n                    Avec le SolarFlow 2400 AC et ses deux batteries AB3000X, alimentez votre maison jour et nuit. Une solution plug &amp; play ultra performante, \u00e0 2038 \u20ac en ce moment au lieu de 2 997 \u20ac !&#13;\n                <\/p>\n<p>On pense \u00e0 <a href=\"https:\/\/www.frandroid.com\/produits\/byd\" target=\"_blank\" rel=\"noopener\">BYD<\/a>, qui a notamment mis l\u2019accent sur les mod\u00e8les hybrides rechargeables, dont <a href=\"https:\/\/www.frandroid.com\/survoltes\/voitures-electriques\/2608967_ils-ont-trouve-une-porte-derobee-voici-comment-les-chinois-contournent-les-droits-de-douanes-sur-les-voitures-electriques\" target=\"_blank\" rel=\"noopener\">la Seal U DM-i qui se vend particuli\u00e8rement bien<\/a>. Car le SUV n\u2019est pas concern\u00e9 par les droits de douane. En parall\u00e8le,<strong> le num\u00e9ro 1 mondial de la voiture \u00e9lectrique<\/strong> va produire <a href=\"https:\/\/www.frandroid.com\/marques\/byd\/2786913_nous-sommes-en-europe-pour-y-rester-la-patronne-de-byd-fait-une-annonce-majeure-pour-ses-voitures-electriques-et-hybrides\" target=\"_blank\" rel=\"noopener\">ses v\u00e9hicules z\u00e9ro-\u00e9mission (\u00e0 l\u2019\u00e9chappement) en Europe<\/a>. Et le site <a href=\"https:\/\/www.autonews.com\/manufacturing\/automakers\/ane-china-europe-tariffs-1209\/\" target=\"_blank\" rel=\"noreferrer noopener\">Automotive News Europe<\/a> nous confirme que la nouvelle taxation n\u2019a en fait aucun impact sur les ventes de voitures chinoises, au contraire. Pour m\u00e9moire, cette derni\u00e8re<strong> peut atteindre les 35\u00a0%<\/strong>, en plus des 10\u00a0% d\u00e9j\u00e0 en vigueur avant.<\/p>\n<p><a href=\"https:\/\/images.frandroid.com\/wp-content\/uploads\/2025\/06\/essai-byd-seal-u-dm-i-2024-6.jpg\" target=\"_blank\" class=\"article-content__figure\" rel=\"noopener\"><img loading=\"lazy\" decoding=\"async\" width=\"1200\" height=\"675\" src=\"https:\/\/www.europesays.com\/fr\/wp-content\/uploads\/2025\/12\/essai-byd-seal-u-dm-i-2024-6-1200x675.jpg\" alt=\"\" class=\"wp-image-2635667 wp-image\"  \/><\/a><\/p>\n<p>Et comme dit plus haut, ce sont les hybrides rechargeables qui sortent grands gagnants. Car les ventes de ces autos par des marques chinoises<strong> ont doubl\u00e9 en octobre 2025 par rapport \u00e0 2024<\/strong>. Et d\u00e9sormais, leur part de march\u00e9 atteint 7\u00a0% en Europe. Les immatriculations devraient<strong> atteindre les 700 000 unit\u00e9s <\/strong>sur le continent d\u2019ici \u00e0 la fin de l\u2019ann\u00e9e. Contre 408 000 en 2024. Et pas question pour les marques chinoises de produire ces autos en Europe.<\/p>\n<p>Car la taxe est de seulement 10\u00a0%, tandis que<strong> les co\u00fbts de production en Chine sont 20 \u00e0 30\u00a0% inf\u00e9rieurs<\/strong>. Autant dire que le calcul est tr\u00e8s vite fait. De plus, les constructeurs de l\u2019Empire du Milieu peuvent facilement compenser cette fiscalit\u00e9, gr\u00e2ce \u00e0<strong> des marges plus \u00e9lev\u00e9es sur notre territoire<\/strong>. Et toutes les marques semblent s\u00e9duites par cette nouvelle strat\u00e9gie. Outre BYD, c\u2019est aussi le cas de <a href=\"https:\/\/www.frandroid.com\/produits\/mg\" target=\"_blank\" rel=\"noopener\">MG<\/a>, dont les ventes <strong>ont grimp\u00e9 de 27\u00a0% en Europe <\/strong>par rapport \u00e0 2024.<\/p>\n<p>Une mesure contre-productive<\/p>\n<p>Et c\u2019est la m\u00eame chose pour de nombreux autres constructeurs, tels que <a href=\"https:\/\/www.frandroid.com\/marques\/chery\" target=\"_blank\" rel=\"noopener\">Chery<\/a>, <a href=\"https:\/\/www.frandroid.com\/marques\/gac\/2786611_gac-arrive-officiellement-en-europe-voici-le-prix-de-ces-voitures-electriques-chinoises\" target=\"_blank\" rel=\"noopener\">GAC <\/a>ou encore <a href=\"https:\/\/www.frandroid.com\/produits\/xpeng\" target=\"_blank\" rel=\"noopener\">Xpeng<\/a>. Si le premier produit ses autos en Europe, ce n\u2019est pas le cas des autres. Par exemple, <a href=\"https:\/\/www.frandroid.com\/produits\/leapmotor\" target=\"_blank\" rel=\"noopener\">Leapmotor <\/a>avait d\u00e9marr\u00e9 la fabrication de sa petite citadine T03 sur le Vieux Continent, <a href=\"https:\/\/www.frandroid.com\/survoltes\/voitures-electriques\/2574375_larret-est-imminent-pourquoi-stellantis-abandonne-deja-la-production-europeenne-de-sa-petite-voiture-electrique-chinoise\" target=\"_blank\" rel=\"noopener\">avant de changer d\u2019avis<\/a>. Cependant, ce sera le cas du <strong>SUV B10, qui sera assembl\u00e9 en Espagne<\/strong>. Si Bruxelles avait voulu p\u00e9naliser les marques chinoises, elle a finalement fait tout le contraire. Et les chiffres le prouvent.<\/p>\n<p>L\u2019Empire du Milieu repr\u00e9sente actuellement <a href=\"https:\/\/www.frandroid.com\/survoltes\/voitures-electriques\/2895185_la-chine-est-desormais-un-poids-lourd-du-marche-automobile-mondial-comme-le-prouvent-ces-chiffres-implacables\" target=\"_blank\" rel=\"noopener\">pas moins de 38\u00a0% du march\u00e9 mondial<\/a>, avec plus de 8,64 millions de voitures vendues rien qu\u2019en octobre. Soit une hausse de 4\u00a0% par rapport \u00e0 2024. Sur l\u2019ensemble de l\u2019ann\u00e9e 2025, <strong>la Chine a \u00e9coul\u00e9 79,25 millions de v\u00e9hicules<\/strong>, tous constructeurs confondus. Et Philippe Houchois, directeur g\u00e9n\u00e9ral de Jefferies \u00e0 Londres d\u00e9plore la strat\u00e9gie de Bruxelles. Car <strong>l\u2019UE a opt\u00e9 pour une sanction s\u00e9lective<\/strong>, en imposant des droits de douane diff\u00e9rents \u00e0 diff\u00e9rents constructeurs automobiles et en se concentrant uniquement sur les v\u00e9hicules \u00e9lectriques.<\/p>\n<p><a href=\"https:\/\/images.frandroid.com\/wp-content\/uploads\/2025\/09\/img-1012.jpg\" target=\"_blank\" class=\"article-content__figure\" rel=\"noopener\"><img loading=\"lazy\" decoding=\"async\" width=\"1200\" height=\"800\" src=\"https:\/\/www.europesays.com\/fr\/wp-content\/uploads\/2025\/12\/img-1012-1200x800.jpg\" alt=\"\" class=\"wp-image-2807359 wp-image\"  \/><\/a>Xpeng G6 (2025) \/\/ Source : Jean-Baptiste Passieux \u2013 Frandroid<\/p>\n<p>Or, ce dernier explique que cette d\u00e9cision \u00ab a cr\u00e9\u00e9 une br\u00e8che importante pour les v\u00e9hicules hybrides complets et m\u00eame pour les hybrides venant de Chine\u00a0\u00bb. Un non-sens, alors que Bruxelles avait affirm\u00e9 vouloir <a href=\"https:\/\/www.frandroid.com\/survoltes\/voitures-electriques\/2863285_nous-devons-etre-moins-naifs-comment-leurope-veut-se-proteger-des-voitures-electriques-chinoises\" target=\"_blank\" rel=\"noopener\">prendre des mesures fortes pour se prot\u00e9ger des Chinois<\/a>. Car environ deux tiers des autos venues de l\u2019Empire du Milieu n\u2019ont \u00e9t\u00e9 soumises qu\u2019\u00e0 <strong>une taxe de seulement 10\u00a0%<\/strong>. Et cela ne devrait pas changer dans l\u2019imm\u00e9diat selon l\u2019analyste.<\/p>\n<p>Ce dernier rappelle que les Etats-Unis ont quant \u00e0 eux des droits de douane de 100\u00a0% <strong>sur l\u2019int\u00e9gralit\u00e9 des voitures venues de Chine<\/strong>. Et ce quelle que soit leur motorisation.<\/p>\n","protected":false},"excerpt":{"rendered":"Face \u00e0 l\u2019invasion de voitures \u00e9lectriques chinoises, l\u2019Europe a d\u00e9cid\u00e9 de mettre en place des droits de douane&hellip;\n","protected":false},"author":2,"featured_media":592554,"comment_status":"","ping_status":"","sticky":false,"template":"","format":"standard","meta":{"footnotes":""},"categories":[1586],"tags":[11,309,2388,1777,674,1011,27,12,25,979],"class_list":{"0":"post-592553","1":"post","2":"type-post","3":"status-publish","4":"format-standard","5":"has-post-thumbnail","7":"category-europe","8":"tag-actualites","9":"tag-chine","10":"tag-droits-de-douane","11":"tag-eu","12":"tag-europe","13":"tag-fr","14":"tag-france","15":"tag-news","16":"tag-republique-francaise","17":"tag-taxes"},"share_on_mastodon":{"url":"https:\/\/pubeurope.com\/@fr\/115700354994718198","error":""},"_links":{"self":[{"href":"https:\/\/www.europesays.com\/fr\/wp-json\/wp\/v2\/posts\/592553","targetHints":{"allow":["GET"]}}],"collection":[{"href":"https:\/\/www.europesays.com\/fr\/wp-json\/wp\/v2\/posts"}],"about":[{"href":"https:\/\/www.europesays.com\/fr\/wp-json\/wp\/v2\/types\/post"}],"author":[{"embeddable":true,"href":"https:\/\/www.europesays.com\/fr\/wp-json\/wp\/v2\/users\/2"}],"replies":[{"embeddable":true,"href":"https:\/\/www.europesays.com\/fr\/wp-json\/wp\/v2\/comments?post=592553"}],"version-history":[{"count":0,"href":"https:\/\/www.europesays.com\/fr\/wp-json\/wp\/v2\/posts\/592553\/revisions"}],"wp:featuredmedia":[{"embeddable":true,"href":"https:\/\/www.europesays.com\/fr\/wp-json\/wp\/v2\/media\/592554"}],"wp:attachment":[{"href":"https:\/\/www.europesays.com\/fr\/wp-json\/wp\/v2\/media?parent=592553"}],"wp:term":[{"taxonomy":"category","embeddable":true,"href":"https:\/\/www.europesays.com\/fr\/wp-json\/wp\/v2\/categories?post=592553"},{"taxonomy":"post_tag","embeddable":true,"href":"https:\/\/www.europesays.com\/fr\/wp-json\/wp\/v2\/tags?post=592553"}],"curies":[{"name":"wp","href":"https:\/\/api.w.org\/{rel}","templated":true}]}}