{"id":592555,"date":"2025-12-11T10:00:19","date_gmt":"2025-12-11T10:00:19","guid":{"rendered":"https:\/\/www.europesays.com\/fr\/592555\/"},"modified":"2025-12-11T10:00:19","modified_gmt":"2025-12-11T10:00:19","slug":"google-play-face-a-un-risque-damende-de-lue-business-am","status":"publish","type":"post","link":"https:\/\/www.europesays.com\/fr\/592555\/","title":{"rendered":"Google Play face \u00e0 un risque d&rsquo;amende de l&rsquo;UE &#8211; Business AM"},"content":{"rendered":"<p>Principaux renseignements<\/p>\n<ul class=\"wp-block-list\">\n<li><strong>L\u2019Union europ\u00e9enne menace Google Play d\u2019amendes pour des raisons antitrust li\u00e9es \u00e0 des restrictions techniques et des frais de service.<\/strong><\/li>\n<li><strong>Les modifications r\u00e9cemment apport\u00e9es par Google n\u2019ont pas \u00e9t\u00e9 jug\u00e9es suffisantes par l\u2019autorit\u00e9 antitrust europ\u00e9enne.<\/strong><\/li>\n<li><strong>Google risque une lourde amende au d\u00e9but de l\u2019ann\u00e9e prochaine, mais craint que d\u2019\u00e9ventuelles modifications ne compromettent la s\u00e9curit\u00e9 des utilisateurs d\u2019Android.<\/strong><\/li>\n<\/ul>\n<p>La boutique d\u2019applications de Google, Google Play, risque une amende de l\u2019Union europ\u00e9enne (UE), car les autorit\u00e9s europ\u00e9ennes doutent de sa conformit\u00e9 aux r\u00e8gles de concurrence loyale. Reuters r\u00e9v\u00e8le que si Google ne propose pas de nouvelles concessions pour r\u00e9soudre ces probl\u00e8mes, l\u2019UE lui imposera une amende importante au d\u00e9but de l\u2019ann\u00e9e prochaine. Cette situation accentue les tensions entre l\u2019Union europ\u00e9enne et les \u00c9tats-Unis, ces derniers estimant que la r\u00e9cente l\u00e9gislation europ\u00e9enne cible injustement les entreprises technologiques am\u00e9ricaines<\/p>\n<p>L\u2019objectif de l\u2019enqu\u00eate<\/p>\n<p><a href=\"https:\/\/fr.businessam.be\/union-europeenne-ouvre-une-enquete-sur-google-concernant-la-formation-a-lia-a-partir-de-contenus-en-ligne\/\" target=\"_blank\" rel=\"noreferrer noopener\">L\u2019enqu\u00eate de l\u2019UE sur Google Play<\/a> a d\u00e9but\u00e9 en mars et se concentre sur deux domaines cl\u00e9s : les restrictions techniques qui emp\u00eachent les d\u00e9veloppeurs d\u2019applications de diriger les utilisateurs vers d\u2019autres plateformes pour des offres potentiellement moins ch\u00e8res, et les frais de service factur\u00e9s par Google pour faciliter l\u2019acquisition de clients par l\u2019interm\u00e9diaire de sa plateforme. L\u2019autorit\u00e9 de r\u00e9gulation de l\u2019UE consid\u00e8re que ces frais sont excessifs.<\/p>\n<p>Bien que Google ait apport\u00e9 des modifications \u00e0 Google Play en ao\u00fbt afin d\u2019assouplir ces restrictions et d\u2019offrir aux d\u00e9veloppeurs une plus grande souplesse en mati\u00e8re de tarification, l\u2019autorit\u00e9 europ\u00e9enne de r\u00e9gulation des ententes et des abus de position dominante estime que ces modifications ne sont pas suffisantes. Elle consid\u00e8re les r\u00e9cents ajustements apport\u00e9s par Apple \u00e0 son App Store comme une r\u00e9f\u00e9rence en mati\u00e8re de conformit\u00e9. Apple a r\u00e9organis\u00e9 son App Store en juin apr\u00e8s que l\u2019Union europ\u00e9enne lui a inflig\u00e9 une amende de 500 millions d\u2019euros pour avoir mis en place des barri\u00e8res techniques et commerciales emp\u00eachant les d\u00e9veloppeurs d\u2019informer les utilisateurs sur des options moins ch\u00e8res disponibles en dehors de la plateforme.<\/p>\n<p>La position de l\u2019UE sur les App Stores<\/p>\n<p>L\u2019UE devrait d\u00e9clarer les r\u00e8gles et les frais r\u00e9vis\u00e9s d\u2019Apple conformes \u00e0 la loi sur les march\u00e9s num\u00e9riques (Digital Markets Act), un texte l\u00e9gislatif essentiel con\u00e7u pour garantir une concurrence loyale et le choix des consommateurs dans l\u2019industrie technologique. Google a encore la possibilit\u00e9 de proposer d\u2019autres changements avant de se voir infliger des amendes potentielles, probablement au cours du premier trimestre de l\u2019ann\u00e9e prochaine. Toutefois, le calendrier de toute sanction est susceptible d\u2019\u00eatre modifi\u00e9.<\/p>\n<p>Un porte-parole de Google a soulign\u00e9 la collaboration continue de l\u2019entreprise avec la Commission europ\u00e9enne, tout en exprimant la crainte que des modifications suppl\u00e9mentaires ne compromettent la s\u00e9curit\u00e9 des utilisateurs d\u2019Android et de Play en augmentant leur vuln\u00e9rabilit\u00e9 aux logiciels malveillants, aux escroqueries et au vol de donn\u00e9es. Il a soulign\u00e9 l\u2019ouverture inh\u00e9rente \u00e0 la plateforme Android par rapport \u00e0 iOS.<\/p>\n<p><a href=\"https:\/\/news.google.com\/publications\/CAowtseUCw?hl=fr&amp;gl=BE&amp;ceid=BE%3Afr\" target=\"_blank\" rel=\"noopener\">Suivez \u00e9galement Business AM sur Google Actualit\u00e9s<\/a><\/p>\n<p><a href=\"https:\/\/portalfr.businessam.be\/plans\/business-am-fr-offre-dete\/\" target=\"_blank\" rel=\"noopener\">Si vous souhaitez acc\u00e9der \u00e0 tous les articles, abonnez-vous ici!<\/a><\/p>\n","protected":false},"excerpt":{"rendered":"Principaux renseignements L\u2019Union europ\u00e9enne menace Google Play d\u2019amendes pour des raisons antitrust li\u00e9es \u00e0 des restrictions techniques et&hellip;\n","protected":false},"author":2,"featured_media":592556,"comment_status":"","ping_status":"","sticky":false,"template":"","format":"standard","meta":{"footnotes":""},"categories":[1586],"tags":[11,70569,1777,674,1779,1011,27,323,70570,12,25,1778,364],"class_list":{"0":"post-592555","1":"post","2":"type-post","3":"status-publish","4":"format-standard","5":"has-post-thumbnail","7":"category-europe","8":"tag-actualites","9":"tag-antitrust","10":"tag-eu","11":"tag-europe","12":"tag-european-union","13":"tag-fr","14":"tag-france","15":"tag-google","16":"tag-google-play","17":"tag-news","18":"tag-republique-francaise","19":"tag-ue","20":"tag-union-europeenne"},"share_on_mastodon":{"url":"https:\/\/pubeurope.com\/@fr\/115700355757889113","error":""},"_links":{"self":[{"href":"https:\/\/www.europesays.com\/fr\/wp-json\/wp\/v2\/posts\/592555","targetHints":{"allow":["GET"]}}],"collection":[{"href":"https:\/\/www.europesays.com\/fr\/wp-json\/wp\/v2\/posts"}],"about":[{"href":"https:\/\/www.europesays.com\/fr\/wp-json\/wp\/v2\/types\/post"}],"author":[{"embeddable":true,"href":"https:\/\/www.europesays.com\/fr\/wp-json\/wp\/v2\/users\/2"}],"replies":[{"embeddable":true,"href":"https:\/\/www.europesays.com\/fr\/wp-json\/wp\/v2\/comments?post=592555"}],"version-history":[{"count":0,"href":"https:\/\/www.europesays.com\/fr\/wp-json\/wp\/v2\/posts\/592555\/revisions"}],"wp:featuredmedia":[{"embeddable":true,"href":"https:\/\/www.europesays.com\/fr\/wp-json\/wp\/v2\/media\/592556"}],"wp:attachment":[{"href":"https:\/\/www.europesays.com\/fr\/wp-json\/wp\/v2\/media?parent=592555"}],"wp:term":[{"taxonomy":"category","embeddable":true,"href":"https:\/\/www.europesays.com\/fr\/wp-json\/wp\/v2\/categories?post=592555"},{"taxonomy":"post_tag","embeddable":true,"href":"https:\/\/www.europesays.com\/fr\/wp-json\/wp\/v2\/tags?post=592555"}],"curies":[{"name":"wp","href":"https:\/\/api.w.org\/{rel}","templated":true}]}}