{"id":592557,"date":"2025-12-11T10:02:15","date_gmt":"2025-12-11T10:02:15","guid":{"rendered":"https:\/\/www.europesays.com\/fr\/592557\/"},"modified":"2025-12-11T10:02:15","modified_gmt":"2025-12-11T10:02:15","slug":"le-tribunal-prononce-la-liquidation-du-dernier-fabricant-de-gros-electromenager-en-france-700-emplois-supprimes","status":"publish","type":"post","link":"https:\/\/www.europesays.com\/fr\/592557\/","title":{"rendered":"le tribunal prononce la liquidation du dernier fabricant de gros \u00e9lectrom\u00e9nager en France, 700 emplois supprim\u00e9s"},"content":{"rendered":"<p>\n    \u00abC\u2019est une terrible nouvelle, un choc et un coup tr\u00e8s dur port\u00e9 \u00e0 l\u2019industrie fran\u00e7aise\u00bb, a r\u00e9agi le pr\u00e9sident de la r\u00e9gion Centre-Val de Loire, Fran\u00e7ois Bonneau \u00e9voquant un \u00abtraumatisme\u00bb pour les salari\u00e9s.<\/p>\n<p class=\"fig-paragraph\">Clap de fin pour le\u00a0<a href=\"http:\/\/www.lefigaro.fr\/societes\/a-100-ans-brandt-dernier-fabricant-de-gros-electromenager-en-france-joue-sa-survie-20251202\" data-fig-type=\"Article\" data-gtm-custom-categorie=\"navigation\" data-gtm-custom-action=\"crossclick\" data-gtm-custom-label=\"Contextuel\" data-gtm-event=\"customEventSPE\" data-fig-domain=\"LEFIGARO\" target=\"_blank\" rel=\"noopener\">dernier fabricant de gros \u00e9lectrom\u00e9nager en France<\/a>. Ce jeudi, le tribunal des activit\u00e9s \u00e9conomiques de Nanterre a annonc\u00e9 la liquidation de Brandt, selon le pr\u00e9sident de la r\u00e9gion Centre-Val de Loire, Fran\u00e7ois Bonneau, \u00e0 l\u2019AFP. \u00abC\u2019est une terrible nouvelle, un choc et un coup tr\u00e8s dur port\u00e9 \u00e0 l\u2019industrie fran\u00e7aise\u00bb, a-t-il r\u00e9agi, \u00e9voquant un \u00abtraumatisme\u00bb pour les salari\u00e9s.<\/p>\n<p class=\"fig-paragraph\">Peu apr\u00e8s l\u2019annonce, les ministres de l\u2019\u00c9conomie et de l\u2019Industrie ont r\u00e9agi. \u00abC\u2019est un fleuron fran\u00e7ais qui s\u2019\u00e9teint\u00bb, regrettent Roland Lescure et S\u00e9bastien Martin, pointant du doigt des \u00abacteurs indispensables\u00bb dont le soutien a manqu\u00e9, aux c\u00f4t\u00e9s des acteurs publics, pour relancer Brandt. \u00abChaque fermeture d\u2019usine est un d\u00e9chirement pour les salari\u00e9s, les familles et tous ceux qui ont fait vivre un savoir-faire industriel. L\u2019\u00c9tat sera extr\u00eamement mobilis\u00e9 pour accompagner les salari\u00e9s dans cette douloureuse \u00e9tape\u00bb, \u00e9crivent-ils.<\/p>\n<p>                                            <a class=\"fig-a11y-skip\" href=\"#fig-a11y-skip-main-inarticle\" data-module=\"a11y-skip\" data-context=\"was @visible\"><br \/>\n    Passer la publicit\u00e9<br \/>\n<\/a>            <\/p>\n<p class=\"fig-paragraph\">Plac\u00e9 en redressement judiciaire d\u00e9but octobre, celui-ci attendait d\u2019\u00eatre fix\u00e9 sur son sort, alors qu\u2019un projet de reprise en soci\u00e9t\u00e9 coop\u00e9rative (Scop) \u00e9tait \u00e9voqu\u00e9, avec l\u2019appui du gouvernement. Avec cette d\u00e9cision du tribunal, quelque 700 emplois devraient \u00eatre supprim\u00e9s, alors que le projet de Scop devait permettre d\u2019en sauver environ 300.<\/p>\n<p class=\"fig-paragraph\"><a href=\"http:\/\/www.lefigaro.fr\/flash-eco\/reprise-de-brandt-la-region-ile-de-france-prevoit-de-debloquer-un-million-d-euros-20251209\" data-fig-type=\"NewsFlash\" data-gtm-custom-categorie=\"navigation\" data-gtm-custom-action=\"crossclick\" data-gtm-custom-label=\"Contextuel\" data-gtm-event=\"customEventSPE\" data-fig-domain=\"LEFIGARO\" target=\"_blank\" rel=\"noopener\">Plus t\u00f4t cette semaine<\/a>, la r\u00e9gion \u00cele-de-France avait pourtant annonc\u00e9 souhaiter d\u00e9bloquer un million d\u2019euros pour soutenir la reprise en Scop du groupe centenaire. L\u2019\u00c9tat, de m\u00eame que la m\u00e9tropole d\u2019Orl\u00e9ans et la r\u00e9gion Centre-Val de Loire, voulaient aussi appuyer l\u2019entreprise.<\/p>\n","protected":false},"excerpt":{"rendered":"\u00abC\u2019est une terrible nouvelle, un choc et un coup tr\u00e8s dur port\u00e9 \u00e0 l\u2019industrie fran\u00e7aise\u00bb, a r\u00e9agi le&hellip;\n","protected":false},"author":2,"featured_media":592558,"comment_status":"","ping_status":"","sticky":false,"template":"","format":"standard","meta":{"footnotes":""},"categories":[2],"tags":[11,38415,1011,27,693,12,25],"class_list":{"0":"post-592557","1":"post","2":"type-post","3":"status-publish","4":"format-standard","5":"has-post-thumbnail","7":"category-actualites","8":"tag-actualites","9":"tag-electromenager","10":"tag-fr","11":"tag-france","12":"tag-industrie","13":"tag-news","14":"tag-republique-francaise"},"share_on_mastodon":{"url":"https:\/\/pubeurope.com\/@fr\/115700363784989050","error":""},"_links":{"self":[{"href":"https:\/\/www.europesays.com\/fr\/wp-json\/wp\/v2\/posts\/592557","targetHints":{"allow":["GET"]}}],"collection":[{"href":"https:\/\/www.europesays.com\/fr\/wp-json\/wp\/v2\/posts"}],"about":[{"href":"https:\/\/www.europesays.com\/fr\/wp-json\/wp\/v2\/types\/post"}],"author":[{"embeddable":true,"href":"https:\/\/www.europesays.com\/fr\/wp-json\/wp\/v2\/users\/2"}],"replies":[{"embeddable":true,"href":"https:\/\/www.europesays.com\/fr\/wp-json\/wp\/v2\/comments?post=592557"}],"version-history":[{"count":0,"href":"https:\/\/www.europesays.com\/fr\/wp-json\/wp\/v2\/posts\/592557\/revisions"}],"wp:featuredmedia":[{"embeddable":true,"href":"https:\/\/www.europesays.com\/fr\/wp-json\/wp\/v2\/media\/592558"}],"wp:attachment":[{"href":"https:\/\/www.europesays.com\/fr\/wp-json\/wp\/v2\/media?parent=592557"}],"wp:term":[{"taxonomy":"category","embeddable":true,"href":"https:\/\/www.europesays.com\/fr\/wp-json\/wp\/v2\/categories?post=592557"},{"taxonomy":"post_tag","embeddable":true,"href":"https:\/\/www.europesays.com\/fr\/wp-json\/wp\/v2\/tags?post=592557"}],"curies":[{"name":"wp","href":"https:\/\/api.w.org\/{rel}","templated":true}]}}