{"id":592563,"date":"2025-12-11T10:07:15","date_gmt":"2025-12-11T10:07:15","guid":{"rendered":"https:\/\/www.europesays.com\/fr\/592563\/"},"modified":"2025-12-11T10:07:15","modified_gmt":"2025-12-11T10:07:15","slug":"pro-d2-pour-bouger-les-dacquois-il-va-falloir-mettre-du-rythme-appelle-arthur-diaz-demi-de-melee-de-colomiers","status":"publish","type":"post","link":"https:\/\/www.europesays.com\/fr\/592563\/","title":{"rendered":"Pro D2 &#8211; \u00ab\u00a0Pour bouger les Dacquois, il va falloir mettre du rythme\u00a0!\u00a0\u00bb, appelle Arthur Diaz, demi de m\u00eal\u00e9e de Colomiers"},"content":{"rendered":"<p>\n                Arthur Diaz, demi de m\u00eal\u00e9e,\u00a0\u00e9voque les progressions de Colomiers depuis ses deux revers \u00e0 domicile contre Vannes et Provence rugby, l&rsquo;importance de l&rsquo;\u00e9tat d&rsquo;esprit de son groupe, qui a prouv\u00e9 ses ressources contre Grenoble. Et bien s\u00fbr, comment son \u00e9quipe pourra s&rsquo;en sortir \u00e0 Dax ce vendredi.\n            <\/p>\n<p><strong>On a la sensation que les revers \u00e0 domicile contre Vannes et Provence ont \u00e9t\u00e9 dig\u00e9r\u00e9es, au vu de vos derniers matchs. Que pouvez-vous en dire ?<\/strong><\/p>\n<p>Ces deux d\u00e9faites nous ont un peu perturb\u00e9s et \u00e7a nous a donn\u00e9 envie de progresser et travailler encore davantage. Il fallait rectifier le tir en gagnant les matchs d&rsquo;apr\u00e8s \u00e0 la maison.<\/p>\n<p><strong>Quels \u00e9taient les axes de progression, alors ?<\/strong><\/p>\n<p>C&rsquo;\u00e9tait surtout en zones de marque ; il nous fallait \u00eatre plus efficaces et g\u00e9rer la discipline aussi. C&rsquo;est ce qui nous a fait du mal.<\/p>\n<p><strong>Le sc\u00e9nario et la largesse du score lors du match contre Grenoble ont fait une grosse impression sur vos dispositions mentales. Est-ce un point sur lequel vous \u00eates attentifs ?<\/strong><\/p>\n<p>D&rsquo;apr\u00e8s moi on a toujours eu un \u00e9tat d&rsquo;esprit assez positif, et c&rsquo;est \u00e7a qui nous fait tenir pendant les matchs, parfois revenir au score, et puis enfoncer le clou \u00e0 la fin. En effet, c&rsquo;est quelque chose de tr\u00e8s b\u00e9n\u00e9fique pour l&rsquo;\u00e9quipe.<\/p>\n<p class=\"std-elt__inline\">\n        <strong>\u00c0 lire aussi :<\/strong><br \/>\n        <a href=\"https:\/\/www.rugbyrama.fr\/2025\/12\/10\/transfertspro-d2-colomiers-rugby-securise-jean-thomas-et-michael-simutoga-pour-les-deux-saisons-a-venir-13102111.php\" target=\"_blank\" rel=\"noopener\">Transferts\/Pro D2. Colomiers rugby s\u00e9curise Jean Thomas et Micha\u00ebl Simutoga pour les deux saisons \u00e0 venir<\/a>\n    <\/p>\n<p><strong>D&rsquo;autant que c&rsquo;est Grenoble, dont l&rsquo;\u00e9quipe et le staff ne sont plus \u00e0 pr\u00e9senter&#8230;<\/strong><\/p>\n<p>Effectivement, c&rsquo;est une grosse \u00e9quipe contre laquelle on a su g\u00e9rer le match, et faire ce qu&rsquo;il fallait pour prendre les devants et assurer la victoire dans le money-time.<\/p>\n<p><strong>\u00c0 quoi vous attendez-vous avec cette \u00e9quipe de Dax, votre prochain adversaire ?<\/strong><\/p>\n<p>On sait que pour affronter Dax, il va falloir \u00eatre tr\u00e8s s\u00e9rieux et appliqu\u00e9 car ils sont tr\u00e8s solides chez eux.<\/p>\n<p><strong>Comment s&rsquo;y prendre pour contrer cette formation dot\u00e9e de gros porteurs, et la plus rapide sur ses propres phases de ruck ?<\/strong><\/p>\n<p>On va mettre l&rsquo;accent sur la propret\u00e9 des sorties de balle, la discipline autour des rucks. En effet, une grande partie de la rencontre se jouera dans les rucks. En cela, on devra \u00eatre bien en place d\u00e9fensivement. Comme lors des matchs pr\u00e9c\u00e9dents, l&rsquo;id\u00e9e est d&rsquo;\u00eatre dans tous les secteurs. Nos avants devront avancer sur les collisions, nos rucks devront \u00eatre pr\u00e9cis, et la communication devra \u00eatre bonne entre nous. Et pour les bouger, il sera essentiel pour nous de mettre du rythme.<\/p>\n<p><strong>Ce mardi, <a href=\"https:\/\/www.rugbyrama.fr\/2025\/12\/09\/oscars-midol-la-grande-fete-de-colomiers-a-eu-lieu-thomas-larrieu-et-jeremy-bechu-recompenses-13100615.php\" target=\"_self\" rel=\"noopener\">lors des Oscars Midi Olympique<\/a>, le pr\u00e9sident Alain Carr\u00e9, bien que satisfait de la situation actuelle, parlait de l&rsquo;importance des deux prochains rendez-vous, afin de passer la tr\u00eave au chaud. Quels sont les objectifs comptables pour cette fin de bloc ?<\/strong><\/p>\n<p>On n&rsquo;a pas d&rsquo;objectif particulier, on aborde tous les matchs de la m\u00eame fa\u00e7on et avec le m\u00eame objectif \u00e0 chaque fois ; gagner. On fera tout pour mettre notre jeu en place et gagner. Gagner les deux matchs.<\/p>\n","protected":false},"excerpt":{"rendered":"Arthur Diaz, demi de m\u00eal\u00e9e,\u00a0\u00e9voque les progressions de Colomiers depuis ses deux revers \u00e0 domicile contre Vannes et&hellip;\n","protected":false},"author":2,"featured_media":592564,"comment_status":"","ping_status":"","sticky":false,"template":"","format":"standard","meta":{"footnotes":""},"categories":[1416],"tags":[1011,27,2308,479,1468,68796,60],"class_list":{"0":"post-592563","1":"post","2":"type-post","3":"status-publish","4":"format-standard","5":"has-post-thumbnail","7":"category-rugby","8":"tag-fr","9":"tag-france","10":"tag-pro-d2","11":"tag-rugby","12":"tag-rugby-football","13":"tag-rugby-u00e0-xv","14":"tag-sports"},"share_on_mastodon":{"url":"https:\/\/pubeurope.com\/@fr\/115700383341021643","error":""},"_links":{"self":[{"href":"https:\/\/www.europesays.com\/fr\/wp-json\/wp\/v2\/posts\/592563","targetHints":{"allow":["GET"]}}],"collection":[{"href":"https:\/\/www.europesays.com\/fr\/wp-json\/wp\/v2\/posts"}],"about":[{"href":"https:\/\/www.europesays.com\/fr\/wp-json\/wp\/v2\/types\/post"}],"author":[{"embeddable":true,"href":"https:\/\/www.europesays.com\/fr\/wp-json\/wp\/v2\/users\/2"}],"replies":[{"embeddable":true,"href":"https:\/\/www.europesays.com\/fr\/wp-json\/wp\/v2\/comments?post=592563"}],"version-history":[{"count":0,"href":"https:\/\/www.europesays.com\/fr\/wp-json\/wp\/v2\/posts\/592563\/revisions"}],"wp:featuredmedia":[{"embeddable":true,"href":"https:\/\/www.europesays.com\/fr\/wp-json\/wp\/v2\/media\/592564"}],"wp:attachment":[{"href":"https:\/\/www.europesays.com\/fr\/wp-json\/wp\/v2\/media?parent=592563"}],"wp:term":[{"taxonomy":"category","embeddable":true,"href":"https:\/\/www.europesays.com\/fr\/wp-json\/wp\/v2\/categories?post=592563"},{"taxonomy":"post_tag","embeddable":true,"href":"https:\/\/www.europesays.com\/fr\/wp-json\/wp\/v2\/tags?post=592563"}],"curies":[{"name":"wp","href":"https:\/\/api.w.org\/{rel}","templated":true}]}}