{"id":592565,"date":"2025-12-11T10:08:12","date_gmt":"2025-12-11T10:08:12","guid":{"rendered":"https:\/\/www.europesays.com\/fr\/592565\/"},"modified":"2025-12-11T10:08:12","modified_gmt":"2025-12-11T10:08:12","slug":"atp-marcos-baghdatis-un-syndicat-a-ete-cree-par-novak-djokovic-ou-encore-vasek-pospisil-et-grace-a-lui-il-y-une-vraie-possibilite-de-negocier-avec-les-tournois-pourtant-les-joueurs-ne-sen-se","status":"publish","type":"post","link":"https:\/\/www.europesays.com\/fr\/592565\/","title":{"rendered":"ATP > Marcos Baghdatis : \u00ab\u00a0Un syndicat a \u00e9t\u00e9 cr\u00e9\u00e9 par Novak Djokovic ou encore Vasek Pospisil, et gr\u00e2ce \u00e0 lui, il y une vraie possibilit\u00e9 de n\u00e9gocier avec les tournois. Pourtant, les joueurs ne s&rsquo;en servent pas. Ils se contentent de se plaindre dans la presse, dans les interviews. Je trouve \u00e7a \u00e9trange\u00a0\u00bb"},"content":{"rendered":"<p>Lors de son inter\u00adview \u00e0 <strong>Tennis365,<\/strong> l\u2019an\u00adcien cham\u00adpion chypriote a analys\u00e9 les compor\u00adte\u00adments des joueurs au sujet du calen\u00addrier, et le moins que l\u2019on puisse dire c\u2019est qu\u2019il est plut\u00f4t perplexe.<\/p>\n<p>\u00ab\u202f\u00c0 notre \u00e9poque, nous n\u2019avions pas cette asso\u00adcia\u00adtion\u00a0: nous aurions pu nous plaindre autant que nous voulions, mais personne ne nous \u00e9cou\u00adtait. Aujourd\u2019hui, en revanche, elle existe. C\u2019est ce que je ne comprends pas chez les joueurs. Ils ont un syndicat cr\u00e9\u00e9 par certains joueurs de tennis, des noms comme\u00a0<strong>Novak Djokovic ou Vasek Pospisil<\/strong>, et gr\u00e2ce \u00e0 eux, la possi\u00adbi\u00adlit\u00e9 de n\u00e9go\u00adcier avec les tour\u00adnois. Pourtant, ils ne s\u2019en servent pas\u202f;\u00a0<br \/><strong>ils se contentent de se plaindre dans la presse<\/strong>\u00a0, dans les inter\u00adviews, etc. Je trouve \u00e7a \u00e9trange. Quand un joueur se plaint, je me dis\u00a0: \u201cD\u2019accord, tu peux changer les choses. C\u2019est entre tes mains. Ce n\u2019est pas entre les mains des tour\u00adnois ou du circuit, mais entre les tiennes. Pourquoi ne le fais\u2010tu pas\u00a0?\u201d C\u2019est ce que je\u00a0pense\u202f\u00bb<\/p>\n<p class=\"post-published-date\" style=\"color: silver; font-size: 75%; text-align: left;\">Publi\u00e9 le jeudi 11 d\u00e9cembre 2025 \u00e0 08:47<\/p>\n","protected":false},"excerpt":{"rendered":"Lors de son inter\u00adview \u00e0 Tennis365, l\u2019an\u00adcien cham\u00adpion chypriote a analys\u00e9 les compor\u00adte\u00adments des joueurs au sujet du&hellip;\n","protected":false},"author":2,"featured_media":592566,"comment_status":"","ping_status":"","sticky":false,"template":"","format":"standard","meta":{"footnotes":""},"categories":[1415],"tags":[105,1011,27,60,1467],"class_list":{"0":"post-592565","1":"post","2":"type-post","3":"status-publish","4":"format-standard","5":"has-post-thumbnail","7":"category-tennis","8":"tag-djokovic","9":"tag-fr","10":"tag-france","11":"tag-sports","12":"tag-tennis"},"share_on_mastodon":{"url":"https:\/\/pubeurope.com\/@fr\/115700387329587116","error":""},"_links":{"self":[{"href":"https:\/\/www.europesays.com\/fr\/wp-json\/wp\/v2\/posts\/592565","targetHints":{"allow":["GET"]}}],"collection":[{"href":"https:\/\/www.europesays.com\/fr\/wp-json\/wp\/v2\/posts"}],"about":[{"href":"https:\/\/www.europesays.com\/fr\/wp-json\/wp\/v2\/types\/post"}],"author":[{"embeddable":true,"href":"https:\/\/www.europesays.com\/fr\/wp-json\/wp\/v2\/users\/2"}],"replies":[{"embeddable":true,"href":"https:\/\/www.europesays.com\/fr\/wp-json\/wp\/v2\/comments?post=592565"}],"version-history":[{"count":0,"href":"https:\/\/www.europesays.com\/fr\/wp-json\/wp\/v2\/posts\/592565\/revisions"}],"wp:featuredmedia":[{"embeddable":true,"href":"https:\/\/www.europesays.com\/fr\/wp-json\/wp\/v2\/media\/592566"}],"wp:attachment":[{"href":"https:\/\/www.europesays.com\/fr\/wp-json\/wp\/v2\/media?parent=592565"}],"wp:term":[{"taxonomy":"category","embeddable":true,"href":"https:\/\/www.europesays.com\/fr\/wp-json\/wp\/v2\/categories?post=592565"},{"taxonomy":"post_tag","embeddable":true,"href":"https:\/\/www.europesays.com\/fr\/wp-json\/wp\/v2\/tags?post=592565"}],"curies":[{"name":"wp","href":"https:\/\/api.w.org\/{rel}","templated":true}]}}