{"id":592567,"date":"2025-12-11T10:12:19","date_gmt":"2025-12-11T10:12:19","guid":{"rendered":"https:\/\/www.europesays.com\/fr\/592567\/"},"modified":"2025-12-11T10:12:19","modified_gmt":"2025-12-11T10:12:19","slug":"decathlon-cma-cgm-le-velo-2026-actualite","status":"publish","type":"post","link":"https:\/\/www.europesays.com\/fr\/592567\/","title":{"rendered":"Decathlon CMA CGM : Le v\u00e9lo 2026 &#8211; Actualit\u00e9"},"content":{"rendered":"<p style=\"text-align: justify;\">La formation Decathlon AG2R La Mondiale, qui va d\u00e9sormais se nommer Decathlon CMA CGM en raison de son nouveau partenaire titre, comptera en 2026 un effectif de 28 coureurs, autour de son nouveau leader <strong><a href=\"https:\/\/www.directvelo.com\/coureur\/43312\/paul-seixas\" target=\"_blank\" rel=\"noopener\">Paul Seixas<\/a><\/strong>\u00a0et de la recrue n\u00e9erlandaise <strong><a href=\"https:\/\/www.directvelo.com\/coureur\/27544\/olav-kooij\" target=\"_blank\" rel=\"noopener\">Olav Kooij<\/a><\/strong>.\u00a0<\/p>\n<p style=\"text-align: justify;\">La WorldTeam tricolore vient de d\u00e9voiler la machine sur laquelle \u00e9volueront ses coureurs tout au long de la prochaine saison. Le v\u00e9lo Van Rysel sera mont\u00e9 en SRAM.\u00a0\u00a0<\/p>\n<p class=\"text-center\"><img loading=\"lazy\" decoding=\"async\" src=\"https:\/\/www.europesays.com\/fr\/wp-content\/uploads\/2025\/12\/velo decath 26.jpg\" alt=\"\" width=\"600\" height=\"750\"\/><\/p>\n<p><img loading=\"lazy\" decoding=\"async\" src=\"https:\/\/www.europesays.com\/fr\/wp-content\/uploads\/2025\/12\/velo decath 2.jpg\" alt=\"\" width=\"600\" height=\"750\"\/><\/p>\n<p><img loading=\"lazy\" decoding=\"async\" src=\"https:\/\/www.europesays.com\/fr\/wp-content\/uploads\/2025\/12\/velo decath clm.jpg\" alt=\"\" width=\"600\" height=\"750\"\/><\/p>\n","protected":false},"excerpt":{"rendered":"La formation Decathlon AG2R La Mondiale, qui va d\u00e9sormais se nommer Decathlon CMA CGM en raison de son&hellip;\n","protected":false},"author":2,"featured_media":592568,"comment_status":"","ping_status":"","sticky":false,"template":"","format":"standard","meta":{"footnotes":""},"categories":[1411],"tags":[834,828,836,829,837,827,83,826,824,823,1154,207,814,817,815,816,822,821,832,211,839,1011,27,820,818,819,835,831,830,833,838,60,212,208,825],"class_list":{"0":"post-592567","1":"post","2":"type-post","3":"status-publish","4":"format-standard","5":"has-post-thumbnail","7":"category-cyclisme","8":"tag-attaque","9":"tag-belgique","10":"tag-braquet","11":"tag-bretagne","12":"tag-chute","13":"tag-competition","14":"tag-coupe-de-france","15":"tag-coureur","16":"tag-course-cyclisme","17":"tag-course-cycliste","18":"tag-cycling","19":"tag-cyclisme","20":"tag-direct","21":"tag-direct-velo","22":"tag-directvelo","23":"tag-directvelo-com","24":"tag-epreuve","25":"tag-epreuve-cycliste","26":"tag-federation-francaise-de-cyclisme","27":"tag-ffc","28":"tag-flandres","29":"tag-fr","30":"tag-france","31":"tag-live","32":"tag-live-course","33":"tag-live-epreuve","34":"tag-peloton","35":"tag-radio-peloton","36":"tag-radio-tour","37":"tag-ravitaillement","38":"tag-relance","39":"tag-sports","40":"tag-uci","41":"tag-velo","42":"tag-velos"},"share_on_mastodon":{"url":"https:\/\/pubeurope.com\/@fr\/115700404100480447","error":""},"_links":{"self":[{"href":"https:\/\/www.europesays.com\/fr\/wp-json\/wp\/v2\/posts\/592567","targetHints":{"allow":["GET"]}}],"collection":[{"href":"https:\/\/www.europesays.com\/fr\/wp-json\/wp\/v2\/posts"}],"about":[{"href":"https:\/\/www.europesays.com\/fr\/wp-json\/wp\/v2\/types\/post"}],"author":[{"embeddable":true,"href":"https:\/\/www.europesays.com\/fr\/wp-json\/wp\/v2\/users\/2"}],"replies":[{"embeddable":true,"href":"https:\/\/www.europesays.com\/fr\/wp-json\/wp\/v2\/comments?post=592567"}],"version-history":[{"count":0,"href":"https:\/\/www.europesays.com\/fr\/wp-json\/wp\/v2\/posts\/592567\/revisions"}],"wp:featuredmedia":[{"embeddable":true,"href":"https:\/\/www.europesays.com\/fr\/wp-json\/wp\/v2\/media\/592568"}],"wp:attachment":[{"href":"https:\/\/www.europesays.com\/fr\/wp-json\/wp\/v2\/media?parent=592567"}],"wp:term":[{"taxonomy":"category","embeddable":true,"href":"https:\/\/www.europesays.com\/fr\/wp-json\/wp\/v2\/categories?post=592567"},{"taxonomy":"post_tag","embeddable":true,"href":"https:\/\/www.europesays.com\/fr\/wp-json\/wp\/v2\/tags?post=592567"}],"curies":[{"name":"wp","href":"https:\/\/api.w.org\/{rel}","templated":true}]}}