{"id":59257,"date":"2025-04-28T12:49:17","date_gmt":"2025-04-28T12:49:17","guid":{"rendered":"https:\/\/www.europesays.com\/fr\/59257\/"},"modified":"2025-04-28T12:49:17","modified_gmt":"2025-04-28T12:49:17","slug":"en-deux-jours-quatre-personnes-blessees-par-balles","status":"publish","type":"post","link":"https:\/\/www.europesays.com\/fr\/59257\/","title":{"rendered":"en deux jours, quatre personnes bless\u00e9es par balles"},"content":{"rendered":"<p>            Par<br \/>\n        <strong><br \/>\n            <a href=\"https:\/\/actu.fr\/auteur\/redaction-grenoble\" title=\"Consulter tous les articles de R\u00e9daction Grenoble\" rel=\"nofollow noopener\" target=\"_blank\">R\u00e9daction Grenoble<\/a><br \/>\n        <\/strong><\/p>\n<p>        Publi\u00e9 le<\/p>\n<p>            28 avr. 2025 \u00e0 10h32        <\/p>\n<p>Week-end plut\u00f4t charg\u00e9 pour les enqu\u00eateurs \u00e0 <a href=\"https:\/\/actu.fr\/auvergne-rhone-alpes\/grenoble_38185\" rel=\"nofollow noopener\" target=\"_blank\">Grenoble<\/a>. Entre vendredi 25 et dimanche 27 avril, ce sont <strong>quatre personnes<\/strong> qui ont \u00e9t\u00e9 bless\u00e9es par balle dans la capitale des Alpes.<\/p>\n<p class=\" wall-content\">Les circonstances de ces fusillades sont encore \u00e0 pr\u00e9ciser, mais au moins deux d\u2019entre elles <strong>\u00ab\u00a0ont un lien avec les stup\u00e9fiants\u00a0\u00bb<\/strong>, indique une source polici\u00e8re \u00e0 l\u2019AFP, pr\u00e9cisant que des enqu\u00eates ont \u00e9t\u00e9 ouvertes sans pouvoir confirmer pour l\u2019heure si les affaires sont li\u00e9es.<\/p>\n<p>Trois victimes dans la m\u00eame nuit<\/p>\n<p class=\" wall-content\">C\u2019est tout d\u2019abord, dans la nuit de vendredi \u00e0 samedi qu\u2019un homme de 19 ans a \u00e9t\u00e9 bless\u00e9 par balles dans le sud-est de Grenoble. Il a \u00e9t\u00e9 pris en charge par les secours dans <strong>un \u00e9tat critique<\/strong>.<\/p>\n<p class=\" wall-content\">La m\u00eame nuit, deux hommes ont \u00e9galement \u00e9t\u00e9 vis\u00e9s par des tirs \u00e0 <a href=\"https:\/\/actu.fr\/auvergne-rhone-alpes\/saint-martin-d-heres_38421\" rel=\"nofollow noopener\" target=\"_blank\">Saint-Martin-d\u2019H\u00e8res<\/a>, pr\u00e8s de Grenoble. Leur pronostic vital n\u2019a pas \u00e9t\u00e9 pas engag\u00e9.<\/p>\n<p>Vid\u00e9os : en ce moment sur ActuUn jeune homme en urgence absolue<\/p>\n<p class=\" wall-content\">La derni\u00e8re victime est un homme d\u2019une vingtaine d\u2019ann\u00e9es. Gri\u00e8vement bless\u00e9 par balles peu apr\u00e8s minuit, dans la nuit de samedi \u00e0 dimanche, il a \u00e9t\u00e9 pris en charge vers le cours Jean-Jaur\u00e8s \u00e0 <a href=\"https:\/\/actu.fr\/auvergne-rhone-alpes\/echirolles_38151\" rel=\"nofollow noopener\" target=\"_blank\">\u00c9chirolles<\/a>.<\/p>\n<p class=\" wall-content\">La victime a d\u2019abord \u00e9t\u00e9 d\u00e9pos\u00e9e par des amis devant une clinique m\u00e9dical, avant que les sapeurs-pompiers ne le transporte <strong>en urgence absolue<\/strong> vers le <a href=\"https:\/\/actu.fr\/tag\/chu-grenoble-alpes\" rel=\"nofollow noopener\" target=\"_blank\">CHU Grenoble-Alpes<\/a> au service d\u00e9chocage. Son pronostic vital serait engag\u00e9, selon une source polici\u00e8re.<\/p>\n<p class=\" wall-content\">Une enqu\u00eate a \u00e9t\u00e9 ouverte, indique le parquet de Grenoble, qui \u00ab\u00a0n\u2019a pas d\u2019\u00e9l\u00e9ments pr\u00e9cis quant \u00e0 son \u00e9tat de sant\u00e9\u00a0\u00bb \u00e0 l\u2019heure actuelle.<\/p>\n<p class=\" wall-content\"><strong>Avec AFP<\/strong><\/p>\n<p class=\" wall-content\">Suivez toute l\u2019actualit\u00e9 de vos villes et m\u00e9dias favoris en vous inscrivant \u00e0 <a href=\"https:\/\/moncompte.actu.fr\" title=\"D\u00e9couvez Mon Actu\" rel=\"nofollow noopener\" data-trk=\"{&quot;cta&quot;:{&quot;action&quot;:&quot;https:\\\/\\\/moncompte.actu.fr&quot;,&quot;category&quot;:&quot;mon compte&quot;,&quot;from&quot;:&quot;article footer&quot;,&quot;name&quot;:&quot;Mon actu&quot;,&quot;type&quot;:&quot;cta&quot;}}\" target=\"_blank\">Mon Actu<\/a>.<\/p>\n","protected":false},"excerpt":{"rendered":"Par R\u00e9daction Grenoble Publi\u00e9 le 28 avr. 2025 \u00e0 10h32 Week-end plut\u00f4t charg\u00e9 pour les enqu\u00eateurs \u00e0 Grenoble.&hellip;\n","protected":false},"author":2,"featured_media":59258,"comment_status":"","ping_status":"","sticky":false,"template":"","format":"standard","meta":{"footnotes":""},"categories":[9566],"tags":[1111,11,2430,1777,674,118,1011,27,2731,813,12,1072,25],"class_list":{"0":"post-59257","1":"post","2":"type-post","3":"status-publish","4":"format-standard","5":"has-post-thumbnail","7":"category-grenoble","8":"tag-actu","9":"tag-actualites","10":"tag-auvergne-rhone-alpes","11":"tag-eu","12":"tag-europe","13":"tag-faits-divers","14":"tag-fr","15":"tag-france","16":"tag-grenoble","17":"tag-narcotrafiquants","18":"tag-news","19":"tag-police","20":"tag-republique-francaise"},"share_on_mastodon":{"url":"https:\/\/pubeurope.com\/@fr\/114415675851414446","error":""},"_links":{"self":[{"href":"https:\/\/www.europesays.com\/fr\/wp-json\/wp\/v2\/posts\/59257","targetHints":{"allow":["GET"]}}],"collection":[{"href":"https:\/\/www.europesays.com\/fr\/wp-json\/wp\/v2\/posts"}],"about":[{"href":"https:\/\/www.europesays.com\/fr\/wp-json\/wp\/v2\/types\/post"}],"author":[{"embeddable":true,"href":"https:\/\/www.europesays.com\/fr\/wp-json\/wp\/v2\/users\/2"}],"replies":[{"embeddable":true,"href":"https:\/\/www.europesays.com\/fr\/wp-json\/wp\/v2\/comments?post=59257"}],"version-history":[{"count":0,"href":"https:\/\/www.europesays.com\/fr\/wp-json\/wp\/v2\/posts\/59257\/revisions"}],"wp:featuredmedia":[{"embeddable":true,"href":"https:\/\/www.europesays.com\/fr\/wp-json\/wp\/v2\/media\/59258"}],"wp:attachment":[{"href":"https:\/\/www.europesays.com\/fr\/wp-json\/wp\/v2\/media?parent=59257"}],"wp:term":[{"taxonomy":"category","embeddable":true,"href":"https:\/\/www.europesays.com\/fr\/wp-json\/wp\/v2\/categories?post=59257"},{"taxonomy":"post_tag","embeddable":true,"href":"https:\/\/www.europesays.com\/fr\/wp-json\/wp\/v2\/tags?post=59257"}],"curies":[{"name":"wp","href":"https:\/\/api.w.org\/{rel}","templated":true}]}}