{"id":592571,"date":"2025-12-11T10:14:11","date_gmt":"2025-12-11T10:14:11","guid":{"rendered":"https:\/\/www.europesays.com\/fr\/592571\/"},"modified":"2025-12-11T10:14:11","modified_gmt":"2025-12-11T10:14:11","slug":"moi-qui-travaille-avec-virginie-efira-a-fait-jouer-ses-relations-pour-faire-un-joli-cadeau-a-ali-sa-fille-de-12-ans","status":"publish","type":"post","link":"https:\/\/www.europesays.com\/fr\/592571\/","title":{"rendered":"\u201cMoi qui travaille avec\u2026\u201d : Virginie Efira a fait jouer ses relations pour faire un joli cadeau \u00e0 Ali, sa fille de 12 ans"},"content":{"rendered":"<p>Virginie Efira aime transmettre \u00e0 ses enfants son amour pour le<br \/>\ncin\u00e9ma mais en montrant souvent d\u2019autres films que ceux dans<br \/>\nlesquels elle a jou\u00e9. Et pour cause : ses r\u00f4les, souvent sombres ou<br \/>\nexigeants, ne sont pas adapt\u00e9s \u00e0 l\u2019\u00e2ge <strong>d\u2019Ali, 12<br \/>\nans,<\/strong> n\u00e9e de sa <a href=\"https:\/\/www.closermag.fr\/people\/le-pere-de-mon-enfant-est-son-fils-hiro-sa-fille-ali-son-couple-virginie-efira-revient-et-elle-va-faire-des-envieuses-3498382\" target=\"_blank\" rel=\"noopener\"><br \/>\nrelation pass\u00e9e avec Mabrouk El Mechri<\/a>, ni \u00e0 celui du petit<br \/>\nHiro, 2 ans, qu\u2019elle a eu avec Niels Schneider. En attendant de les<br \/>\nvoir d\u00e9couvrir sa filmographie, l\u2019actrice les initie \u00e0 un autre pan<br \/>\nde la culture mondiale : l\u2019animation japonaise, qu\u2019elle affectionne<br \/>\nprofond\u00e9ment.<\/p>\n<p>Dans une interview accord\u00e9e \u00e0 <a href=\"https:\/\/www.marieclaire.fr\/interview-virginie-efira-ses-roles-ses-enfants-ses-beau-freres-joie-decembre-2025,1504529.asp\" target=\"_blank\" rel=\"nofollow noopener\">Marie-Claire<\/a>,<br \/>\nl\u2019actrice explique que ce rituel partag\u00e9 est devenu l\u2019un de leurs<br \/>\nmoments privil\u00e9gi\u00e9s. \u201cQuand tu as des enfants, il faut imaginer<br \/>\ndes activit\u00e9s avec eux\u2026 mais pour y trouver de la joie, faut<br \/>\ncreuser bien profond en soi quand m\u00eame\u201d, confie-t-elle avec<br \/>\nhumour. Pour contourner l\u2019ennui des parcs et des obligations<br \/>\nparentales, elle s\u2019appuie donc sur un univers qu\u2019elle conna\u00eet bien<br \/>\n: celui <strong>d\u2019Hayao Miyazaki et du Studio Ghibli.<\/strong> De<br \/>\nPonyo sur la falaise au Voyage de Chihiro, en passant par Le Gar\u00e7on<br \/>\net le h\u00e9ron, l\u2019actrice c\u00e9l\u00e8bre \u201cla po\u00e9sie et la magie<br \/>\npures\u201d de ces \u0153uvres, tout en soulignant la puissance des<br \/>\nh\u00e9ro\u00efnes qui les habitent.\u00a0<\/p>\n<p>Virginie Efira peut compter sur sa popularit\u00e9 pour offrir un<br \/>\nmagnifique cadeau \u00e0 sa fille, Ali<\/p>\n<p><a href=\"https:\/\/www.closermag.fr\/people\/virginie-efira-extremement-proche-de-sa-fille-ali-elle-se-confie-sur-leur-relati-970176\" target=\"_blank\" rel=\"noopener\"><br \/>\nVirginie Efira, maman poule<\/a>, indique : \u201c\u00c7a m\u2019int\u00e9ressait<br \/>\naussi, en termes de repr\u00e9sentations du f\u00e9minisme, de montrer \u00e0 ma<br \/>\nfille ces dessins anim\u00e9s o\u00f9 <strong>les petites filles sont tr\u00e8s<br \/>\ncourageuses,<\/strong> sans j\u00e9r\u00e9miade\u201d. Si Ali a longtemps<br \/>\npartag\u00e9 cet engouement, l\u2019adolescente s\u2019est aujourd\u2019hui tourn\u00e9e<br \/>\nvers un autre ph\u00e9nom\u00e8ne venu d\u2019Asie : les K-Dramas. Comme beaucoup<br \/>\nde jeunes de son \u00e2ge, elle suit avec passion les s\u00e9ries cor\u00e9ennes,<br \/>\ndont l\u2019esth\u00e9tique et les th\u00e9matiques s\u00e9duisent une g\u00e9n\u00e9ration<br \/>\nenti\u00e8re.<\/p>\n<p>Un mouvement culturel que Virginie Efira observe avec amusement<br \/>\n: \u201cC\u2019est rigolo comme les jeunes de son \u00e2ge regardent tous vers<br \/>\nl\u2019Est\u2026 l\u00e0 o\u00f9 nous, \u00e0 leur \u00e2ge, regardions plut\u00f4t vers<br \/>\nl\u2019Ouest\u201d. Et l\u2019univers cor\u00e9en ne s\u2019arr\u00eate pas aux s\u00e9ries : Ali<br \/>\nest surtout une immense fan de K-Pop. BTS, Twice, Blackpink\u2026 elle<br \/>\nconna\u00eet tout. Une passion que Virginie Efira respecte<br \/>\nsoigneusement, m\u00eame si elle ne la partage pas totalement.\u00a0<\/p>\n<p>Une chanteuse ch\u00e8re au coeur de la<br \/>\ncom\u00e9dienne<\/p>\n<p>Mais la com\u00e9dienne a voulu aller plus loin qu\u2019un simple<br \/>\nencouragement : elle a utilis\u00e9 son r\u00e9seau pour offrir \u00e0 sa fille<br \/>\nune surprise dont r\u00eavent des millions d\u2019adolescents.<br \/>\n\u201c<strong>Moi qui travaille avec Saint Laurent, j\u2019ai bien s\u00fbr<br \/>\npr\u00e9sent\u00e9 Ros\u00e9 \u00e0 ma fille\u201d.<\/strong> Avec cette phrase,<br \/>\nl\u2019actrice r\u00e9v\u00e8le avoir organis\u00e9 une rencontre entre Ali et Ros\u00e9,<br \/>\nl\u2019une des chanteuses du groupe Blackpink, \u00e9g\u00e9rie de la maison de<br \/>\ncouture comme elle.<\/p>\n<p>Une attention rarissime, rendue possible gr\u00e2ce \u00e0 son statut dans<br \/>\nle milieu artistique et \u00e0 ses collaborations mode. Un geste<br \/>\nd\u2019autant plus symbolique que Virginie Efira prot\u00e8ge farouchement<br \/>\n<a href=\"https:\/\/www.closermag.fr\/people\/virginie-efira-cette-tradition-maternelle-charnelle-qu-elle-reproduit-avec-sa-fille-ali-1542937\" target=\"_blank\" rel=\"noopener\"><br \/>\nla vie priv\u00e9e de ses enfants<\/a>. Mais face \u00e0 la passion d\u00e9bordante<br \/>\nde sa fille et \u00e0 l\u2019occasion unique de la faire r\u00eaver, elle n\u2019a pas<br \/>\nh\u00e9sit\u00e9. Une parenth\u00e8se enchant\u00e9e pour Ali, qui confirme que la<br \/>\nstar, malgr\u00e9 son emploi du temps charg\u00e9, veille \u00e0 pr\u00e9server une<br \/>\ncomplicit\u00e9 tendre et moderne avec ses enfants.<\/p>\n","protected":false},"excerpt":{"rendered":"Virginie Efira aime transmettre \u00e0 ses enfants son amour pour le cin\u00e9ma mais en montrant souvent d\u2019autres films&hellip;\n","protected":false},"author":2,"featured_media":592572,"comment_status":"","ping_status":"","sticky":false,"template":"","format":"standard","meta":{"footnotes":""},"categories":[1359],"tags":[21303,58,59,1011,27,70426,973,13453],"class_list":{"0":"post-592571","1":"post","2":"type-post","3":"status-publish","4":"format-standard","5":"has-post-thumbnail","7":"category-people","8":"tag-buzz_nonli","9":"tag-divertissement","10":"tag-entertainment","11":"tag-fr","12":"tag-france","13":"tag-marfeel_news","14":"tag-people","15":"tag-virginie-efira"},"share_on_mastodon":{"url":"https:\/\/pubeurope.com\/@fr\/115700410904903002","error":""},"_links":{"self":[{"href":"https:\/\/www.europesays.com\/fr\/wp-json\/wp\/v2\/posts\/592571","targetHints":{"allow":["GET"]}}],"collection":[{"href":"https:\/\/www.europesays.com\/fr\/wp-json\/wp\/v2\/posts"}],"about":[{"href":"https:\/\/www.europesays.com\/fr\/wp-json\/wp\/v2\/types\/post"}],"author":[{"embeddable":true,"href":"https:\/\/www.europesays.com\/fr\/wp-json\/wp\/v2\/users\/2"}],"replies":[{"embeddable":true,"href":"https:\/\/www.europesays.com\/fr\/wp-json\/wp\/v2\/comments?post=592571"}],"version-history":[{"count":0,"href":"https:\/\/www.europesays.com\/fr\/wp-json\/wp\/v2\/posts\/592571\/revisions"}],"wp:featuredmedia":[{"embeddable":true,"href":"https:\/\/www.europesays.com\/fr\/wp-json\/wp\/v2\/media\/592572"}],"wp:attachment":[{"href":"https:\/\/www.europesays.com\/fr\/wp-json\/wp\/v2\/media?parent=592571"}],"wp:term":[{"taxonomy":"category","embeddable":true,"href":"https:\/\/www.europesays.com\/fr\/wp-json\/wp\/v2\/categories?post=592571"},{"taxonomy":"post_tag","embeddable":true,"href":"https:\/\/www.europesays.com\/fr\/wp-json\/wp\/v2\/tags?post=592571"}],"curies":[{"name":"wp","href":"https:\/\/api.w.org\/{rel}","templated":true}]}}