{"id":592573,"date":"2025-12-11T10:15:20","date_gmt":"2025-12-11T10:15:20","guid":{"rendered":"https:\/\/www.europesays.com\/fr\/592573\/"},"modified":"2025-12-11T10:15:20","modified_gmt":"2025-12-11T10:15:20","slug":"lubin-godin-jeune-talent-de-la-photo-animaliere-le-plus-important-cest-lethique","status":"publish","type":"post","link":"https:\/\/www.europesays.com\/fr\/592573\/","title":{"rendered":"Lubin Godin, jeune talent de la photo animali\u00e8re\u00a0: \u00ab\u00a0le plus important, c&rsquo;est l&rsquo;\u00e9thique\u00a0\u00bb"},"content":{"rendered":"<p class=\"PopSlotParagraph qg-tx2 qg-xtra-lh svelte-1r0pyek\">Lubin Godin n&rsquo;a que 14 ans et se fait d\u00e9j\u00e0 surnommer le prodige de la photo animali\u00e8re. Ce coll\u00e9gien de Haute-Savoie a remport\u00e9 deux r\u00e9compenses dans les concours les plus prestigieux au monde\u00a0: le \u00ab\u00a0Wildlife Photographer of the Year\u00a0\u00bb du Mus\u00e9um d&rsquo;Histoire naturelle de Londres et le \u00ab\u00a0European Wildlife Photographer of the Year\u00a0\u00bb, dans la cat\u00e9gorie 11-14 ans. Enfant solitaire qui pr\u00e9f\u00e8re observer la nature plut\u00f4t que scroller sur son t\u00e9l\u00e9phone, il partage sa passion pour la montagne et les animaux sauvages.<\/p>\n<p> Une photo de bouquetins qui a \u00e9mu le monde entier<\/p>\n<p class=\"PopSlotParagraph qg-tx2 qg-xtra-lh svelte-1r0pyek\">L&rsquo;une de ses images les plus c\u00e9l\u00e8bres montre des bouquetins dans la brume, prise au col de la Colombi\u00e8re. Ce jour-l\u00e0, Lubin s&rsquo;\u00e9tait lev\u00e9 \u00e0 5 heures du matin avec sa m\u00e8re pour le lever du soleil. \u00ab\u00a0Il y avait du brouillard et on est pass\u00e9 au-dessus du brouillard. \u00c0 ce moment-l\u00e0, on voyait trois bouquetins qui se reposaient sur des rochers\u00a0\u00bb, raconte-t-il. C&rsquo;est lorsque le brouillard est remont\u00e9, cr\u00e9ant des ombres jaune orang\u00e9 gr\u00e2ce au soleil levant, que la magie s&rsquo;est op\u00e9r\u00e9e. \u00ab\u00a0L&rsquo;ambiance autour \u00e9tait exceptionnelle\u00a0\u00bb, confie le jeune photographe, qui a pass\u00e9 une heure \u00e0 immortaliser la sc\u00e8ne. Cette image lui a valu d&rsquo;\u00eatre r\u00e9compens\u00e9 au Mus\u00e9um d&rsquo;Histoire Naturelle de Londres, une exp\u00e9rience qu&rsquo;il qualifie d&rsquo;incroyable.<\/p>\n<p> L&rsquo;\u00e9thique avant tout<\/p>\n<p class=\"PopSlotParagraph qg-tx2 qg-xtra-lh svelte-1r0pyek\">Pour Lubin, une bonne photo animali\u00e8re ne se r\u00e9sume pas \u00e0 sa beaut\u00e9 visuelle. \u00ab\u00a0Pour moi, le plus important, c&rsquo;est pas ce qu&rsquo;il se voit, c&rsquo;est l&rsquo;\u00e9thique\u00a0\u00bb, affirme-t-il. Il d\u00e9nonce certaines pratiques de photographes qui app\u00e2tent les animaux, comme cette marmotte nourrie avec une carotte et morte deux semaines apr\u00e8s. \u00ab\u00a0Ce\u00a0sont des choses que je trouve horribles mais que beaucoup de personnes font\u00a0\u00bb, d\u00e9plore-t-il. Une belle photo, selon lui, doit montrer le comportement naturel de l&rsquo;animal et son environnement. Le jeune homme r\u00eave notamment de photographier un t\u00e9tras lyre de pr\u00e8s, un d\u00e9fi qu&rsquo;il n&rsquo;a pas encore relev\u00e9 malgr\u00e9 ses nombreux bivouacs en montagne.<\/p>\n<p class=\"PopSlotParagraph qg-tx2 qg-xtra-lh svelte-1r0pyek\">Pour en savoir plus sur ce jeune prodige de la photographie, la suite est \u00e0 \u00e9couter&#8230;<\/p>\n","protected":false},"excerpt":{"rendered":"Lubin Godin n&rsquo;a que 14 ans et se fait d\u00e9j\u00e0 surnommer le prodige de la photo animali\u00e8re. Ce&hellip;\n","protected":false},"author":2,"featured_media":592574,"comment_status":"","ping_status":"","sticky":false,"template":"","format":"standard","meta":{"footnotes":""},"categories":[1358],"tags":[1348,1384,1385,1386,58,59,1011,27],"class_list":{"0":"post-592573","1":"post","2":"type-post","3":"status-publish","4":"format-standard","5":"has-post-thumbnail","7":"category-arts-et-design","8":"tag-arts","9":"tag-arts-and-design","10":"tag-arts-et-design","11":"tag-design","12":"tag-divertissement","13":"tag-entertainment","14":"tag-fr","15":"tag-france"},"share_on_mastodon":{"url":"https:\/\/pubeurope.com\/@fr\/115700414677138367","error":""},"_links":{"self":[{"href":"https:\/\/www.europesays.com\/fr\/wp-json\/wp\/v2\/posts\/592573","targetHints":{"allow":["GET"]}}],"collection":[{"href":"https:\/\/www.europesays.com\/fr\/wp-json\/wp\/v2\/posts"}],"about":[{"href":"https:\/\/www.europesays.com\/fr\/wp-json\/wp\/v2\/types\/post"}],"author":[{"embeddable":true,"href":"https:\/\/www.europesays.com\/fr\/wp-json\/wp\/v2\/users\/2"}],"replies":[{"embeddable":true,"href":"https:\/\/www.europesays.com\/fr\/wp-json\/wp\/v2\/comments?post=592573"}],"version-history":[{"count":0,"href":"https:\/\/www.europesays.com\/fr\/wp-json\/wp\/v2\/posts\/592573\/revisions"}],"wp:featuredmedia":[{"embeddable":true,"href":"https:\/\/www.europesays.com\/fr\/wp-json\/wp\/v2\/media\/592574"}],"wp:attachment":[{"href":"https:\/\/www.europesays.com\/fr\/wp-json\/wp\/v2\/media?parent=592573"}],"wp:term":[{"taxonomy":"category","embeddable":true,"href":"https:\/\/www.europesays.com\/fr\/wp-json\/wp\/v2\/categories?post=592573"},{"taxonomy":"post_tag","embeddable":true,"href":"https:\/\/www.europesays.com\/fr\/wp-json\/wp\/v2\/tags?post=592573"}],"curies":[{"name":"wp","href":"https:\/\/api.w.org\/{rel}","templated":true}]}}