{"id":592577,"date":"2025-12-11T10:18:11","date_gmt":"2025-12-11T10:18:11","guid":{"rendered":"https:\/\/www.europesays.com\/fr\/592577\/"},"modified":"2025-12-11T10:18:11","modified_gmt":"2025-12-11T10:18:11","slug":"on-peut-se-le-permettre","status":"publish","type":"post","link":"https:\/\/www.europesays.com\/fr\/592577\/","title":{"rendered":"\u201cOn peut se le permettre\u201d"},"content":{"rendered":"<p>Faut-il encore pr\u00e9senter <strong>Patrick Bruel<\/strong> en<br \/>\npresque 2026 ? <strong>Pour les plus jeunes qui nous liraient, il<br \/>\ns\u2019agit d\u2019une vieille gloire de la chanson fran\u00e7aise qui a cartonn\u00e9<br \/>\nil y a quelques d\u00e9cennies.<\/strong> Imaginez un <strong>Justin<br \/>\nBieber<\/strong>, fran\u00e7ais, chevelu et rebelle qui se casse la voix<br \/>\nderri\u00e8re le micro. On rigole, on rigole, mais, \u00e0 l\u00a0\u00bb\u00e9poque, une<br \/>\nv\u00e9ritable \u2018<strong>Bruelmania<\/strong>\u2019 a d\u00e9ferl\u00e9 en France.<br \/>\nPatrick Bruel, durant un temps, a renvoy\u00e9 au placard celui qu\u2019on<br \/>\nsurnommait L\u2019Idole des jeunes : <strong>Johnny Hallyday<\/strong>.<br \/>\nDepuis, Bruel est devenue une sommit\u00e9 de la chanson en plus de<br \/>\nmontrer sa belle gueule au cinoche. <strong>R\u00e9cemment, il a confi\u00e9<br \/>\nson plus gros caprice de star.<\/strong><\/p>\n<p>Patrick Bruel : acteur, chanteur et idole des ann\u00e9es 80<\/p>\n<p>Durant les eighties, la chanson fran\u00e7ais conna\u00eet<br \/>\nl\u2019arriv\u00e9e de nouvelles t\u00eates d\u2019affiches : <a href=\"https:\/\/www.melty.fr\/people\/apres-30-ans-de-collaboration-jean-jacques-goldman-balance-sur-celine-dion-je-souhaitais-la-2220925.html\" target=\"_blank\" rel=\"noopener\"><br \/>\n<strong>Jean-Jacques Goldman<\/strong>, <strong>Florent<br \/>\nPagny<\/strong>, <strong>Etienne Daho<\/strong><\/a> ou encore Patrick<br \/>\nBruel. Ce dernier va conna\u00eetre une ascension ph\u00e9nom\u00e9nale notamment<br \/>\ngr\u00e2ce \u00e0 ses <strong>tubes<\/strong>. Marre de cette<br \/>\nnana-l\u00e0, Place des grands hommes, J\u2019te l&rsquo;dis<br \/>\nquand m\u00eame et, bien s\u00fbr, Casser la voix.<br \/>\n\u2018<strong>Patriiiiiick\u2019, comme le hurlait ses fans en transe, est le<br \/>\nnouveau rebelle \u00e0 la mode.<\/strong><\/p>\n<p>En parall\u00e8le de sa carri\u00e8re, Patrick Bruel fait aussi l\u2019acteur.<br \/>\nAvec un certain talent, en plus. <strong>Il tourne notamment, avant<br \/>\nson succ\u00e8s musical, dans Le Coup de sirocco r\u00e9alis\u00e9 par<br \/>\nAlexandre Arcady.<\/strong> Bruel trimballe sa beaut\u00e9 juv\u00e9nile et sa<br \/>\nvoix \u00e9raill\u00e9e tel un <strong>James Dean<\/strong> bestial. Il s\u00e9duit<br \/>\nles foules, conquiert le public. C\u2019est une <strong>v\u00e9ritable<br \/>\nidole<\/strong> durant les ann\u00e9es 80 et 90. Encore aujourd&rsquo;hui, pour<br \/>\ncertaines, il garde cette <strong>aura romantique<\/strong>\u2026<\/p>\n<p>Patrick Bruel, l\u2019artiste au coeur d\u2019un scandale sexuel<\/p>\n<p>Car Patrick Bruel, comme ses camarades Florent Pagny ou encore<br \/>\n<strong>Julien Clerc<\/strong>, se la joue chanteur engag\u00e9 \u00e0<br \/>\ntendance lover. Au cin\u00e9ma aussi, surtout dans la deuxi\u00e8me<br \/>\npartie de sa carri\u00e8re, on le retrouve dans des r\u00f4les de <strong>Don<br \/>\nJuan franchouillard<\/strong> \u00e0 l\u2019image de Paris-Manhattan<br \/>\net Tu veux ou tu veux pas. <strong>Il s\u2019est aussi essay\u00e9 \u00e0<br \/>\nla com\u00e9die avec les nanars, mais n\u00e9anmoins cultes,<br \/>\nP.R.O.F.S. et Le Jaguar, ou encore le tr\u00e8s r\u00e9ussi<br \/>\nLe Pr\u00e9nom.<\/strong><\/p>\n<p>2019, le chanteur tombe de son pi\u00e9destal. Le voil\u00e0 au c\u0153ur d\u2019un<br \/>\nscandale sexuel. <strong>Une enqu\u00eate pr\u00e9liminaire, lanc\u00e9 par le<br \/>\nparquet d\u2019Ajaccio, pointe Bruel du doigt pour \u201cexhibition sexuelle<br \/>\net harc\u00e8lement sexuel pr\u00e9sum\u00e9s\u201d.<\/strong> Une employ\u00e9e d&rsquo;h\u00f4tel<br \/>\nl\u2019accuse apr\u00e8s un <strong>massage<\/strong> prodigu\u00e9 avec un<br \/>\nconcert. Bruel, lui, nie les faits. L\u2019ann\u00e9e suivante, l\u2019enqu\u00eate est<br \/>\n<strong>class\u00e9e sans suite<\/strong> en raison d\u2019absence d&rsquo;\u00e9l\u00e9ments<br \/>\ncaract\u00e9risant une infraction p\u00e9nale.<\/p>\n<p>Le chanteur est tomb\u00e9 amoureux\u2026 d\u2019une<br \/>\nvoiture !<\/p>\n<p><strong>10 d\u00e9cembre 2025, Patrick Bruel passe une t\u00eate dans<br \/>\nLEGEND anim\u00e9 par Guillaume Pley.<\/strong> Un podcast dont la<br \/>\nnotori\u00e9t\u00e9 ne cesse de cro\u00eetre, disponible sur<br \/>\n<strong>YouTube<\/strong>. L\u00e0, l\u2019interpr\u00e8te de Casser la<br \/>\nvoix se livre comme rarement auparavant. Notamment sur sa<br \/>\ncarri\u00e8re, sa vie priv\u00e9e et quelques anecdotes toutes plus dingues<br \/>\nles unes que les autres. Comme ce moment o\u00f9 il se d\u00e9guisait en<br \/>\nvieille personne pour esquiver des paparazzi trop insistants ! La<br \/>\nran\u00e7on de la gloire, comme on dit. <strong>Il y a aussi les<br \/>\ncaprices de stars comme celui-ci.<\/strong><\/p>\n<\/p>\n<p>\u201cJe le demande parfois, mais quand on a la chance de<br \/>\nr\u00e9ussir, de gagner sa vie correctement, parfois on fait des achats.<br \/>\nEst-ce que t\u2019as achet\u00e9 un jour un objet absolument inutile ?\u201d,<br \/>\nlance Guillaume Pley \u00e0 Patrick Bruel. R\u00e9ponse de l\u2019int\u00e9ress\u00e9 :<br \/>\n\u201cC\u2019est marrant parce que c\u2019est pas ce qui me vient \u00e0 l&rsquo;id\u00e9e.<br \/>\n<strong>Est-ce que le fait de se faire un cadeau parce qu\u2019on est<br \/>\ncontent de pouvoir, on peut se le permettre<\/strong> [&#8230;]<br \/>\n<strong>Bah, je me suis fait un beau cadeau.<\/strong>\u201d L\u00e0,<br \/>\nle chanteur explique s\u2019\u00eatre pay\u00e9 l\u2019<strong>Aston Martin<\/strong> de<br \/>\nses r\u00eaves. Une voiture de luxe, tr\u00e8s appr\u00e9ci\u00e9e du plus c\u00e9l\u00e8bre des<br \/>\nespions, <strong>James Bond<\/strong>, dont Bruel \u00e9tait<br \/>\n\u201c\u00e9perdument amoureux\u201d. On apprend \u00e9galement que ce kiff<br \/>\nest <a href=\"https:\/\/www.melty.fr\/people\/patrick-bruel-meurtri-apres-cette-perte-terrible-on-ne-les-a-plus-2226492.html\" target=\"_blank\" rel=\"noopener\"><br \/>\nparti en fum\u00e9e dans les incendies de Los Angeles<\/a>. En effet, le<br \/>\nchanteur avait une r\u00e9sidence secondaire l\u00e0-bas qui a \u00e9t\u00e9 r\u00e9duite en<br \/>\ncendres par les fameux feux de janvier dernier. Tr\u00e9molos dans la<br \/>\nvoix, il regrette son Aston. Il en a m\u00eame la voix\u2026 cass\u00e9e.<\/p>\n","protected":false},"excerpt":{"rendered":"Faut-il encore pr\u00e9senter Patrick Bruel en presque 2026 ? Pour les plus jeunes qui nous liraient, il s\u2019agit&hellip;\n","protected":false},"author":2,"featured_media":592578,"comment_status":"","ping_status":"","sticky":false,"template":"","format":"standard","meta":{"footnotes":""},"categories":[1355],"tags":[905,58,59,1011,27,61777,1361,873,5473,65861,729],"class_list":{"0":"post-592577","1":"post","2":"type-post","3":"status-publish","4":"format-standard","5":"has-post-thumbnail","7":"category-musique","8":"tag-a-la-une-melty","9":"tag-divertissement","10":"tag-entertainment","11":"tag-fr","12":"tag-france","13":"tag-has_video","14":"tag-music","15":"tag-musique","16":"tag-patrick-bruel","17":"tag-trend","18":"tag-yout_video"},"share_on_mastodon":{"url":"https:\/\/pubeurope.com\/@fr\/115700426674002432","error":""},"_links":{"self":[{"href":"https:\/\/www.europesays.com\/fr\/wp-json\/wp\/v2\/posts\/592577","targetHints":{"allow":["GET"]}}],"collection":[{"href":"https:\/\/www.europesays.com\/fr\/wp-json\/wp\/v2\/posts"}],"about":[{"href":"https:\/\/www.europesays.com\/fr\/wp-json\/wp\/v2\/types\/post"}],"author":[{"embeddable":true,"href":"https:\/\/www.europesays.com\/fr\/wp-json\/wp\/v2\/users\/2"}],"replies":[{"embeddable":true,"href":"https:\/\/www.europesays.com\/fr\/wp-json\/wp\/v2\/comments?post=592577"}],"version-history":[{"count":0,"href":"https:\/\/www.europesays.com\/fr\/wp-json\/wp\/v2\/posts\/592577\/revisions"}],"wp:featuredmedia":[{"embeddable":true,"href":"https:\/\/www.europesays.com\/fr\/wp-json\/wp\/v2\/media\/592578"}],"wp:attachment":[{"href":"https:\/\/www.europesays.com\/fr\/wp-json\/wp\/v2\/media?parent=592577"}],"wp:term":[{"taxonomy":"category","embeddable":true,"href":"https:\/\/www.europesays.com\/fr\/wp-json\/wp\/v2\/categories?post=592577"},{"taxonomy":"post_tag","embeddable":true,"href":"https:\/\/www.europesays.com\/fr\/wp-json\/wp\/v2\/tags?post=592577"}],"curies":[{"name":"wp","href":"https:\/\/api.w.org\/{rel}","templated":true}]}}