{"id":592580,"date":"2025-12-11T10:20:20","date_gmt":"2025-12-11T10:20:20","guid":{"rendered":"https:\/\/www.europesays.com\/fr\/592580\/"},"modified":"2025-12-11T10:20:20","modified_gmt":"2025-12-11T10:20:20","slug":"arretez-de-vous-cacher-parler-a-vos-plantes-est-une-super-idee","status":"publish","type":"post","link":"https:\/\/www.europesays.com\/fr\/592580\/","title":{"rendered":"Arr\u00eatez de vous cacher : parler \u00e0 vos plantes est une super id\u00e9e !"},"content":{"rendered":"<p>Surprendre ses voisins en murmurant quelques mots \u00e0 une fleur, complimenter un basilic sur sa belle tenue hivernale, confier ses secrets \u00e0 son vieux pommier du verger : voil\u00e0 des sc\u00e8nes de <a href=\"https:\/\/journaldesseniors.20minutes.fr\/maison\/cest-le-moment-ou-jamais-de-pailler-ces-3-plantes-essentielles-avant-quil-ne-soit-trop-tard\/\" target=\"_blank\" rel=\"noopener\">potager<\/a> qui ont longtemps pr\u00eat\u00e9 \u00e0 sourire. Mais si, en r\u00e9alit\u00e9, la cl\u00e9 d\u2019une <a href=\"https:\/\/journaldesseniors.20minutes.fr\/maison\/les-4-plantes-a-cultiver-en-interieur-cet-hiver-pour-purifier-lair-et-reduire-lhumidite-chez-vous\/\" target=\"_blank\" rel=\"noopener\">croissance exceptionnelle<\/a> se cachait derri\u00e8re ce geste aussi attendrissant qu\u2019\u00e9nigmatique ? En ce mois de d\u00e9cembre, alors que les journ\u00e9es raccourcissent et que nombre de fruits et l\u00e9gumes hibernent doucement, la curiosit\u00e9 autour des vertus insoup\u00e7onn\u00e9es du dialogue avec nos plantes prend, elle, racine plus fermement que jamais.<\/p>\n<p>Quand les mots font pousser les feuilles : l\u2019effet inattendu de la voix humaine sur les plantes<br \/>\nPourquoi nous avons envie de parler \u00e0 nos plantes : entre instinct, tradition et sciences<\/p>\n<p><strong>Dans la torpeur hivernale,<\/strong> alors que le jardin semble fig\u00e9 sous une <a href=\"https:\/\/journaldesseniors.20minutes.fr\/maison\/le-gel-a-t-il-detruit-vos-plantes-voici-comment-inverser-les-degats\/\" target=\"_blank\" rel=\"noopener\">l\u00e9g\u00e8re gel\u00e9e<\/a>, il n\u2019est pas rare d\u2019\u00eatre pris d\u2019un r\u00e9flexe \u00e9trange : adresser quelques mots tendres \u00e0 une pousse ou encourager les rameaux d\u2019un poirier fatigu\u00e9. Ce besoin presque ancestral de parler aux plantes puise ses racines dans nos traditions, o\u00f9 le verger familial ou le petit potager est consid\u00e9r\u00e9 comme un membre \u00e0 part enti\u00e8re de la maison. En France, on se transmet volontiers l\u2019astuce selon laquelle \u201cparler aux tomates les rend plus rouges\u201d, une croyance \u00e0 la fronti\u00e8re de la magie rurale et de l\u2019intuition. Mais aujourd\u2019hui, ce comportement attire l\u2019attention parce qu\u2019il intrigue autant qu\u2019il questionne\u00a0: existe-t-il vraiment un effet b\u00e9n\u00e9fique\u00a0?<\/p>\n<p>Les premi\u00e8res observations : des jardiniers perplexes aux chercheurs curieux<\/p>\n<p>Pendant des g\u00e9n\u00e9rations, de nombreux jardiniers, du march\u00e9 populaire au petit carr\u00e9 urbain, ont constat\u00e9 que certains plants semblaient \u201cplus vigoureux\u201d pr\u00e8s des potins du jardin ou des rires d\u2019enfants. Ce constat, parfois re\u00e7u avec scepticisme, fait d\u00e9sormais l\u2019objet d\u2019une curiosit\u00e9 renouvel\u00e9e\u00a0: que se passe-t-il vraiment quand on parle \u00e0 ces \u00eatres silencieux, surtout pendant les longs mois d\u2019hiver o\u00f9 ils semblent dormir\u00a0?<\/p>\n<p>Vibrations et respirations : plonger au c\u0153ur du secret scientifique<br \/>\nLa voix humaine, une source de CO2 et de sons qui fait r\u00e9agir les v\u00e9g\u00e9taux<\/p>\n<p><strong>Le d\u00e9tail surprenant<\/strong> se niche dans ce que nous consid\u00e9rons comme banal\u00a0: chaque parole prononc\u00e9e, chaque chant ou murmure, produit des sons mais \u00e9galement du dioxyde de carbone (CO2). Or, ce gaz, que l\u2019on expire naturellement, joue un r\u00f4le capital pour la photosynth\u00e8se. \u00c9mettre du CO2 \u00e0 proximit\u00e9 des feuilles, c\u2019est ouvrir au v\u00e9g\u00e9tal un petit bonus de \u201ccarburant vert\u201d\u00a0: de quoi stimuler la croissance du potager m\u00eame quand la lumi\u00e8re hivernale manque d\u2019intensit\u00e9.<\/p>\n<p>Ce que r\u00e9v\u00e8le la science : comment les plantes captent et utilisent ces stimuli<\/p>\n<p>Mais l\u2019effet ne s\u2019arr\u00eate pas l\u00e0. Les v\u00e9g\u00e9taux, loin d\u2019\u00eatre sourds au monde, captent aussi les vibrations sonores de la voix humaine. Ces micro-chocs affectent les parois cellulaires et d\u00e9clenchent de fines r\u00e9actions biologiques. En r\u00e9sum\u00e9, <strong>parler \u00e0 ses plantes<\/strong> revient \u00e0 leur offrir un double cadeau\u00a0: une bouff\u00e9e de CO2 bienfaisante et un massage acoustique qui r\u00e9veille leurs processus vitaux, m\u00eame aux abords de No\u00ebl.<\/p>\n<p>Des plantes qui \u00e9coutent : ce qui se passe vraiment pendant notre discours<br \/>\nMicro-changements et maxi-effets : photosynth\u00e8se, croissance et bien-\u00eatre v\u00e9g\u00e9tal<\/p>\n<p>Derri\u00e8re chaque conversation avec un plant de salade ou une tige d\u2019orchid\u00e9e, des ph\u00e9nom\u00e8nes microscopiques s\u2019enclenchent. La hausse locale de CO2 optimise la photosynth\u00e8se, essentielle \u00e0 la vigueur et \u00e0 la sant\u00e9 de toutes les cultures, du carr\u00e9 d\u2019herbes aromatiques au robuste pommier du verger. Quant aux vibrations sonores, elles stimulent la circulation de la s\u00e8ve et la r\u00e9g\u00e9n\u00e9ration cellulaire. R\u00e9sultat\u00a0: on observe souvent un feuillage plus dense, une <a href=\"https:\/\/journaldesseniors.20minutes.fr\/maison\/cette-plante-sans-entretien-fleurit-durant-les-mois-dhiver-pour-egayer-votre-interieur-quand-il-en-a-le-plus-besoin\/\" target=\"_blank\" rel=\"noopener\">floraison g\u00e9n\u00e9reuse<\/a> ou une r\u00e9colte plus r\u00e9guli\u00e8re\u2026 Autant d\u2019atouts pr\u00e9cieux \u00e0 l\u2019heure o\u00f9 l\u2019on r\u00eave d\u2019un potager florissant malgr\u00e9 la grisaille hivernale.<\/p>\n<p>Les sons qui boostent le plus : paroles, musique, murmures\u2026 tout ne se vaut pas !<\/p>\n<p><strong>Tous les sons n\u2019ont pas le m\u00eame effet<\/strong>. Une voix douce, r\u00e9guli\u00e8re, ou encore de la musique classique, semblent \u00eatre particuli\u00e8rement efficaces pour stimuler le d\u00e9veloppement v\u00e9g\u00e9tal, compar\u00e9s \u00e0 des bruits forts ou d\u00e9sagr\u00e9ables. Parler aux plantes avec bienveillance, en modulant le ton ou en chuchotant, favorise des r\u00e9ponses positives. Musique douce, lectures \u00e0 voix haute, po\u00e8mes r\u00e9cit\u00e9s\u00a0: le jardinier fran\u00e7ais n\u2019a plus honte de tester toutes les variations, m\u00eame au c\u0153ur de l\u2019hiver, pour faire repartir ses pousses vers la lumi\u00e8re.<\/p>\n<p>Oser parler \u00e0 ses plantes au quotidien : conseils pour tirer parti des d\u00e9couvertes<br \/>\n Comment (bien) parler \u00e0 sa plante pour la voir s\u2019\u00e9panouir<\/p>\n<p>Envie d\u2019exp\u00e9rimenter ce pouvoir\u00a0?<\/p>\n<ul>\n<li>Installez-vous pr\u00e8s de vos plantes pr\u00e9f\u00e9r\u00e9es (m\u00eame sur le rebord d\u2019une fen\u00eatre en ville) pour leur adresser chaque jour quelques mots encourageants.<\/li>\n<li>A\u00e9rez leur espace pour que le CO2 \u00e9mis reste disponible autour du feuillage (sans pour autant \u00e9touffer la pi\u00e8ce).<\/li>\n<li>Mariez les conversations \u00e0 une routine de soins\u00a0: arrosage mod\u00e9r\u00e9, bonne association des cultures, surveillance de la lumi\u00e8re naturelle.<\/li>\n<li>N\u2019oubliez pas que la r\u00e9gularit\u00e9 compte plus que l\u2019intensit\u00e9 : privil\u00e9giez la patience aux monologues tonitruants !<\/li>\n<\/ul>\n<p> Les erreurs \u00e0 \u00e9viter et les astuces pour un dialogue vraiment b\u00e9n\u00e9fique<\/p>\n<p>Quelques fausses notes peuvent limiter les effets :<\/p>\n<ul>\n<li>\u00c9vitez de parler alors que la plante manque cruellement d\u2019eau ou que le sol est asphyxi\u00e9 : la parole ne remplace jamais des soins essentiels.<\/li>\n<li>Ne vous d\u00e9couragez pas si le r\u00e9sultat n\u2019est pas imm\u00e9diat ; certaines cultures \u2013 surtout en d\u00e9cembre \u2013 prennent leur temps pour r\u00e9agir sous la lampe ou la lumi\u00e8re naturelle faiblissante.<\/li>\n<li>Compl\u00e9tez vos encouragements verbaux par une bonne association de cultures au potager ou un apport de compost \u2013 pour allier science, astuces et tradition.<\/li>\n<\/ul>\n<p>Vers une nouvelle relation aux v\u00e9g\u00e9taux : ce que ce surprenant pouvoir change dans nos vies<br \/>\n Une vision renouvel\u00e9e du jardinage et de la communication avec le vivant<\/p>\n<p>L\u2019id\u00e9e que \u201cparler \u00e0 ses plantes fait pousser le jardin\u201d fait d\u00e9sormais \u00e9cho \u00e0 une r\u00e9alit\u00e9 scientifique. Au c\u0153ur de l\u2019hiver, alors que le potager sommeille, prendre soin de ses cultures passe aussi par une communication intime, presque po\u00e9tique, qui unit le jardinier \u00e0 son coin de verdure. Cette connexion, h\u00e9rit\u00e9e des traditions rurales et valid\u00e9e par l\u2019observation attentive, invite \u00e0 renouveler notre regard sur le vivant, \u00e0 la fois fragile et r\u00e9ceptif.<\/p>\n<p> Les prochaines \u00e9tapes de la recherche et les perspectives pour nos plantes\u2026 et pour nous<\/p>\n<p>Ce potentiel dialogue plante-humain ouvre une nouvelle \u00e8re pour le jardinage, qu\u2019il soit urbain ou de campagne. Qui sait jusqu\u2019o\u00f9 nous m\u00e8neront ces d\u00e9couvertes dans les ann\u00e9es \u00e0 venir\u00a0? Peut-\u00eatre verra-t-on bient\u00f4t de nouveaux outils, sp\u00e9cialement con\u00e7us pour amplifier cette synergie, fleurir dans les rayons des jardineries fran\u00e7aises, entre deux \u00e9tag\u00e8res de biochar et de graines anciennes\u2026<\/p>\n<p>Faire prosp\u00e9rer son potager ou son verger, m\u00eame lors des jours les plus courts de l\u2019ann\u00e9e, n\u2019a jamais sembl\u00e9 aussi accessible. Oser parler \u00e0 ses plantes, c\u2019est r\u00e9concilier tradition, intuition et petits gestes quotidiens pour un jardin plus vivant, \u00e0 toute saison. Et si, ce No\u00ebl, la plus belle des d\u00e9couvertes se cachait dans la puissance insoup\u00e7onn\u00e9e de nos paroles\u00a0?<\/p>\n","protected":false},"excerpt":{"rendered":"Surprendre ses voisins en murmurant quelques mots \u00e0 une fleur, complimenter un basilic sur sa belle tenue hivernale,&hellip;\n","protected":false},"author":2,"featured_media":592581,"comment_status":"","ping_status":"","sticky":false,"template":"","format":"standard","meta":{"footnotes":""},"categories":[10],"tags":[1011,27,72,56,71],"class_list":{"0":"post-592580","1":"post","2":"type-post","3":"status-publish","4":"format-standard","5":"has-post-thumbnail","7":"category-sante","8":"tag-fr","9":"tag-france","10":"tag-health","11":"tag-push","12":"tag-sante"},"share_on_mastodon":{"url":"https:\/\/pubeurope.com\/@fr\/115700434578426189","error":""},"_links":{"self":[{"href":"https:\/\/www.europesays.com\/fr\/wp-json\/wp\/v2\/posts\/592580","targetHints":{"allow":["GET"]}}],"collection":[{"href":"https:\/\/www.europesays.com\/fr\/wp-json\/wp\/v2\/posts"}],"about":[{"href":"https:\/\/www.europesays.com\/fr\/wp-json\/wp\/v2\/types\/post"}],"author":[{"embeddable":true,"href":"https:\/\/www.europesays.com\/fr\/wp-json\/wp\/v2\/users\/2"}],"replies":[{"embeddable":true,"href":"https:\/\/www.europesays.com\/fr\/wp-json\/wp\/v2\/comments?post=592580"}],"version-history":[{"count":0,"href":"https:\/\/www.europesays.com\/fr\/wp-json\/wp\/v2\/posts\/592580\/revisions"}],"wp:featuredmedia":[{"embeddable":true,"href":"https:\/\/www.europesays.com\/fr\/wp-json\/wp\/v2\/media\/592581"}],"wp:attachment":[{"href":"https:\/\/www.europesays.com\/fr\/wp-json\/wp\/v2\/media?parent=592580"}],"wp:term":[{"taxonomy":"category","embeddable":true,"href":"https:\/\/www.europesays.com\/fr\/wp-json\/wp\/v2\/categories?post=592580"},{"taxonomy":"post_tag","embeddable":true,"href":"https:\/\/www.europesays.com\/fr\/wp-json\/wp\/v2\/tags?post=592580"}],"curies":[{"name":"wp","href":"https:\/\/api.w.org\/{rel}","templated":true}]}}