{"id":592584,"date":"2025-12-11T10:22:18","date_gmt":"2025-12-11T10:22:18","guid":{"rendered":"https:\/\/www.europesays.com\/fr\/592584\/"},"modified":"2025-12-11T10:22:18","modified_gmt":"2025-12-11T10:22:18","slug":"alain-fabien-delon-saisit-la-justice-suisse-et-mediatise-son-offensive","status":"publish","type":"post","link":"https:\/\/www.europesays.com\/fr\/592584\/","title":{"rendered":"Alain-Fabien Delon saisit la justice suisse et m\u00e9diatise son offensive"},"content":{"rendered":"<p>\n    Apr\u00e8s avoir demand\u00e9 l\u2019annulation du testament, le cadet esp\u00e8re voir \u00ab\u00a0l\u2019indignit\u00e9 successorale\u00a0\u00bb retenue contre Anouchka Delon, coupable \u00e0 ses yeux d\u2019abus de faiblesse. Jeudi sur RTL, il a d\u00e9fendu ses bonnes intentions.<\/p>\n<p class=\"fig-paragraph\">Une d\u00e9cision symbolique. Alain-Fabien souhaite faire enlever le trait d\u2019union s\u00e9parant ses pr\u00e9noms. Pour se rapprocher de son p\u00e8re, dit-il. \u00ab\u00a0En hommage \u00e0 mon p\u00e8re et pour des questions d\u2019exploitation que ma s\u0153ur pourrait m\u2019interdire\u00a0\u00bb, pr\u00e9cise le plus jeune des Delon, jeudi matin, sur\u00a0<a href=\"https:\/\/www.rtl.fr\/culture\/medias-people\/qu-elle-ne-touche-pas-un-centime-sur-rtl-alain-fabien-delon-accuse-sa-soeur-d-avoir-profite-de-la-faiblesse-de-son-pere-pour-le-second-testament-7900576542\" target=\"_blank\" rel=\"noopener\" data-gtm-custom-categorie=\"navigation\" data-gtm-custom-action=\"crossclick\" data-gtm-custom-label=\"Contextuel\" data-gtm-event=\"customEventSPE\">RTL<\/a>. Le trentenaire s\u2019exprimait pour m\u00e9diatiser son combat judiciaire.<\/p>\n<p class=\"fig-paragraph\">L\u2019information est connue depuis septembre, le cadet demande\u00a0<a href=\"http:\/\/www.lefigaro.fr\/culture\/alain-fabien-delon-demande-l-annulation-du-testament-de-son-pere-et-de-la-donation-faite-a-sa-soeur-anouchka-20250902\" target=\"_blank\" data-fig-type=\"Article\" rel=\"noopener\" data-gtm-custom-categorie=\"navigation\" data-gtm-custom-action=\"crossclick\" data-gtm-custom-label=\"Contextuel\" data-gtm-event=\"customEventSPE\" data-fig-domain=\"LEFIGARO\">l\u2019annulation du testament de son p\u00e8re, qui fait d\u2019Anouchka l\u2019h\u00e9riti\u00e8re du droit moral<\/a>. Un chapitre de plus dans une guerre successorale qui a fait couler beaucoup d\u2019encre. Une date d\u2019audience a \u00e9t\u00e9 fix\u00e9e au 9 mars 2026. \u00ab\u00a0Si vous \u00eates l\u00e0 ce matin, c\u2019est que les assignations viennent d\u2019\u00eatre \u00e9mises en Suisse, visant votre s\u0153ur et votre fr\u00e8re Anthony\u00a0\u00bb, contextualise\u00a0<a href=\"http:\/\/tvmag.lefigaro.fr\/programme-tv\/people\/sa-question-etait-vraiment-conne-mika-et-marc-olivier-fogiel-racontent-dans-quotidien-leur-premiere-rencontre-20251205\" target=\"_blank\" data-fig-type=\"Article\" rel=\"noopener\" data-gtm-custom-categorie=\"navigation\" data-gtm-custom-action=\"crossclick\" data-gtm-custom-label=\"Contextuel\" data-gtm-event=\"customEventSPE\" data-fig-domain=\"TVMAG\">Marc-Olivier Fogiel<\/a>. Selon\u00a0<a href=\"https:\/\/www.rtl.fr\/actu\/justice-faits-divers\/info-rtl-heritage-d-alain-delon-alain-fabien-menace-de-demander-l-exclusion-de-sa-soeur-de-la-succession-7900576543\" target=\"_blank\" rel=\"noopener\" data-gtm-custom-categorie=\"navigation\" data-gtm-custom-action=\"crossclick\" data-gtm-custom-label=\"Contextuel\" data-gtm-event=\"customEventSPE\">RTL<\/a>, Alain-Fabien a saisi la justice suisse pour obtenir la suspension de l\u2019ex\u00e9cution du testament.<\/p>\n<p class=\"fig-body-link\">\n            \u00c0 lire aussi<br \/>\n        <a class=\"fig-body-link__link fig-premium-mark\" href=\"http:\/\/www.lefigaro.fr\/culture\/sans-anthony-ni-anouchka-douchy-rend-hommage-a-alain-delon-notre-stade-portera-le-nom-d-une-icone-20250818\" target=\"_blank\" data-fig-type=\"Article\" rel=\"noopener\" data-gtm-custom-categorie=\"navigation\" data-gtm-custom-action=\"crossclick\" data-gtm-custom-label=\"Contextuel\" data-gtm-event=\"customEventSPE\" data-fig-domain=\"LEFIGARO\"><\/p>\n<p>        \u00abIls n\u2019ont pas r\u00e9pondu\u00bb\u00a0: un an apr\u00e8s sa mort, Douchy rend hommage \u00e0 Alain Delon, sans Anthony, Anouchka et Alain-Fabien<br \/>\n    <\/a>\n<\/p>\n<p>                                            <a class=\"fig-a11y-skip\" href=\"#fig-a11y-skip-main-inarticle\" data-module=\"a11y-skip\" data-context=\"was @visible\"><br \/>\n    Passer la publicit\u00e9<br \/>\n<\/a>            <\/p>\n<p>                                            L\u2019avenir du domaine de Douchy<\/p>\n<p class=\"fig-paragraph\">En 2015, un premier testament r\u00e9dig\u00e9 par\u00a0<a href=\"http:\/\/www.lefigaro.fr\/culture\/sans-anthony-ni-anouchka-douchy-rend-hommage-a-alain-delon-notre-stade-portera-le-nom-d-une-icone-20250818\" target=\"_blank\" data-fig-type=\"Article\" rel=\"noopener\" data-gtm-custom-categorie=\"navigation\" data-gtm-custom-action=\"crossclick\" data-gtm-custom-label=\"Contextuel\" data-gtm-event=\"customEventSPE\" data-fig-domain=\"LEFIGARO\">l\u2019\u00e9ternel \u00ab Gu\u00e9pard\u00a0\u00bb du cin\u00e9ma fran\u00e7ais<\/a>\u00a0offrait la moiti\u00e9 de l\u2019h\u00e9ritage \u00e0 Anouchka Delon et s\u00e9parait le reste entre les deux fr\u00e8res. Soit six millions d\u2019euros environ pour chacun des gar\u00e7ons, et 15 millions d\u2019euros pour Anouchka. Un partage qui chiffre l\u2019h\u00e9ritage \u00e0 25 millions d\u2019euros environ et qu\u2019Alain-Fabien ne conteste pas.<\/p>\n<p class=\"fig-paragraph\">En 2022, un second testament pr\u00e9cise que la fille Delon devient l\u2019unique h\u00e9riti\u00e8re du droit moral. Elle re\u00e7oit aussi une donation de 51% des parts de la soci\u00e9t\u00e9 suisse d\u2019Alain Delon. Son fr\u00e8re estime que leur p\u00e8re n\u2019avait plus les capacit\u00e9s de signer un testament apr\u00e8s son AVC, survenu le 14 juin 2019.<\/p>\n<p class=\"fig-paragraph\">Alain-Fabien Delon dresse un portrait sombre de sa s\u0153ur, de quatre ans son a\u00een\u00e9e. Mais aussi des ex\u00e9cuteurs testamentaires de ce second acte juridique. Selon lui, ceux-l\u00e0 chercheraient \u00e0 faire vendre Douchy, le domaine o\u00f9 a v\u00e9cu et repose aujourd\u2019hui l\u2019acteur du\u00a0<a href=\"http:\/\/www.lefigaro.fr\/cinema\/alain-delon-la-solitude-du-vieux-samourai-20240818\" target=\"_blank\" data-fig-type=\"Article\" rel=\"noopener\" data-gtm-custom-categorie=\"navigation\" data-gtm-custom-action=\"crossclick\" data-gtm-custom-label=\"Contextuel\" data-gtm-event=\"customEventSPE\" data-fig-domain=\"LEFIGARO\">Samoura\u00ef<\/a> . \u00ab\u00a0Comment vouloir faire un profit sur la derni\u00e8re demeure de papa\u00a0? Cela me fait mal.\u00a0\u00bb Sa s\u0153ur ainsi que son fr\u00e8re, Anthony, seraient pr\u00eats \u00e0 se s\u00e9parer de ce\u00a0<a href=\"http:\/\/www.lefigaro.fr\/actualite-france\/c-etait-un-homme-d-honneur-a-douchy-les-fans-d-alain-delon-lui-rendent-un-dernier-hommage-20240824\" target=\"_blank\" data-fig-type=\"Article\" rel=\"noopener\" data-gtm-custom-categorie=\"navigation\" data-gtm-custom-action=\"crossclick\" data-gtm-custom-label=\"Contextuel\" data-gtm-event=\"customEventSPE\" data-fig-domain=\"LEFIGARO\">vaste domaine situ\u00e9 dans le Loiret<\/a>.<\/p>\n<p class=\"fig-paragraph\">\u00ab\u00a0Je pousse pour que soit retenue l\u2019indignit\u00e9 successorale de ma s\u0153ur. Je n\u2019ai pas envie qu\u2019elle touche quoi que ce soit, pas m\u00eame un centime\u00a0\u00bb, insiste-t-il, comptant sur les dispositions de la loi suisse. Lui jure ne pas poursuivre cette guerre pour des raisons p\u00e9cuniaires. \u00ab\u00a0Si c\u2019\u00e9tait une question d\u2019argent, j\u2019aurais d\u00e9j\u00e0 pris mon pognon\u00a0\u00bb.<\/p>\n<p class=\"fig-body-link\">\n            \u00c0 lire aussi<br \/>\n        <a class=\"fig-body-link__link\" href=\"http:\/\/www.lefigaro.fr\/culture\/ari-boulogne-fils-d-alain-delon-la-justice-francaise-a-tranche-20250925\" target=\"_blank\" data-fig-type=\"Article\" rel=\"noopener\" data-gtm-custom-categorie=\"navigation\" data-gtm-custom-action=\"crossclick\" data-gtm-custom-label=\"Contextuel\" data-gtm-event=\"customEventSPE\" data-fig-domain=\"LEFIGARO\"><\/p>\n<p>        Ari Boulogne, fils d\u2019Alain Delon\u00a0? La justice fran\u00e7aise a tranch\u00e9<br \/>\n    <\/a>\n<\/p>\n<p class=\"fig-paragraph\">Le plus jeune fils d\u2019Alain Delon propose un accord \u00e0 l\u2019amiable, consistant \u00e0 revenir au testament de 2015. \u00ab\u00a0Faire reconna\u00eetre les volont\u00e9s de son p\u00e8re est le devoir d\u2019un enfant. Si on n\u2019arrive pas \u00e0 avoir assez de maturit\u00e9 pour devenir discuter autour d\u2019une table, alors cela se r\u00e9glera devant les tribunaux comp\u00e9tents\u00a0\u00bb, l\u00e2che-t-il, esquissant ce qui ressemble \u00e0 une main tendue ou, selon la fa\u00e7on dont on l\u2019entend, \u00e0 un soufflet.<\/p>\n","protected":false},"excerpt":{"rendered":"Apr\u00e8s avoir demand\u00e9 l\u2019annulation du testament, le cadet esp\u00e8re voir \u00ab\u00a0l\u2019indignit\u00e9 successorale\u00a0\u00bb retenue contre Anouchka Delon, coupable \u00e0&hellip;\n","protected":false},"author":2,"featured_media":592585,"comment_status":"","ping_status":"","sticky":false,"template":"","format":"standard","meta":{"footnotes":""},"categories":[8],"tags":[5960,15944,19718,58,59,1011,27,11632],"class_list":{"0":"post-592584","1":"post","2":"type-post","3":"status-publish","4":"format-standard","5":"has-post-thumbnail","7":"category-divertissement","8":"tag-alain-delon","9":"tag-alain-fabien-delon","10":"tag-anouchka-delon","11":"tag-divertissement","12":"tag-entertainment","13":"tag-fr","14":"tag-france","15":"tag-heritage"},"share_on_mastodon":{"url":"https:\/\/pubeurope.com\/@fr\/115700442540220555","error":""},"_links":{"self":[{"href":"https:\/\/www.europesays.com\/fr\/wp-json\/wp\/v2\/posts\/592584","targetHints":{"allow":["GET"]}}],"collection":[{"href":"https:\/\/www.europesays.com\/fr\/wp-json\/wp\/v2\/posts"}],"about":[{"href":"https:\/\/www.europesays.com\/fr\/wp-json\/wp\/v2\/types\/post"}],"author":[{"embeddable":true,"href":"https:\/\/www.europesays.com\/fr\/wp-json\/wp\/v2\/users\/2"}],"replies":[{"embeddable":true,"href":"https:\/\/www.europesays.com\/fr\/wp-json\/wp\/v2\/comments?post=592584"}],"version-history":[{"count":0,"href":"https:\/\/www.europesays.com\/fr\/wp-json\/wp\/v2\/posts\/592584\/revisions"}],"wp:featuredmedia":[{"embeddable":true,"href":"https:\/\/www.europesays.com\/fr\/wp-json\/wp\/v2\/media\/592585"}],"wp:attachment":[{"href":"https:\/\/www.europesays.com\/fr\/wp-json\/wp\/v2\/media?parent=592584"}],"wp:term":[{"taxonomy":"category","embeddable":true,"href":"https:\/\/www.europesays.com\/fr\/wp-json\/wp\/v2\/categories?post=592584"},{"taxonomy":"post_tag","embeddable":true,"href":"https:\/\/www.europesays.com\/fr\/wp-json\/wp\/v2\/tags?post=592584"}],"curies":[{"name":"wp","href":"https:\/\/api.w.org\/{rel}","templated":true}]}}