{"id":592586,"date":"2025-12-11T10:23:20","date_gmt":"2025-12-11T10:23:20","guid":{"rendered":"https:\/\/www.europesays.com\/fr\/592586\/"},"modified":"2025-12-11T10:23:20","modified_gmt":"2025-12-11T10:23:20","slug":"ces-options-vont-disparaitre-frandroid","status":"publish","type":"post","link":"https:\/\/www.europesays.com\/fr\/592586\/","title":{"rendered":"ces options vont dispara\u00eetre \u2014 Frandroid"},"content":{"rendered":"<p>On a l\u2019habitude que les mises \u00e0 jour ajoutent des fonctions. Avec <strong>One UI 8.5<\/strong>, Samsung fait l\u2019inverse. L\u2019application <strong>Samsung Health<\/strong> s\u2019appr\u00eate \u00e0 subir une cure d\u2019amaigrissement forc\u00e9e. Vous utilisiez des programmes d\u2019entra\u00eenement t\u00e9l\u00e9charg\u00e9s ? Pr\u00e9parez-vous \u00e0 changer vos habitudes, car le constructeur a d\u00e9cid\u00e9 de tout miser sur le streaming.<\/p>\n<p><a target=\"_blank\" href=\"https:\/\/images.frandroid.com\/wp-content\/uploads\/2025\/12\/image-20-10.jpg\" class=\"article-content__figure\" rel=\"noopener\"><img fetchpriority=\"high\" decoding=\"async\" loading=\"eager\" width=\"1200\" height=\"675\" src=\"https:\/\/www.europesays.com\/fr\/wp-content\/uploads\/2025\/12\/image-20-10.jpg\" alt=\"\" class=\"wp-image-2905935 wp-image wp-image\"  \/><\/a><\/p>\n<p><a href=\"https:\/\/www.frandroid.com\/marques\/samsung\/2903977_samsung-one-ui-8-5-la-beta-est-officiellement-lancee-voici-les-nouveautes-de-la-mise-a-jour\" target=\"_blank\" rel=\"noopener\">On attendait <strong>One UI 8.5<\/strong><\/a> pour ses promesses d\u2019intelligence artificielle et d\u2019optimisation. <a href=\"https:\/\/www.frandroid.com\/marques\/samsung\/2903977_samsung-one-ui-8-5-la-beta-est-officiellement-lancee-voici-les-nouveautes-de-la-mise-a-jour\" target=\"_blank\" rel=\"noopener\">La b\u00eata est l\u00e0<\/a>, disponible sur certains smartphones comme le <strong><a href=\"https:\/\/www.frandroid.com\/marques\/samsung\/2492280_test-du-samsung-galaxy-s25-sans-surprise-mais-pas-sans-saveur\" target=\"_blank\" rel=\"noopener\">Galaxy S25<\/a><\/strong>. Mais en fouillant dans les notes de version, on d\u00e9couvre une pilule un peu difficile \u00e0 avaler.<\/p>\n<p class=\"shortcode-container see-more\">\n    Pour aller plus loin<br \/><a href=\"https:\/\/www.frandroid.com\/marques\/samsung\/2903977_samsung-one-ui-8-5-la-beta-est-officiellement-lancee-voici-les-nouveautes-de-la-mise-a-jour\" target=\"_blank\" rel=\"noopener\">Samsung One UI 8.5 : la b\u00eata est officiellement lanc\u00e9e, voici les nouveaut\u00e9s de la mise \u00e0 jour<\/a>\n            <\/p>\n<p>Samsung a d\u00e9cid\u00e9 de faire le m\u00e9nage dans son application <strong>Samsung Health<\/strong>. Et quand je dis m\u00e9nage, c\u2019est plut\u00f4t un nettoyage par le vide. L\u2019entreprise a confirm\u00e9 que plusieurs contenus de fitness allaient \u00eatre purement et simplement retir\u00e9s d\u00e8s ce mois de d\u00e9cembre. L\u2019objectif ? Pousser tout le monde vers le streaming, au d\u00e9triment de l\u2019usage hors ligne.<\/p>\n<p>                <img decoding=\"async\" width=\"1200\" height=\"446\" loading=\"lazy\" alt=\"Affiliates_1325x492_Frandroid-Watch\" title=\"Affiliates_1325x492_Frandroid-Watch\" class=\"is-radiusless placeholder-default wp-image\" src=\"https:\/\/www.europesays.com\/fr\/wp-content\/uploads\/2025\/12\/affiliates-1325x492-frandroid-watch-1200x446.jpg\" \/>            <\/p>\n<p>\n                    L\u2019Apple Watch Ultra est \u00e0 prix cass\u00e9                <\/p>\n<p class=\"has-text-weight-medium is-size-6 is-line-height-normal\">\n                    Et si pendant le Black Friday, vous profitiez du reconditionn\u00e9 pour faire encore plus d\u2019\u00e9conomies ? Chez Back Market, l\u2019Apple Watch Ultra co\u00fbte moins de 375 euros avec le code KDO2025, valable sur toutes les montres connect\u00e9es.                <\/p>\n<p>La fin du coach dans la poche (sans 5G)<\/p>\n<p>Le probl\u00e8me est simple : jusqu\u2019\u00e0 pr\u00e9sent, vous pouviez <strong>t\u00e9l\u00e9charger des programmes d\u2019entra\u00eenement<\/strong> (cardio, yoga, musculation) pour les suivre n\u2019importe o\u00f9. Au fond d\u2019une salle de sport en sous-sol, en vacances dans une zone blanche, ou simplement pour \u00e9conomiser votre data.<\/p>\n<p>C\u2019est termin\u00e9. Avec la nouvelle version incluse dans One UI 8.5, les <strong>t\u00e9l\u00e9chargements disparaissent<\/strong>. Pire encore : Samsung pr\u00e9cise que tous les programmes t\u00e9l\u00e9charg\u00e9s avant le <strong>31 d\u00e9cembre 2022<\/strong> seront supprim\u00e9s, m\u00eame s\u2019ils sont stock\u00e9s sur votre compte. Mais le contenu en <strong>streaming temps r\u00e9el<\/strong> reste accessible. <\/p>\n<p>Ce qu\u2019on gagne en \u00e9change<\/p>\n<p>Mais attendez. Tout n\u2019est pas noir. Si Samsung retire d\u2019un c\u00f4t\u00e9, il ajoute de l\u2019autre. Cette mise \u00e0 jour One UI 8.5 tente de compenser avec de nouvelles int\u00e9grations int\u00e9ressantes pour ceux qui poss\u00e8dent une <strong>Galaxy Watch<\/strong>.<\/p>\n<p>D\u2019abord, les <strong>r\u00e9sum\u00e9s de sant\u00e9<\/strong> deviennent plus granulaires. Ils croisent d\u00e9sormais vos donn\u00e9es de suivi de m\u00e9dicaments avec vos s\u00e9ances de pleine conscience. C\u2019est pertinent : comprendre comment votre traitement influe sur votre stress est une vraie valeur ajout\u00e9e.<\/p>\n<p>Ensuite, on note l\u2019arriv\u00e9e du lancement des m\u00e9ditations directement depuis la montre et, plus surprenant, une fonction de <strong>mesure du taux d\u2019antioxydants<\/strong>. Sur ce dernier point, je reste sceptique : sans capteur invasif, cela ressemble fort \u00e0 une estimation algorithmique qu\u2019il faudra tester s\u00e9rieusement avant de valider. <\/p>\n<p>Enfin, une fonction cach\u00e9e sugg\u00e8re que Samsung Health pourra bient\u00f4t surveiller votre <strong>exposition au bruit ambiant<\/strong> (en d\u00e9cibels) pour prot\u00e9ger votre audition.<\/p>\n<p>Retrouvez tous les articles de Frandroid directement sur Google. Abonnez-vous \u00e0 <a target=\"_blank\" href=\"https:\/\/shop.frandroid.com\/gpfrandroid\" rel=\"noopener\">notre profil Google<\/a> pour ne rien manquer !<\/p>\n","protected":false},"excerpt":{"rendered":"On a l\u2019habitude que les mises \u00e0 jour ajoutent des fonctions. Avec One UI 8.5, Samsung fait l\u2019inverse.&hellip;\n","protected":false},"author":2,"featured_media":592587,"comment_status":"","ping_status":"","sticky":false,"template":"","format":"standard","meta":{"footnotes":""},"categories":[7],"tags":[1011,27,70241,43,40,41,39,42,44],"class_list":{"0":"post-592586","1":"post","2":"type-post","3":"status-publish","4":"format-standard","5":"has-post-thumbnail","7":"category-sciences-et-technologies","8":"tag-fr","9":"tag-france","10":"tag-samsung-one-ui-8-5","11":"tag-science","12":"tag-science-and-technology","13":"tag-sciences","14":"tag-sciences-et-technologies","15":"tag-technologies","16":"tag-technology"},"share_on_mastodon":{"url":"https:\/\/pubeurope.com\/@fr\/115700448008157043","error":""},"_links":{"self":[{"href":"https:\/\/www.europesays.com\/fr\/wp-json\/wp\/v2\/posts\/592586","targetHints":{"allow":["GET"]}}],"collection":[{"href":"https:\/\/www.europesays.com\/fr\/wp-json\/wp\/v2\/posts"}],"about":[{"href":"https:\/\/www.europesays.com\/fr\/wp-json\/wp\/v2\/types\/post"}],"author":[{"embeddable":true,"href":"https:\/\/www.europesays.com\/fr\/wp-json\/wp\/v2\/users\/2"}],"replies":[{"embeddable":true,"href":"https:\/\/www.europesays.com\/fr\/wp-json\/wp\/v2\/comments?post=592586"}],"version-history":[{"count":0,"href":"https:\/\/www.europesays.com\/fr\/wp-json\/wp\/v2\/posts\/592586\/revisions"}],"wp:featuredmedia":[{"embeddable":true,"href":"https:\/\/www.europesays.com\/fr\/wp-json\/wp\/v2\/media\/592587"}],"wp:attachment":[{"href":"https:\/\/www.europesays.com\/fr\/wp-json\/wp\/v2\/media?parent=592586"}],"wp:term":[{"taxonomy":"category","embeddable":true,"href":"https:\/\/www.europesays.com\/fr\/wp-json\/wp\/v2\/categories?post=592586"},{"taxonomy":"post_tag","embeddable":true,"href":"https:\/\/www.europesays.com\/fr\/wp-json\/wp\/v2\/tags?post=592586"}],"curies":[{"name":"wp","href":"https:\/\/api.w.org\/{rel}","templated":true}]}}