{"id":592589,"date":"2025-12-11T10:25:13","date_gmt":"2025-12-11T10:25:13","guid":{"rendered":"https:\/\/www.europesays.com\/fr\/592589\/"},"modified":"2025-12-11T10:25:13","modified_gmt":"2025-12-11T10:25:13","slug":"au-bresil-les-deputes-adoptent-une-loi-pouvant-reduire-fortement-la-peine-de-jair-bolsonaro-le-monde-fr","status":"publish","type":"post","link":"https:\/\/www.europesays.com\/fr\/592589\/","title":{"rendered":"Au Br\u00e9sil, les d\u00e9put\u00e9s adoptent une loi pouvant r\u00e9duire fortement la peine de Jair Bolsonaro &#8211; Le Monde.fr"},"content":{"rendered":"<ol>\n<li><a href=\"https:\/\/news.google.com\/rss\/articles\/CBMi-AFBVV95cUxQa0YzakdTVHlwMUdHUF9Rd21kcVlUWEZQOXFZak93b2lwMHQ4TWtsVFhOZ25vMFVGdnB3UDBmRzRGSHgwWGJHTVlONDlDSW91N21HUmt5d0pjbG43Sk9SUXJ5QVZMV3FsYjY1bVRadmNFMHpPVE9rQmNTazI3cnZJcHBBMVZhUlJpbm5RUEQyMS00bFFUdm5ReWNfbGctOWRneFJjaG5fYUozUFFxay1Sdm9DSExsdGU2bjNiamxhTnVTcVlVYjJDaFRmSldjREFTRlZXMDJQWUs4SnFIQkJUV29VbERxVHR1TTU2ckgxMFpSUmlxd2NmRQ?oc=5\" target=\"_blank\" rel=\"noopener\">Au Br\u00e9sil, les d\u00e9put\u00e9s adoptent une loi pouvant r\u00e9duire fortement la peine de Jair Bolsonaro<\/a>&nbsp;&nbsp;Le Monde.fr<\/li>\n<li><a href=\"https:\/\/news.google.com\/rss\/articles\/CBMiiwJBVV95cUxNZUhYQUFNQ29KX3cwd044NkxibkhOYm1aOGc0QkRqX0dONjkxeWRpZ3kyZm43SkVNRWNZU09aWGs0eGQ4dkh1a0hWMzJsb0pUWUR4RjJxQ2tFSy16c2ZUekRXbm5MTTF3YzdkYmNXbzZKTktTVHJkWUc4eGJmUjZ1WkdmWFRVWk4zZXg2ZUhGTWRiMk84TC1QTDFZcDNPQjB6c3N1T0dBcjBvR2hxazN3MjQxN084cndMWUsteFJJdmNPMG1oYkJmVnBQYldOVWh5TENHelVpT05TZmFWSW9Qa1RJREE0cmo2OEliS24tVV94cnZLVlFodHJQc1V2amN0aW5sZlIxanEwUG8?oc=5\" target=\"_blank\" rel=\"noopener\">\u00ab Un attentat contre la d\u00e9mocratie \u00bb : au Br\u00e9sil, les d\u00e9put\u00e9s votent une loi pour r\u00e9duire la peine de Bolsonaro, condamn\u00e9 pour tentative de coup d\u2019\u00c9tat<\/a>&nbsp;&nbsp;L&rsquo;Humanit\u00e9<\/li>\n<li><a href=\"https:\/\/news.google.com\/rss\/articles\/CBMi2gFBVV95cUxQWHVZNWFoZlp2VGRka01EQk1SZlhMWnVBZlpGaVFjVGhGbWxQQ1JXdllfUnBIWU1Yc0txZWRCSW1fbTVQVUdHMHhjM3kyRHZBQmNwaEs1R0N3dHd3T0dISnVSM0NiQ3lkTEkzQm9aak51YUgtanoxZVdOYVFkb0l1LXloSzU1V1NVRmpSOGRmMWJIaE1hUDV0TzJEeVFUS3dlMUNmLXNxbXFBcE55MVI3c3lyQWlnTzdubEh2VkJQZjVMWXRCeks0OUMxQU9SeGhxOFFoVTlMeVpnZw?oc=5\" target=\"_blank\" rel=\"noopener\">Br\u00e9sil : les avocats de Jair Bolsonaro demandent sa sortie de prison pour une op\u00e9ration \u00abimm\u00e9diate\u00bb<\/a>&nbsp;&nbsp;Le Figaro<\/li>\n<li><a href=\"https:\/\/news.google.com\/rss\/articles\/CBMi-AFBVV95cUxOamR6WXpQUHQ5WURlUDVSdG14LXNIVmNQTmlpVkpNTTNxWFRTRk1OUk0tX3BXYU1FSVEtNkU2SFF0aW5SWTRTUnVjQkw4NXBXdGFQTXZxYWItYmNqdVF4SkV5YVVFNnpsa0ZXNFdybjB5MHVFdlNSMWh5YUFrb2JUTDVDdWd2Y1lXbDZtMldBY2xIVjJ3aUFveWlUX2FHSXlnOVYxTGlvOGEwM2JOcjF1Y2N5emxUSzFwUk5mNllJUTJqOXB3NnNCclBqQncxaDhKdEN0WnJNall4bE03ODZFcmtrNTlnM0VMWnNRMUUtTFByTFVqaFBWQQ?oc=5\" target=\"_blank\" rel=\"noopener\">Vid\u00e9o &#8211; Br\u00e9sil: un d\u00e9put\u00e9 quitte la chambre basse apr\u00e8s avoir boycott\u00e9 une session parlementaire<\/a>&nbsp;&nbsp;Boursorama<\/li>\n<li><a href=\"https:\/\/news.google.com\/rss\/articles\/CBMi8wFBVV95cUxOc1UyWU5PUmhXb1BESW16bkdIWnhabUNaWGZiMzVEMUx4cnVZV01uenJTZDRqYVlzb1lEd3NxaUgtS2dmMnA2c1Zoc01HNnRHdERuazRZUFNYZVlYdnFjNVlCUHRfRXdiQ2VyU05xRVFqYVN2TXBwX1M4TERZNkFzSjJOZzZ4ZUxCckl1OFp6WEs3UEc1WmQ0dGxiN1VOd3ZlR2gwZzlZZU84UnlfZkRBMF9VbnZMSFg5VmRsMFRiZExja2FEa2liRXdsWC1NUk51WlQ0NGpfOWpQRnRXcWdUOURScmlJVVgzSlJUYnVWaFRjWkE?oc=5\" target=\"_blank\" rel=\"noopener\">Les d\u00e9put\u00e9s br\u00e9siliens approuvent une loi pour r\u00e9duire la peine de l&rsquo;ancien pr\u00e9sident Jair Bolsonaro<\/a>&nbsp;&nbsp;BFM<\/li>\n<\/ol>\n","protected":false},"excerpt":{"rendered":"Au Br\u00e9sil, les d\u00e9put\u00e9s adoptent une loi pouvant r\u00e9duire fortement la peine de Jair Bolsonaro&nbsp;&nbsp;Le Monde.fr \u00ab Un&hellip;\n","protected":false},"author":2,"featured_media":395849,"comment_status":"","ping_status":"","sticky":false,"template":"","format":"standard","meta":{"footnotes":""},"categories":[5],"tags":[11,1011,27,14,12,28],"class_list":{"0":"post-592589","1":"post","2":"type-post","3":"status-publish","4":"format-standard","5":"has-post-thumbnail","7":"category-international","8":"tag-actualites","9":"tag-fr","10":"tag-france","11":"tag-international","12":"tag-news","13":"tag-world"},"share_on_mastodon":{"url":"https:\/\/pubeurope.com\/@fr\/115700454184052177","error":""},"_links":{"self":[{"href":"https:\/\/www.europesays.com\/fr\/wp-json\/wp\/v2\/posts\/592589","targetHints":{"allow":["GET"]}}],"collection":[{"href":"https:\/\/www.europesays.com\/fr\/wp-json\/wp\/v2\/posts"}],"about":[{"href":"https:\/\/www.europesays.com\/fr\/wp-json\/wp\/v2\/types\/post"}],"author":[{"embeddable":true,"href":"https:\/\/www.europesays.com\/fr\/wp-json\/wp\/v2\/users\/2"}],"replies":[{"embeddable":true,"href":"https:\/\/www.europesays.com\/fr\/wp-json\/wp\/v2\/comments?post=592589"}],"version-history":[{"count":0,"href":"https:\/\/www.europesays.com\/fr\/wp-json\/wp\/v2\/posts\/592589\/revisions"}],"wp:featuredmedia":[{"embeddable":true,"href":"https:\/\/www.europesays.com\/fr\/wp-json\/wp\/v2\/media\/395849"}],"wp:attachment":[{"href":"https:\/\/www.europesays.com\/fr\/wp-json\/wp\/v2\/media?parent=592589"}],"wp:term":[{"taxonomy":"category","embeddable":true,"href":"https:\/\/www.europesays.com\/fr\/wp-json\/wp\/v2\/categories?post=592589"},{"taxonomy":"post_tag","embeddable":true,"href":"https:\/\/www.europesays.com\/fr\/wp-json\/wp\/v2\/tags?post=592589"}],"curies":[{"name":"wp","href":"https:\/\/api.w.org\/{rel}","templated":true}]}}