{"id":592594,"date":"2025-12-11T10:30:20","date_gmt":"2025-12-11T10:30:20","guid":{"rendered":"https:\/\/www.europesays.com\/fr\/592594\/"},"modified":"2025-12-11T10:30:20","modified_gmt":"2025-12-11T10:30:20","slug":"trimestriel-des-mediatheques-site-internet-de-la-ville-de-saint-etienne","status":"publish","type":"post","link":"https:\/\/www.europesays.com\/fr\/592594\/","title":{"rendered":"Trimestriel des m\u00e9diath\u00e8ques | Site Internet de la ville de Saint-\u00c9tienne"},"content":{"rendered":"<p>Mon quartier<\/p>\n<p> mon quartier4 &#8211; Badouill\u00e8re, Colline des P\u00e8res, Tardy, Centre Deux, Bizillon, Saint-Roch, Valbeno\u00eete10 &#8211; Beaulieu, Montchovet, La Marandini\u00e8re, Montplaisir, la Richelandi\u00e8re6. Carnot, Foch, Montaud, C\u00f4te-Chaude, Michon, Grand Clos5 &#8211; Couriot, Tarentaize, Beaubrun, La Cotonne, Montferr\u00e9, B\u00e9raudi\u00e8re, Montmartre, Le Devey, Malacussy2 &#8211; Cr\u00eat de Roc, Fourneyron, Ch\u00e2teaucreux, Le Treyve, Puits Thibaud1. Jacquard, Pr\u00e9fecture, Centre-Ville, Chavanelle7 &#8211; La Terrasse, Bergson, Bel air, Momey, Le Golf12. Le Mont, La Jomay\u00e8re, Croix de l&rsquo;Orme, Solaure, La Rivi\u00e8re, Bellevue, Valfuret, Le Bernay, Le Portail Rouge, Parc de l&rsquo;Europe, La Palle, La M\u00e9tare9 &#8211; Le Soleil, M\u00e9ons, Grangeneuve, le Marais, le Bardot, Monthieu, Saint-Fran\u00e7ois8 &#8211; Montreynaud, Molina, La Ch\u00e8vre, La Girardi\u00e8re13. Saint-Victor-sur-Loire11. Terrenoire3. Villeboeuf, La Dame Blanche, Vivaraize, FaurielRochetaill\u00e9e <\/p>\n<p>  <img loading=\"lazy\" decoding=\"async\" class=\"inline-svg\" src=\"\/themes\/custom\/stratis_site\/images\/icons\/compass.svg\" width=\"20\" height=\"22\" alt=\"\"\/> <\/p>\n","protected":false},"excerpt":{"rendered":"Mon quartier mon quartier4 &#8211; Badouill\u00e8re, Colline des P\u00e8res, Tardy, Centre Deux, Bizillon, Saint-Roch, Valbeno\u00eete10 &#8211; Beaulieu, Montchovet,&hellip;\n","protected":false},"author":2,"featured_media":592595,"comment_status":"","ping_status":"","sticky":false,"template":"","format":"standard","meta":{"footnotes":""},"categories":[9653],"tags":[1111,11,2430,1777,674,1011,27,12,25,4001],"class_list":{"0":"post-592594","1":"post","2":"type-post","3":"status-publish","4":"format-standard","5":"has-post-thumbnail","7":"category-saint-etienne","8":"tag-actu","9":"tag-actualites","10":"tag-auvergne-rhone-alpes","11":"tag-eu","12":"tag-europe","13":"tag-fr","14":"tag-france","15":"tag-news","16":"tag-republique-francaise","17":"tag-saint-etienne"},"share_on_mastodon":{"url":"https:\/\/pubeurope.com\/@fr\/115700474400425074","error":""},"_links":{"self":[{"href":"https:\/\/www.europesays.com\/fr\/wp-json\/wp\/v2\/posts\/592594","targetHints":{"allow":["GET"]}}],"collection":[{"href":"https:\/\/www.europesays.com\/fr\/wp-json\/wp\/v2\/posts"}],"about":[{"href":"https:\/\/www.europesays.com\/fr\/wp-json\/wp\/v2\/types\/post"}],"author":[{"embeddable":true,"href":"https:\/\/www.europesays.com\/fr\/wp-json\/wp\/v2\/users\/2"}],"replies":[{"embeddable":true,"href":"https:\/\/www.europesays.com\/fr\/wp-json\/wp\/v2\/comments?post=592594"}],"version-history":[{"count":0,"href":"https:\/\/www.europesays.com\/fr\/wp-json\/wp\/v2\/posts\/592594\/revisions"}],"wp:featuredmedia":[{"embeddable":true,"href":"https:\/\/www.europesays.com\/fr\/wp-json\/wp\/v2\/media\/592595"}],"wp:attachment":[{"href":"https:\/\/www.europesays.com\/fr\/wp-json\/wp\/v2\/media?parent=592594"}],"wp:term":[{"taxonomy":"category","embeddable":true,"href":"https:\/\/www.europesays.com\/fr\/wp-json\/wp\/v2\/categories?post=592594"},{"taxonomy":"post_tag","embeddable":true,"href":"https:\/\/www.europesays.com\/fr\/wp-json\/wp\/v2\/tags?post=592594"}],"curies":[{"name":"wp","href":"https:\/\/api.w.org\/{rel}","templated":true}]}}