{"id":592596,"date":"2025-12-11T10:32:13","date_gmt":"2025-12-11T10:32:13","guid":{"rendered":"https:\/\/www.europesays.com\/fr\/592596\/"},"modified":"2025-12-11T10:32:13","modified_gmt":"2025-12-11T10:32:13","slug":"la-boheme-non-mimi-nest-pas-une-petite-chose-vulnerable","status":"publish","type":"post","link":"https:\/\/www.europesays.com\/fr\/592596\/","title":{"rendered":"La Boh\u00e8me , \u00ab non, Mimi n\u2019est pas une petite chose vuln\u00e9rable\u00a0!\u00a0\u00bb"},"content":{"rendered":"<blockquote class=\"question\"><p>David, vous mettez en sc\u00e8ne l\u2019op\u00e9ra en cette fin d\u2019ann\u00e9e \u00e0 Nancy, la fameuse Boh\u00e8me de Puccini. Quel en est le sujet\u00a0?<\/p><\/blockquote>\n<p>\u00ab\u00a0De fa\u00e7on tr\u00e8s r\u00e9sum\u00e9e, il s\u2019agit d\u2019un groupe de jeunes artistes qui d\u00e9cident de vivre de leur art, \u00e0 Paris, et de r\u00e9ussir \u00e0 trouver comment s\u2019aimer et survivre aux crises politiques environnantes.\u00a0\u00bb<\/p>\n<blockquote class=\"question\"><p>C\u2019est l\u2019une des \u0153uvres les plus c\u00e9l\u00e8bres du r\u00e9pertoire lyrique, avec laquelle vous faites pourtant vos d\u00e9buts \u00e0 l\u2019op\u00e9ra\u00a0?<\/p><\/blockquote>\n<p>\u00ab\u00a0Sur invitation du directeur, Matthieu Dussouillez, en effet. C\u2019est vrai que je ne connais pas du tout l\u2019op\u00e9ra, mais j\u2019adore la musique. Et La Boh\u00e8me , j\u2019ai trouv\u00e9 \u00e7a si beau\u00a0!!! J\u2019en \u00e9tais \u00e9mu jusqu\u2019aux larmes. Le livret, en revanche\u2026 tr\u00e8s conservateur et beaucoup trop patriarcal.\u00a0\u00bb<\/p>\n<blockquote class=\"question\"><p>Et donc, comment vous en arranger\u00a0?<\/p><\/blockquote>\n<p>\u00ab\u00a0Par des partis pris un peu diff\u00e9rents. Mimi, par exemple, l\u2019un des personnages principaux, passe traditionnellement pour une pauvre petite chose vuln\u00e9rable. Alors que moi, je la vois en femme forte\u00a0! D\u00e8s le d\u00e9but, dans la sc\u00e8ne de rencontre avec Rodolfo, je ne crois pas qu\u2019elle \u00e9gare simplement la fameuse clef\u00a0: elle la laisse sciemment tomber\u00a0! Comme elle l\u2019aurait fait d\u2019un mouchoir, pour attirer l\u2019attention du gar\u00e7on. Elle ne subit donc pas l\u2019action, mais en est le moteur. J\u2019ai fait d\u2019elle et de Musette les deux piliers de cette Boh\u00e8me , deux femmes qui tiennent bon face \u00e0 l\u2019adversit\u00e9.\u00a0\u00bb<\/p>\n<blockquote class=\"question\"><p>Et ce, dans un contexte particulier\u2026\u00a0?<\/p><\/blockquote>\n<p>\u00ab\u00a0Oui, celui de la r\u00e9volution de 1830. On sort d\u2019une p\u00e9riode d\u2019\u00e9meutes. Les gens ont faim.\u00a0\u00bb<\/p>\n<blockquote class=\"question\"><p>Et la vie de Boh\u00e8me semble soudain beaucoup moins romantique\u00a0?<\/p><\/blockquote>\n<p>\u00ab\u00a0J\u2019en d\u00e9zingue m\u00eame le mythe. D\u2019ailleurs, la chambre de bonne o\u00f9 d\u00e9bute l\u2019intrigue, on la livre nue\u00a0: trois livres, trois bougies. Il y fait froid, il y fait faim. D\u00e9cider de vivre de son art dans ces conditions, c\u2019est un choix engag\u00e9, politique. Ils aimeraient tous \u00eatre Victor Hugo, Delacroix ou Chateaubriand. Mais tous ne le sont pas. Et ils essayent pourtant d\u2019\u00eatre dans un positionnement non marchand, pour ne pas contribuer \u00e0 ce qui deviendra l\u2019\u00e9conomie de march\u00e9 justement en gestation \u00e0 cette \u00e9poque.\u00a0\u00bb<\/p>\n<blockquote class=\"question\"><p>Un certain regard critique, peut-\u00eatre\u00a0?<\/p><\/blockquote>\n<p>\u00ab\u00a0Alors, oui, mais Puccini, ce n\u2019est pas Bourdieu non plus (rires)\u00a0! La Boh\u00e8me n\u2019est pas une radiographie sociale r\u00e9aliste des ann\u00e9es 1830.\u00a0\u00bb<\/p>\n<blockquote class=\"question\"><p>Ni un bonbon doucereux, ni une critique acide, ni un temple sacr\u00e9\u2026 alors c\u2019est quoi pour vous, cette Boh\u00e8me cr\u00e9\u00e9e \u00e0 Nancy\u00a0?<\/p><\/blockquote>\n<p>\u00ab\u00a0C\u2019est la musique de Puccini qui nous d\u00e9peint des paysages \u00e9motionnels de mani\u00e8re bouleversante. D\u2019une tr\u00e8s grande complexit\u00e9 musicale, tout en se faisant parfaitement accessible \u00e0 tous. Voil\u00e0, le secret.\u00a0\u00bb<\/p>\n<blockquote class=\"question\"><p>Accessible\u00a0? Ce n\u2019est pourtant pas toujours ce qu\u2019on dit de l\u2019op\u00e9ra\u2026<\/p><\/blockquote>\n<p>\u00ab\u00a0Et pourtant, c\u2019est vrai. L\u2019op\u00e9ra, c\u2019est vraiment la Maison des Gens. O\u00f9 pr\u00e8s de 200 personnes sont \u00e0 l\u2019\u0153uvre dans un m\u00eame objectif\u00a0: procurer une soir\u00e9e d\u2019\u00e9merveillement. Alors oui, une place \u00e0 85\u00a0\u20ac &#8211; tarif le plus \u00e9lev\u00e9 demand\u00e9 ici -, \u00e7a peut para\u00eetre cher. Et \u00e7a l\u2019est\u00a0! Mais on peut aussi assister \u00e0 une repr\u00e9sentation pour moins de 20\u00a0\u20ac. Et, par ailleurs, je voudrais souligner qu\u2019en Grande-Bretagne, o\u00f9 sera ensuite donn\u00e9e cette Boh\u00e8me , ce ne sont pas 85\u00a0\u20ac, mais trois fois plus qui seront demand\u00e9s\u00a0! Parce que l\u00e0-bas, le service public, ce n\u2019est pas tout \u00e0 fait le m\u00eame qu\u2019en France. Une r\u00e9alit\u00e9 dont il faut \u00eatre bien conscient. Et c\u2019est ce m\u00eame service public \u00e0 la fran\u00e7aise qui permet de vraies prises de risque.\u00a0\u00bb<\/p>\n<blockquote class=\"question\"><p>Par exemple\u00a0?<\/p><\/blockquote>\n<p>\u00ab\u00a0De pouvoir r\u00e9unir ces jeunes et brillants interpr\u00e8tes d\u2019une folle g\u00e9n\u00e9rosit\u00e9, d\u2019une incroyable cr\u00e9ativit\u00e9, capables d\u2019endurer la pression inou\u00efe li\u00e9e \u00e0 ces \u0153uvres c\u00e9l\u00e8bres\u00a0sur lesquelles tout le monde a un avis. Et d\u2019en proposer, quand m\u00eame, une lecture neuve\u00a0! Parce que la tradition, c\u2019est cool. Mais si ce n\u2019est pas pour \u00eatre emmen\u00e9 vers quelque chose d\u2019aujourd\u2019hui, \u00e7a ne deviendrait que poussi\u00e8re\u00a0!\u00a0\u00bb<\/p>\n<p class=\"note\">\u00c0 l\u2019Op\u00e9ra National de Nancy-Lorraine, des places encore disponibles les 19 et 23\u00a0d\u00e9cembre \u00e0 20\u00a0h.<\/p>\n","protected":false},"excerpt":{"rendered":"David, vous mettez en sc\u00e8ne l\u2019op\u00e9ra en cette fin d\u2019ann\u00e9e \u00e0 Nancy, la fameuse Boh\u00e8me de Puccini. Quel&hellip;\n","protected":false},"author":2,"featured_media":592597,"comment_status":"","ping_status":"","sticky":false,"template":"","format":"standard","meta":{"footnotes":""},"categories":[9635],"tags":[1111,11,1687,1707,1704,1706,1705,1777,674,1011,27,775,873,1702,1703,12,25,3140],"class_list":{"0":"post-592596","1":"post","2":"type-post","3":"status-publish","4":"format-standard","5":"has-post-thumbnail","7":"category-nancy","8":"tag-actu","9":"tag-actualites","10":"tag-culture-loisirs","11":"tag-edition-luneville","12":"tag-edition-nancy-et-agglomeration","13":"tag-edition-pont-a-mousson","14":"tag-edition-toul","15":"tag-eu","16":"tag-europe","17":"tag-fr","18":"tag-france","19":"tag-grand-est","20":"tag-musique","21":"tag-nancy","22":"tag-nancy-ville-54b","23":"tag-news","24":"tag-republique-francaise","25":"tag-spectacle"},"share_on_mastodon":{"url":"https:\/\/pubeurope.com\/@fr\/115700481748802078","error":""},"_links":{"self":[{"href":"https:\/\/www.europesays.com\/fr\/wp-json\/wp\/v2\/posts\/592596","targetHints":{"allow":["GET"]}}],"collection":[{"href":"https:\/\/www.europesays.com\/fr\/wp-json\/wp\/v2\/posts"}],"about":[{"href":"https:\/\/www.europesays.com\/fr\/wp-json\/wp\/v2\/types\/post"}],"author":[{"embeddable":true,"href":"https:\/\/www.europesays.com\/fr\/wp-json\/wp\/v2\/users\/2"}],"replies":[{"embeddable":true,"href":"https:\/\/www.europesays.com\/fr\/wp-json\/wp\/v2\/comments?post=592596"}],"version-history":[{"count":0,"href":"https:\/\/www.europesays.com\/fr\/wp-json\/wp\/v2\/posts\/592596\/revisions"}],"wp:featuredmedia":[{"embeddable":true,"href":"https:\/\/www.europesays.com\/fr\/wp-json\/wp\/v2\/media\/592597"}],"wp:attachment":[{"href":"https:\/\/www.europesays.com\/fr\/wp-json\/wp\/v2\/media?parent=592596"}],"wp:term":[{"taxonomy":"category","embeddable":true,"href":"https:\/\/www.europesays.com\/fr\/wp-json\/wp\/v2\/categories?post=592596"},{"taxonomy":"post_tag","embeddable":true,"href":"https:\/\/www.europesays.com\/fr\/wp-json\/wp\/v2\/tags?post=592596"}],"curies":[{"name":"wp","href":"https:\/\/api.w.org\/{rel}","templated":true}]}}