{"id":592612,"date":"2025-12-11T10:41:15","date_gmt":"2025-12-11T10:41:15","guid":{"rendered":"https:\/\/www.europesays.com\/fr\/592612\/"},"modified":"2025-12-11T10:41:15","modified_gmt":"2025-12-11T10:41:15","slug":"a-la-maniere-de-giscard-herve-gerbi-dine-avec-les-habitants","status":"publish","type":"post","link":"https:\/\/www.europesays.com\/fr\/592612\/","title":{"rendered":"\u00e0 la mani\u00e8re de Giscard, Herv\u00e9 Gerbi d\u00eene avec les habitants"},"content":{"rendered":"<p>Quand il nous en a parl\u00e9, on a tout de suite pens\u00e9 \u00e0 l\u2019op\u00e9ration de Val\u00e9ry Giscard d\u2019Estaing quand, dans les ann\u00e9es 75, il s\u2019invitait \u00e0 manger chez les Fran\u00e7ais. Sauf que l\u00e0, c\u2019est le m\u00eame concept, \u00e0 savoir partager un d\u00eener, mais c\u2019est le candidat <a href=\"https:\/\/www.ledauphine.com\/p\/herve-gerbi\" target=\"_blank\" rel=\"nofollow noopener\">Herv\u00e9 Gerbi<\/a>, de la liste \u201cNous Grenoble\u201d, qui r\u00e9gale.<\/p>\n<p>Pour <a href=\"https:\/\/www.ledauphine.com\/elections\/2025\/08\/28\/municipales-herve-gerbi-appelle-les-moderes-de-gauche-et-de-droite-a-faire-front-face-a-la-radicalite\" target=\"_blank\" rel=\"nofollow noopener\">sa campagne<\/a> en vue des \u00e9lections municipales de 2026 \u00e0 Grenoble, il a partag\u00e9 son local de campagne, rue de La Poste, et l\u2019une des pi\u00e8ces est une salle \u00e0 manger reconstitu\u00e9e. Avec sa propre table, ses chaises, une biblioth\u00e8que, des photos de lui enfant encadr\u00e9es, une tapisserie rappelant le design style seventies de Orla Kiely, et bien s\u00fbr un repas offert pour parler politique et \u00e9lections \u00e9videmment. Un d\u00eener dauphinois, tr\u00e8s simple, tr\u00e8s bonne \u00ab\u00a0franquette\u00a0\u00bb, d\u2019apr\u00e8s le candidat.<\/p>\n<p>Ces rendez-vous vont bient\u00f4t commencer, sur invitation des militants ou sur inscription sur le site <a href=\"https:\/\/www.hervegerbi.fr\/\" target=\"_blank\" rel=\"nofollow noopener\">www.hervegerbi.fr<\/a>. \u00ab\u00a0C\u2019est une fa\u00e7on de r\u00e9inviter les anciennes r\u00e9unions d\u2019appartement. On partage un repas, on se rencontre, c\u2019est ma conception de faire de la politique\u00a0\u00bb, dit-il.<\/p>\n","protected":false},"excerpt":{"rendered":"Quand il nous en a parl\u00e9, on a tout de suite pens\u00e9 \u00e0 l\u2019op\u00e9ration de Val\u00e9ry Giscard d\u2019Estaing&hellip;\n","protected":false},"author":2,"featured_media":592613,"comment_status":"","ping_status":"","sticky":false,"template":"","format":"standard","meta":{"footnotes":""},"categories":[9566],"tags":[1111,11,2430,112,4188,1777,674,1011,27,2731,2732,3540,108,12,316,25],"class_list":{"0":"post-592612","1":"post","2":"type-post","3":"status-publish","4":"format-standard","5":"has-post-thumbnail","7":"category-grenoble","8":"tag-actu","9":"tag-actualites","10":"tag-auvergne-rhone-alpes","11":"tag-edition-grenoble-agglomeration","12":"tag-elections-municipales","13":"tag-eu","14":"tag-europe","15":"tag-fr","16":"tag-france","17":"tag-grenoble","18":"tag-grenoble-bassin","19":"tag-horizons","20":"tag-isere","21":"tag-news","22":"tag-politique","23":"tag-republique-francaise"},"share_on_mastodon":{"url":"https:\/\/pubeurope.com\/@fr\/115700517109925985","error":""},"_links":{"self":[{"href":"https:\/\/www.europesays.com\/fr\/wp-json\/wp\/v2\/posts\/592612","targetHints":{"allow":["GET"]}}],"collection":[{"href":"https:\/\/www.europesays.com\/fr\/wp-json\/wp\/v2\/posts"}],"about":[{"href":"https:\/\/www.europesays.com\/fr\/wp-json\/wp\/v2\/types\/post"}],"author":[{"embeddable":true,"href":"https:\/\/www.europesays.com\/fr\/wp-json\/wp\/v2\/users\/2"}],"replies":[{"embeddable":true,"href":"https:\/\/www.europesays.com\/fr\/wp-json\/wp\/v2\/comments?post=592612"}],"version-history":[{"count":0,"href":"https:\/\/www.europesays.com\/fr\/wp-json\/wp\/v2\/posts\/592612\/revisions"}],"wp:featuredmedia":[{"embeddable":true,"href":"https:\/\/www.europesays.com\/fr\/wp-json\/wp\/v2\/media\/592613"}],"wp:attachment":[{"href":"https:\/\/www.europesays.com\/fr\/wp-json\/wp\/v2\/media?parent=592612"}],"wp:term":[{"taxonomy":"category","embeddable":true,"href":"https:\/\/www.europesays.com\/fr\/wp-json\/wp\/v2\/categories?post=592612"},{"taxonomy":"post_tag","embeddable":true,"href":"https:\/\/www.europesays.com\/fr\/wp-json\/wp\/v2\/tags?post=592612"}],"curies":[{"name":"wp","href":"https:\/\/api.w.org\/{rel}","templated":true}]}}