{"id":592614,"date":"2025-12-11T10:42:10","date_gmt":"2025-12-11T10:42:10","guid":{"rendered":"https:\/\/www.europesays.com\/fr\/592614\/"},"modified":"2025-12-11T10:42:10","modified_gmt":"2025-12-11T10:42:10","slug":"la-fontaine-les-enfants-du-drac-reprend-sa-place","status":"publish","type":"post","link":"https:\/\/www.europesays.com\/fr\/592614\/","title":{"rendered":"La fontaine Les enfants du Drac reprend sa place"},"content":{"rendered":"<p>La fontaine Les enfants du Drac avait \u00e9t\u00e9 install\u00e9e au c\u0153ur du parc Paul Mistral en 1998, suite au drame survenu le 4 d\u00e9cembre 1995. Une classe de CE1 de l\u2019externat Notre-Dame \u00e9tait en sortie scolaire le long du Drac \u00e0 Saint-Georges-de-Commiers, lorsque EDF r\u00e9alise un l\u00e2cher d\u2019eau. Six enfants et leur accompagnatrice sont d\u00e9c\u00e9d\u00e9s, surpris par la mont\u00e9e soudaine du cours d\u2019eau.<\/p>\n<p> En souvenir des victimes <\/p>\n<p>La sculpture a \u00e9t\u00e9 vandalis\u00e9e l\u2019an dernier. La fonderie Sodafom, \u00e0 son origine, a par chance conserv\u00e9 les moules qui avaient initialement servi \u00e0 couler la sculpture en bronze, pens\u00e9e par l\u2019artiste Vlasta Leopold Jargic et l\u2019architecte Victor Gresp. Sans ces moules, la sculpture de 2,10 m\u00e8tres de hauteur n\u2019aurait pu \u00eatre reproduite \u00e0 l\u2019identique. Elle \u00e9tait en effet compos\u00e9e de moulages de dessins, de mains et de pieds d\u2019enfants, r\u00e9alis\u00e9s suite au drame. Les six faces qui repr\u00e9sentent les victimes proposaient pour chacune d\u2019elles un extrait de la charte des droits de l\u2019enfant. L\u2019entreprise, touch\u00e9e par la terrible histoire de ces familles, a souhait\u00e9 offrir la main d&rsquo;\u0153uvre pour cette nouvelle r\u00e9alisation de la fontaine Les enfants du Drac. Celle-ci a \u00e9t\u00e9 accompagn\u00e9e par l&rsquo;\u00e9lu \u00e0 la m\u00e9moire et l&rsquo;adjoint aux espaces publics, nature en ville et fra\u00eecheur, de la Ville de Grenoble. Jeudi 4 d\u00e9cembre, les familles ont pu se r\u00e9unir devant la fontaine pour comm\u00e9morer les trente ans du drame et se souvenir des victimes.<\/p>\n","protected":false},"excerpt":{"rendered":"La fontaine Les enfants du Drac avait \u00e9t\u00e9 install\u00e9e au c\u0153ur du parc Paul Mistral en 1998, suite&hellip;\n","protected":false},"author":2,"featured_media":592615,"comment_status":"","ping_status":"","sticky":false,"template":"","format":"standard","meta":{"footnotes":""},"categories":[9566],"tags":[1111,11,2430,1777,674,1011,27,2731,12,25],"class_list":{"0":"post-592614","1":"post","2":"type-post","3":"status-publish","4":"format-standard","5":"has-post-thumbnail","7":"category-grenoble","8":"tag-actu","9":"tag-actualites","10":"tag-auvergne-rhone-alpes","11":"tag-eu","12":"tag-europe","13":"tag-fr","14":"tag-france","15":"tag-grenoble","16":"tag-news","17":"tag-republique-francaise"},"share_on_mastodon":{"url":"https:\/\/pubeurope.com\/@fr\/115700521074658806","error":""},"_links":{"self":[{"href":"https:\/\/www.europesays.com\/fr\/wp-json\/wp\/v2\/posts\/592614","targetHints":{"allow":["GET"]}}],"collection":[{"href":"https:\/\/www.europesays.com\/fr\/wp-json\/wp\/v2\/posts"}],"about":[{"href":"https:\/\/www.europesays.com\/fr\/wp-json\/wp\/v2\/types\/post"}],"author":[{"embeddable":true,"href":"https:\/\/www.europesays.com\/fr\/wp-json\/wp\/v2\/users\/2"}],"replies":[{"embeddable":true,"href":"https:\/\/www.europesays.com\/fr\/wp-json\/wp\/v2\/comments?post=592614"}],"version-history":[{"count":0,"href":"https:\/\/www.europesays.com\/fr\/wp-json\/wp\/v2\/posts\/592614\/revisions"}],"wp:featuredmedia":[{"embeddable":true,"href":"https:\/\/www.europesays.com\/fr\/wp-json\/wp\/v2\/media\/592615"}],"wp:attachment":[{"href":"https:\/\/www.europesays.com\/fr\/wp-json\/wp\/v2\/media?parent=592614"}],"wp:term":[{"taxonomy":"category","embeddable":true,"href":"https:\/\/www.europesays.com\/fr\/wp-json\/wp\/v2\/categories?post=592614"},{"taxonomy":"post_tag","embeddable":true,"href":"https:\/\/www.europesays.com\/fr\/wp-json\/wp\/v2\/tags?post=592614"}],"curies":[{"name":"wp","href":"https:\/\/api.w.org\/{rel}","templated":true}]}}